{"id":256343,"date":"2025-06-17T23:00:48","date_gmt":"2025-06-18T02:00:48","guid":{"rendered":"https:\/\/viewbuenosaires.com\/shopping-along-avenida-alvear\/"},"modified":"2026-04-01T18:55:25","modified_gmt":"2026-04-01T21:55:25","slug":"compras-en-avenida-alvear","status":"publish","type":"post","link":"https:\/\/viewbuenosaires.com\/es\/compras-en-avenida-alvear\/","title":{"rendered":"Compras en Avenida Alvear"},"content":{"rendered":"<p>[et_pb_section fb_built=\u00bb1&#8243; fullwidth=\u00bbon\u00bb _builder_version=\u00bb4.22.2&#8243; _module_preset=\u00bbdefault\u00bb global_colors_info=\u00bb{}\u00bb][et_pb_fullwidth_header title=\u00bbCompras en Avenida Alvear \u00bb subhead=\u00bbEXCLUSIVO REFUGIO PARA LA MODA DE ALTA GAMA Y LA ELEGANCIA\u00bb text_orientation=\u00bbcenter\u00bb header_fullscreen=\u00bbon\u00bb header_scroll_down=\u00bbon\u00bb scroll_down_icon=\u00bb%%7%%\u00bb scroll_down_icon_size=\u00bb54px\u00bb _builder_version=\u00bb4.27.4&#8243; _dynamic_attributes=\u00bbcontent\u00bb _module_preset=\u00bbdefault\u00bb title_font=\u00bb&#8211;et_global_heading_font|700|||||||\u00bb title_font_size=\u00bb80px\u00bb title_line_height=\u00bb1.3em\u00bb subhead_font=\u00bb|600|||||||\u00bb subhead_font_size=\u00bb32px\u00bb subhead_line_height=\u00bb1.3em\u00bb content_link_font=\u00bb||||||||\u00bb content_link_text_align=\u00bbcenter\u00bb content_link_text_color=\u00bb#FFFFFF\u00bb content_link_line_height=\u00bb1.3em\u00bb background_enable_color=\u00bboff\u00bb background_image=\u00bbhttps:\/\/viewbuenosaires.com\/wp-content\/uploads\/2025\/06\/alvear-avenida.jpg\u00bb title_font_size_tablet=\u00bb72px\u00bb title_font_size_phone=\u00bb42px\u00bb title_font_size_last_edited=\u00bbon|phone\u00bb subhead_font_size_tablet=\u00bb28px\u00bb subhead_font_size_phone=\u00bb24px\u00bb subhead_font_size_last_edited=\u00bbon|phone\u00bb background_last_edited=\u00bbon|phone\u00bb background_image_phone=\u00bbhttps:\/\/viewbuenosaires.com\/wp-content\/uploads\/2025\/06\/avenida-alvear.jpg\u00bb background_enable_image_phone=\u00bbon\u00bb custom_css_content=\u00bbbackground-color: #000;||padding: 8px 15px 8px 15px;||border-radius: 3px;||display: inline-block;\u00bb custom_css_subtitle=\u00bbmargin-bottom: 40px;\u00bb global_colors_info=\u00bb{}\u00bb custom_css_content__hover_enabled=\u00bbon|hover\u00bb custom_css_content__hover=\u00bbbackground-color: #5c8cb2;\u00bb]@ET-DC@eyJkeW5hbWljIjp0cnVlLCJjb250ZW50IjoicG9zdF9jYXRlZ29yaWVzIiwic2V0dGluZ3MiOnsiYmVmb3JlIjoiIiwiYWZ0ZXIiOiIiLCJsaW5rX3RvX3Rlcm1fcGFnZSI6Im9uIiwic2VwYXJhdG9yIjoiIHwgIiwiY2F0ZWdvcnlfdHlwZSI6ImNhdGVnb3J5In19@[\/et_pb_fullwidth_header][\/et_pb_section][et_pb_section fb_built=\u00bb1&#8243; admin_label=\u00bbsection\u00bb _builder_version=\u00bb4.16&#8243; _module_preset=\u00bbdefault\u00bb custom_padding=\u00bb0px||0px||false|false\u00bb global_module=\u00bb253492&#8243; saved_tabs=\u00bball\u00bb global_colors_info=\u00bb{}\u00bb][et_pb_row admin_label=\u00bbrow\u00bb _builder_version=\u00bb4.16&#8243; background_size=\u00bbinitial\u00bb background_position=\u00bbtop_left\u00bb background_repeat=\u00bbrepeat\u00bb global_colors_info=\u00bb{}\u00bb][et_pb_column type=\u00bb4_4&#8243; _builder_version=\u00bb4.16&#8243; custom_padding=\u00bb|||\u00bb global_colors_info=\u00bb{}\u00bb custom_padding__hover=\u00bb|||\u00bb][et_pb_dmb_breadcrumbs home_icon=\u00bb&#xe074;||divi||400&#8243; use_home_text=\u00bbon\u00bb _builder_version=\u00bb4.22.2&#8243; _module_preset=\u00bbdefault\u00bb body_font=\u00bb|800||on|||||\u00bb body_text_color=\u00bb#999999&#8243; body_font_size=\u00bb14px\u00bb body_letter_spacing=\u00bb1px\u00bb body_line_height=\u00bb1.7em\u00bb separator_text_color=\u00bb#bbbbbb\u00bb separator_line_height=\u00bb1.7em\u00bb link_font=\u00bb|800||on|||||\u00bb link_text_color=\u00bb#bbbbbb\u00bb link_font_size=\u00bb14px\u00bb link_letter_spacing=\u00bb1px\u00bb link_line_height=\u00bb1.7em\u00bb linkhover_font=\u00bb|800||on|||||\u00bb linkhover_text_color=\u00bb#5c8cb2&#8243; linkhover_font_size=\u00bb14px\u00bb linkhover_letter_spacing=\u00bb1px\u00bb linkhover_line_height=\u00bb1.5em\u00bb global_colors_info=\u00bb{}\u00bb][\/et_pb_dmb_breadcrumbs][\/et_pb_column][\/et_pb_row][\/et_pb_section][et_pb_section fb_built=\u00bb1&#8243; specialty=\u00bbon\u00bb custom_padding_last_edited=\u00bboff|desktop\u00bb module_class_2=\u00bbsticky\u00bb _builder_version=\u00bb4.27.2&#8243; _module_preset=\u00bbdefault\u00bb custom_padding=\u00bb0px||||false|true\u00bb custom_padding_tablet=\u00bb|0px||0px|false|true\u00bb global_colors_info=\u00bb{}\u00bb][et_pb_column type=\u00bb2_3&#8243; specialty_columns=\u00bb2&#8243; _builder_version=\u00bb4.16&#8243; custom_padding=\u00bb|||\u00bb global_colors_info=\u00bb{}\u00bb custom_padding__hover=\u00bb|||\u00bb][et_pb_row_inner _builder_version=\u00bb4.22.2&#8243; _module_preset=\u00bbdefault\u00bb global_colors_info=\u00bb{}\u00bb][et_pb_column_inner saved_specialty_column_type=\u00bb2_3&#8243; _builder_version=\u00bb4.22.2&#8243; _module_preset=\u00bbdefault\u00bb global_colors_info=\u00bb{}\u00bb][et_pb_text admin_label=\u00bbIntro\u00bb _builder_version=\u00bb4.27.4&#8243; _module_preset=\u00bbdefault\u00bb text_font=\u00bb|600|||||||\u00bb text_font_size=\u00bb24px\u00bb text_line_height=\u00bb1.3em\u00bb link_font=\u00bb|800||on|||||\u00bb link_text_color=\u00bb#EDF000&#8243; global_colors_info=\u00bb{}\u00bb]<\/p>\n<p><strong>Avenida Alvear en Buenos Aires es un verdadero para\u00edso para los entusiastas de la moda, conocido por sus opciones de compras de lujo y su prestigiosa reputaci\u00f3n como distrito de moda. La avenida alberga casas de moda de renombre y boutiques de dise\u00f1adores, ofreciendo una selecci\u00f3n curada de las \u00faltimas tendencias y colecciones de moda. Los visitantes pueden sumergirse en un mundo de alta costura y descubrir piezas \u00fanicas que epitomizan estilo y sofisticaci\u00f3n.<\/strong><\/p>\n<p>[\/et_pb_text][\/et_pb_column_inner][\/et_pb_row_inner][et_pb_row_inner column_structure=\u00bb1_2,1_2&#8243; _builder_version=\u00bb4.22.2&#8243; _module_preset=\u00bbdefault\u00bb custom_padding=\u00bb0px||||false|false\u00bb saved_tabs=\u00bball\u00bb global_colors_info=\u00bb{}\u00bb][et_pb_column_inner type=\u00bb1_2&#8243; _builder_version=\u00bb4.22.2&#8243; _module_preset=\u00bbdefault\u00bb global_colors_info=\u00bb{}\u00bb][et_pb_text admin_label=\u00bbLast updated\u00bb _builder_version=\u00bb4.27.2&#8243; _module_preset=\u00bbdefault\u00bb text_font=\u00bb|||on|||||\u00bb text_text_color=\u00bb#5c8cb2&#8243; global_colors_info=\u00bb{}\u00bb]<\/p>\n<strong>Actualizaci\u00f3n: <\/strong>abril 1, 2026\n<p>[\/et_pb_text][\/et_pb_column_inner][et_pb_column_inner type=\u00bb1_2&#8243; _builder_version=\u00bb4.22.2&#8243; _module_preset=\u00bbdefault\u00bb global_colors_info=\u00bb{}\u00bb][et_pb_text admin_label=\u00bbSocial sharing\u00bb _builder_version=\u00bb4.22.2&#8243; _module_preset=\u00bbdefault\u00bb custom_margin=\u00bb-10px||||false|false\u00bb custom_padding=\u00bb||||false|false\u00bb global_colors_info=\u00bb{}\u00bb]<div class=\"heateor_sss_sharing_container heateor_sss_horizontal_sharing\" data-heateor-ss-offset=\"0\" data-heateor-sss-href='https:\/\/viewbuenosaires.com\/es\/compras-en-avenida-alvear\/'><div class=\"heateor_sss_sharing_ul\"><a aria-label=\"Facebook\" class=\"heateor_sss_facebook\" href=\"https:\/\/www.facebook.com\/sharer\/sharer.php?u=https%3A%2F%2Fviewbuenosaires.com%2Fes%2Fcompras-en-avenida-alvear%2F\" title=\"Facebook\" rel=\"nofollow noopener\" target=\"_blank\" style=\"font-size:32px!important;box-shadow:none;display:inline-block;vertical-align:middle\"><span class=\"heateor_sss_svg\" style=\"background-color:#0765FE;width:33px;height:33px;border-radius:999px;display:inline-block;opacity:1;float:left;font-size:32px;box-shadow:none;display:inline-block;font-size:16px;padding:0 4px;vertical-align:middle;background-repeat:repeat;overflow:hidden;padding:0;cursor:pointer;box-sizing:content-box\"><svg style=\"display:block;border-radius:999px;\" focusable=\"false\" aria-hidden=\"true\" xmlns=\"http:\/\/www.w3.org\/2000\/svg\" width=\"100%\" height=\"100%\" viewBox=\"0 0 32 32\"><path fill=\"#ffffff\" d=\"M28 16c0-6.627-5.373-12-12-12S4 9.373 4 16c0 5.628 3.875 10.35 9.101 11.647v-7.98h-2.474V16H13.1v-1.58c0-4.085 1.849-5.978 5.859-5.978.76 0 2.072.15 2.608.298v3.325c-.283-.03-.775-.045-1.386-.045-1.967 0-2.728.745-2.728 2.683V16h3.92l-.673 3.667h-3.247v8.245C23.395 27.195 28 22.135 28 16Z\"><\/path><\/svg><\/span><\/a><a aria-label=\"X\" class=\"heateor_sss_button_x\" href=\"https:\/\/twitter.com\/intent\/tweet?text=Compras%20en%20Avenida%20Alvear&amp;url=https%3A%2F%2Fviewbuenosaires.com%2Fes%2Fcompras-en-avenida-alvear%2F\" title=\"X\" rel=\"nofollow noopener\" target=\"_blank\" style=\"font-size:32px!important;box-shadow:none;display:inline-block;vertical-align:middle\"><span class=\"heateor_sss_svg heateor_sss_s__default heateor_sss_s_x\" style=\"background-color:#2a2a2a;width:33px;height:33px;border-radius:999px;display:inline-block;opacity:1;float:left;font-size:32px;box-shadow:none;display:inline-block;font-size:16px;padding:0 4px;vertical-align:middle;background-repeat:repeat;overflow:hidden;padding:0;cursor:pointer;box-sizing:content-box\"><svg width=\"100%\" height=\"100%\" style=\"display:block;border-radius:999px;\" focusable=\"false\" aria-hidden=\"true\" xmlns=\"http:\/\/www.w3.org\/2000\/svg\" viewBox=\"0 0 32 32\"><path fill=\"#ffffff\" d=\"M21.751 7h3.067l-6.7 7.658L26 25.078h-6.172l-4.833-6.32-5.531 6.32h-3.07l7.167-8.19L6 7h6.328l4.37 5.777L21.75 7Zm-1.076 16.242h1.7L11.404 8.74H9.58l11.094 14.503Z\"><\/path><\/svg><\/span><\/a><a aria-label=\"Pinterest\" class=\"heateor_sss_button_pinterest\" href=\"https:\/\/viewbuenosaires.com\/es\/compras-en-avenida-alvear\/\" onclick=\"event.preventDefault();javascript:void( (function() {var e=document.createElement(&#039;script&#039; );e.setAttribute(&#039;type&#039;,&#039;text\/javascript&#039; );e.setAttribute(&#039;charset&#039;,&#039;UTF-8&#039; );e.setAttribute(&#039;src&#039;,&#039;\/\/assets.pinterest.com\/js\/pinmarklet.js?r=&#039;+Math.random()*99999999);document.body.appendChild(e)})());\" title=\"Pinterest\" rel=\"noopener\" style=\"font-size:32px!important;box-shadow:none;display:inline-block;vertical-align:middle\"><span class=\"heateor_sss_svg heateor_sss_s__default heateor_sss_s_pinterest\" style=\"background-color:#cc2329;width:33px;height:33px;border-radius:999px;display:inline-block;opacity:1;float:left;font-size:32px;box-shadow:none;display:inline-block;font-size:16px;padding:0 4px;vertical-align:middle;background-repeat:repeat;overflow:hidden;padding:0;cursor:pointer;box-sizing:content-box\"><svg style=\"display:block;border-radius:999px;\" focusable=\"false\" aria-hidden=\"true\" xmlns=\"http:\/\/www.w3.org\/2000\/svg\" width=\"100%\" height=\"100%\" viewBox=\"-2 -2 35 35\"><path fill=\"#ffffff\" d=\"M16.539 4.5c-6.277 0-9.442 4.5-9.442 8.253 0 2.272.86 4.293 2.705 5.046.303.125.574.005.662-.33.061-.231.205-.816.27-1.06.088-.331.053-.447-.191-.736-.532-.627-.873-1.439-.873-2.591 0-3.338 2.498-6.327 6.505-6.327 3.548 0 5.497 2.168 5.497 5.062 0 3.81-1.686 7.025-4.188 7.025-1.382 0-2.416-1.142-2.085-2.545.397-1.674 1.166-3.48 1.166-4.689 0-1.081-.581-1.983-1.782-1.983-1.413 0-2.548 1.462-2.548 3.419 0 1.247.421 2.091.421 2.091l-1.699 7.199c-.505 2.137-.076 4.755-.039 5.019.021.158.223.196.314.077.13-.17 1.813-2.247 2.384-4.324.162-.587.929-3.631.929-3.631.46.876 1.801 1.646 3.227 1.646 4.247 0 7.128-3.871 7.128-9.053.003-3.918-3.317-7.568-8.361-7.568z\"\/><\/svg><\/span><\/a><a aria-label=\"Whatsapp\" class=\"heateor_sss_whatsapp\" href=\"https:\/\/api.whatsapp.com\/send?text=Compras%20en%20Avenida%20Alvear%20https%3A%2F%2Fviewbuenosaires.com%2Fes%2Fcompras-en-avenida-alvear%2F\" title=\"Whatsapp\" rel=\"nofollow noopener\" target=\"_blank\" style=\"font-size:32px!important;box-shadow:none;display:inline-block;vertical-align:middle\"><span class=\"heateor_sss_svg\" style=\"background-color:#55eb4c;width:33px;height:33px;border-radius:999px;display:inline-block;opacity:1;float:left;font-size:32px;box-shadow:none;display:inline-block;font-size:16px;padding:0 4px;vertical-align:middle;background-repeat:repeat;overflow:hidden;padding:0;cursor:pointer;box-sizing:content-box\"><svg style=\"display:block;border-radius:999px;\" focusable=\"false\" aria-hidden=\"true\" xmlns=\"http:\/\/www.w3.org\/2000\/svg\" width=\"100%\" height=\"100%\" viewBox=\"-6 -5 40 40\"><path class=\"heateor_sss_svg_stroke heateor_sss_no_fill\" stroke=\"#ffffff\" stroke-width=\"2\" fill=\"none\" d=\"M 11.579798566743314 24.396926207859085 A 10 10 0 1 0 6.808479557110079 20.73576436351046\"><\/path><path d=\"M 7 19 l -1 6 l 6 -1\" class=\"heateor_sss_no_fill heateor_sss_svg_stroke\" stroke=\"#ffffff\" stroke-width=\"2\" fill=\"none\"><\/path><path d=\"M 10 10 q -1 8 8 11 c 5 -1 0 -6 -1 -3 q -4 -3 -5 -5 c 4 -2 -1 -5 -1 -4\" fill=\"#ffffff\"><\/path><\/svg><\/span><\/a><a aria-label=\"Email\" class=\"heateor_sss_email\" href=\"https:\/\/viewbuenosaires.com\/es\/compras-en-avenida-alvear\/\" onclick=\"event.preventDefault();window.open(&#039;mailto:?subject=&#039; + decodeURIComponent(&#039;Compras%20en%20Avenida%20Alvear&#039;).replace(&#039;&amp;&#039;, &#039;%26&#039;) + &#039;&amp;body=https%3A%2F%2Fviewbuenosaires.com%2Fes%2Fcompras-en-avenida-alvear%2F&#039;, &#039;_blank&#039;)\" title=\"Email\" rel=\"noopener\" style=\"font-size:32px!important;box-shadow:none;display:inline-block;vertical-align:middle\"><span class=\"heateor_sss_svg\" style=\"background-color:#649a3f;width:33px;height:33px;border-radius:999px;display:inline-block;opacity:1;float:left;font-size:32px;box-shadow:none;display:inline-block;font-size:16px;padding:0 4px;vertical-align:middle;background-repeat:repeat;overflow:hidden;padding:0;cursor:pointer;box-sizing:content-box\"><svg style=\"display:block;border-radius:999px;\" focusable=\"false\" aria-hidden=\"true\" xmlns=\"http:\/\/www.w3.org\/2000\/svg\" width=\"100%\" height=\"100%\" viewBox=\"-.75 -.5 36 36\"><path d=\"M 5.5 11 h 23 v 1 l -11 6 l -11 -6 v -1 m 0 2 l 11 6 l 11 -6 v 11 h -22 v -11\" stroke-width=\"1\" fill=\"#ffffff\"><\/path><\/svg><\/span><\/a><\/div><div class=\"heateorSssClear\"><\/div><\/div>[\/et_pb_text][\/et_pb_column_inner][\/et_pb_row_inner][et_pb_row_inner _builder_version=\u00bb4.22.2&#8243; _module_preset=\u00bbdefault\u00bb custom_padding=\u00bb0px||||false|false\u00bb global_colors_info=\u00bb{}\u00bb][et_pb_column_inner saved_specialty_column_type=\u00bb2_3&#8243; _builder_version=\u00bb4.22.2&#8243; _module_preset=\u00bbdefault\u00bb global_colors_info=\u00bb{}\u00bb][pac_divi_table_of_contents title=\u00bb\u00cdndice de contenidos\u00bb default_state=\u00bbclosed\u00bb opened_icon=\u00bb&#xe043;||divi||400&#8243; closed_icon=\u00bb&#xe044;||divi||400&#8243; exclude_headings_by_class=\u00bbon\u00bb included_headings=\u00bboff|on|off|off|off|off\u00bb active_link_highlight=\u00bbon\u00bb level_markers_2=\u00bbnone\u00bb title_container_bg_color=\u00bb#f3f3f3&#8243; open_icon_color=\u00bb#333333&#8243; open_icon_size=\u00bb24px\u00bb close_icon_color=\u00bb#333333&#8243; close_icon_size=\u00bb24px\u00bb body_area_scroll_color=\u00bb#333333&#8243; body_area_padding=\u00bb15px|23px|15px|0px|false|false\u00bb body_area_bg_color=\u00bb#f3f3f3&#8243; body_area_text_link_color=\u00bb#333333&#8243; body_area_text_link_underline=\u00bb#5c8cb2&#8243; body_area_text_link_padding=\u00bb0px|0px|20px|0px|false|false\u00bb body_area_text_link_color_active=\u00bb#dddddd\u00bb body_area_text_link_underline_active=\u00bb#dddddd\u00bb body_area_text_link_padding_active=\u00bb0px|0px|20px|0px|false|false\u00bb disabled_on=\u00bboff|off|on\u00bb admin_label=\u00bbTable of Contents &#8211; Desktop (Spanish)\u00bb _builder_version=\u00bb4.27.6&#8243; _module_preset=\u00bbdefault\u00bb title_font_font=\u00bb|600|||||||\u00bb title_text_color=\u00bb#333333&#8243; title_font_size=\u00bb20px\u00bb title_line_height=\u00bb1.3em\u00bb heading_all_font_size=\u00bb20px\u00bb heading_all_active_font=\u00bb|700|||||||\u00bb heading_all_active_font_size=\u00bb18px\u00bb heading_all_active_line_height=\u00bb1.3em\u00bb marker_all_font_size=\u00bb18px\u00bb custom_padding=\u00bb|||\u00bb border_radii_title_container=\u00bbon||||\u00bb border_color_all_body_area_heading_text_active=\u00bb#dddddd\u00bb global_module=\u00bb253476&#8243; saved_tabs=\u00bball\u00bb global_colors_info=\u00bb{}\u00bb body_area_text_link_color__hover_enabled=\u00bbon|desktop\u00bb body_area_text_link_color__hover=\u00bb#5c8cb2&#8243; locked=\u00bboff\u00bb][\/pac_divi_table_of_contents][et_pb_text admin_label=\u00bbGeneral text\u00bb module_class=\u00bbcontent pac-dtocm-exclude\u00bb _builder_version=\u00bb4.27.4&#8243; _module_preset=\u00bbdefault\u00bb header_2_font_size=\u00bb34px\u00bb header_2_font_size_tablet=\u00bb30px\u00bb header_2_font_size_phone=\u00bb26px\u00bb header_2_font_size_last_edited=\u00bbon|phone\u00bb global_colors_info=\u00bb{}\u00bb]<\/p>\n<p><span style=\"font-weight: 400;\">Desde boutiques exclusivas hasta tiendas insignia, Avenida Alvear exhibe lo mejor de las compras de lujo en Buenos Aires. Los entusiastas de la moda pueden explorar una amplia gama de marcas de dise\u00f1adores, incluyendo nombres internacionales y talentos locales. Ya sea que busques alta costura, colecciones pr\u00eat-\u00e0-porter o accesorios exquisitos, la avenida ofrece una experiencia de compra diversa y exclusiva.<\/span><\/p>\n<p><span style=\"font-weight: 400;\">Esta avenida lleva el nombre del general Carlos Mar\u00eda de Alvear, una figura clave en la lucha por la independencia, quien desempe\u00f1\u00f3 un papel importante en las heroicas batallas lideradas por el general San Mart\u00edn. Mientras paseas, encontrar\u00e1s elegantes residencias y peque\u00f1os palacios que han resistido la prueba del desarrollo urbano, brindando un vistazo al encanto hist\u00f3rico de la ciudad. Los representantes m\u00e1s exclusivos de la alta costura ocupan esta calle, con nombres como Herm\u00e8s y Montblanc, junto a joyer\u00edas, zapater\u00edas y boutiques de cuero.<\/span><\/p>\n<h2><strong>El atractivo de la Avenida Alvear<\/strong><\/h2>\n<hr \/>\n<p><span style=\"font-weight: 400;\">A lo largo de los a\u00f1os, Avenida Alvear ha presentado marcas prestigiosas como Louis Vuitton y Cartier, contribuyendo a su aire de superioridad. Su esquina favorita siempre ha sido la intersecci\u00f3n con la calle Ayacucho, donde hoy se encuentra la estrella de la avenida: la ic\u00f3nica marca francesa Herm\u00e8s. En Buenos Aires, tener presencia en Avenida Alvear se asemeja a un lugar en la Quinta Avenida o los Campos El\u00edseos, mostrando la elegancia del estilo de vida porte\u00f1o.<\/span><\/p>\n<p><span style=\"font-weight: 400;\">Avenida Alvear ha sido sin\u00f3nimo de sofisticaci\u00f3n y buen gusto durante d\u00e9cadas, manteniendo su estatus en medio de un renacimiento cultural. Hoy, est\u00e1 recuperando gradualmente prestigio con nuevos establecimientos que ofrecen joyer\u00eda, moda y fragancias artesanales. Varias marcas internacionales est\u00e1n eligiendo esta calle para sus proyectos, mientras que otras est\u00e1n haciendo su debut, realzando a\u00fan m\u00e1s su atractivo. El distrito se extiende m\u00e1s all\u00e1 de Avenida Alvear, limitado por Avenida del Libertador, la calle Presidente Quintana, Cerrito y Avenida Pueyrred\u00f3n, posicionando a Buenos Aires junto a capitales de la moda global como el Quadrilatero della Moda de Mil\u00e1n y el Miami Design District.<\/span><\/p>\n<h2><strong>Perfumer\u00edas exclusivas\u00a0<\/strong><\/h2>\n<hr \/>\n<p><span style=\"font-weight: 400;\">Entre los puntos destacados de Avenida Alvear se encuentran sus perfumer\u00edas exclusivas, que reflejan el glamuroso resurgimiento del \u00e1rea.\u00a0 <\/span><\/p>\n<p>[\/et_pb_text][et_pb_icon font_icon=\u00bb&#x22;||divi||400&#8243; icon_color=\u00bb#5c8cb2&#8243; icon_width=\u00bb48px\u00bb admin_label=\u00bbArrow\u00bb _builder_version=\u00bb4.27.2&#8243; _module_preset=\u00bbdefault\u00bb global_colors_info=\u00bb{}\u00bb][\/et_pb_icon][\/et_pb_column_inner][\/et_pb_row_inner][et_pb_row_inner _builder_version=\u00bb4.22.2&#8243; _module_preset=\u00bbdefault\u00bb custom_margin=\u00bb20px||||false|false\u00bb global_colors_info=\u00bb{}\u00bb][et_pb_column_inner saved_specialty_column_type=\u00bb2_3&#8243; _builder_version=\u00bb4.22.2&#8243; _module_preset=\u00bbdefault\u00bb global_colors_info=\u00bb{}\u00bb][et_pb_dp_dmb_module_a582e994 guide_item_icon=\u00bbhttps:\/\/viewbuenosaires.com\/wp-content\/uploads\/2024\/10\/icon-shopping-category.svg\u00bb guide_item_name=\u00bbCreed Boutique\u00bb admin_label=\u00bbCreed Boutique\u00bb _builder_version=\u00bb4.27.4&#8243; _module_preset=\u00bbdefault\u00bb guide_item_name_font=\u00bb|700|||||||\u00bb guide_item_name_font_size=\u00bb36px\u00bb guide_item_name_line_height=\u00bb1em\u00bb text_orientation=\u00bbcenter\u00bb guide_item_name_font_size_tablet=\u00bb32px\u00bb guide_item_name_font_size_phone=\u00bb28px\u00bb guide_item_name_font_size_last_edited=\u00bbon|phone\u00bb global_colors_info=\u00bb{}\u00bb][\/et_pb_dp_dmb_module_a582e994][et_pb_text admin_label=\u00bbText\u00bb module_class=\u00bbcontent\u00bb _builder_version=\u00bb4.27.4&#8243; _module_preset=\u00bbdefault\u00bb global_colors_info=\u00bb{}\u00bb]<\/p>\n<p><span style=\"font-weight: 400;\">Creed es conocida por crear perfumes excepcionales a partir de ingredientes exquisitos. La boutique ofrece una selecci\u00f3n curada de fragancias ic\u00f3nicas, cada una con una rica historia y un car\u00e1cter \u00fanico. Los visitantes pueden disfrutar de consultas personalizadas con expertos en fragancias, lo que les permite descubrir la fragancia perfecta que resuena con su estilo.\u00a0<\/span><\/p>\n<p><span style=\"font-weight: 400;\">El ambiente elegante mejora la experiencia de compra, invitando a los clientes a sumergirse en un mundo de lujo y artesan\u00eda. Ya sea que busques un cl\u00e1sico atemporal o una fragancia contempor\u00e1nea, <\/span><a href=\"https:\/\/www.instagram.com\/creedfragrance\/?hl=es#\" rel=\"nofollow noopener\" target=\"_blank\"><span style=\"font-weight: 400;\">Creed Boutique<\/span><\/a><span style=\"font-weight: 400;\"> ofrece una oportunidad \u00fanica para explorar perfumes excepcionales en una atm\u00f3sfera sofisticada.<\/span><\/p>\n<p>[\/et_pb_text][\/et_pb_column_inner][\/et_pb_row_inner][et_pb_row_inner column_structure=\u00bb1_2,1_2&#8243; _builder_version=\u00bb4.22.2&#8243; _module_preset=\u00bbdefault\u00bb custom_margin=\u00bb-30px||||false|false\u00bb global_colors_info=\u00bb{}\u00bb][et_pb_column_inner type=\u00bb1_2&#8243; saved_specialty_column_type=\u00bb2_3&#8243; _builder_version=\u00bb4.22.2&#8243; _module_preset=\u00bbdefault\u00bb global_colors_info=\u00bb{}\u00bb][et_pb_blurb use_icon=\u00bbon\u00bb font_icon=\u00bb&#xe081;||divi||400&#8243; icon_color=\u00bb#5c8cb2&#8243; icon_placement=\u00bbleft\u00bb image_icon_width=\u00bb28px\u00bb content_max_width=\u00bb100%\u00bb admin_label=\u00bbStreet Address\u00bb _builder_version=\u00bb4.27.4&#8243; _module_preset=\u00bbdefault\u00bb width_last_edited=\u00bboff|desktop\u00bb animation=\u00bboff\u00bb global_colors_info=\u00bb{}\u00bb custom_css_main_element_last_edited=\u00bboff|phone\u00bb width__hover_enabled=\u00bboff|desktop\u00bb]<\/p>\n<p><span style=\"font-weight: 400;\">Av. Alvear 1923\u00a0 <\/span><\/p>\n<p>[\/et_pb_blurb][\/et_pb_column_inner][et_pb_column_inner type=\u00bb1_2&#8243; saved_specialty_column_type=\u00bb2_3&#8243; _builder_version=\u00bb4.22.2&#8243; _module_preset=\u00bbdefault\u00bb global_colors_info=\u00bb{}\u00bb][et_pb_blurb use_icon=\u00bbon\u00bb font_icon=\u00bb&#xe074;||divi||400&#8243; icon_color=\u00bb#5c8cb2&#8243; icon_placement=\u00bbleft\u00bb image_icon_width=\u00bb28px\u00bb content_max_width=\u00bb100%\u00bb admin_label=\u00bbWebsite\u00bb _builder_version=\u00bb4.27.4&#8243; _module_preset=\u00bbdefault\u00bb body_link_text_color=\u00bb#333333&#8243; width_last_edited=\u00bboff|desktop\u00bb custom_margin_last_edited=\u00bboff|desktop\u00bb custom_padding_tablet=\u00bb||||false|false\u00bb custom_padding_last_edited=\u00bboff|desktop\u00bb animation=\u00bboff\u00bb global_colors_info=\u00bb{}\u00bb custom_css_main_element_last_edited=\u00bboff|phone\u00bb]<\/p>\n<p><span style=\"font-weight: 400;\">@<\/span><a href=\"https:\/\/www.instagram.com\/creedfragrance\/?hl=es#\" rel=\"nofollow noopener\" target=\"_blank\"><span style=\"font-weight: 400;\">creedfragrance<\/span><\/a><\/p>\n<p>[\/et_pb_blurb][\/et_pb_column_inner][\/et_pb_row_inner][et_pb_row_inner _builder_version=\u00bb4.22.2&#8243; _module_preset=\u00bbdefault\u00bb custom_margin=\u00bb20px||||false|false\u00bb global_colors_info=\u00bb{}\u00bb][et_pb_column_inner saved_specialty_column_type=\u00bb2_3&#8243; _builder_version=\u00bb4.22.2&#8243; _module_preset=\u00bbdefault\u00bb global_colors_info=\u00bb{}\u00bb][et_pb_dp_dmb_module_a582e994 guide_item_icon=\u00bbhttps:\/\/viewbuenosaires.com\/wp-content\/uploads\/2024\/10\/icon-shopping-category.svg\u00bb guide_item_name=\u00bb\u00c9dition priv\u00e9e \u00bb admin_label=\u00bb\u00c9dition priv\u00e9e \u00bb _builder_version=\u00bb4.27.4&#8243; _module_preset=\u00bbdefault\u00bb guide_item_name_font=\u00bb|700|||||||\u00bb guide_item_name_font_size=\u00bb36px\u00bb guide_item_name_line_height=\u00bb1em\u00bb text_orientation=\u00bbcenter\u00bb guide_item_name_font_size_tablet=\u00bb32px\u00bb guide_item_name_font_size_phone=\u00bb28px\u00bb guide_item_name_font_size_last_edited=\u00bbon|phone\u00bb global_colors_info=\u00bb{}\u00bb][\/et_pb_dp_dmb_module_a582e994][et_pb_text admin_label=\u00bbText\u00bb module_class=\u00bbcontent\u00bb _builder_version=\u00bb4.27.4&#8243; _module_preset=\u00bbdefault\u00bb global_colors_info=\u00bb{}\u00bb]<\/p>\n<p><span style=\"font-weight: 400;\">Esta exclusiva boutique ofrece una experiencia de fragancia a medida que no tiene comparaci\u00f3n. Con un enfoque en fragancias artesanales y de nicho, \u00c9dition Priv\u00e9e muestra una selecci\u00f3n que satisface los gustos m\u00e1s exigentes.\u00a0<\/span><\/p>\n<p><span style=\"font-weight: 400;\">El ambiente lujoso de la boutique se complementa con la experiencia de su personal, que gu\u00eda a los clientes a trav\u00e9s del proceso de selecci\u00f3n de fragancias. Adem\u00e1s de la compra tradicional, \u00c9dition Priv\u00e9e ofrece citas virtuales y servicios de entrega de conserjer\u00eda, facilitando m\u00e1s que nunca adquirir tus fragancias favoritas. Ya sea que busques un regalo \u00fanico o un gusto personal, <\/span><a href=\"http:\/\/editionprivee.com\" rel=\"nofollow noopener\" target=\"_blank\"><span style=\"font-weight: 400;\">\u00c9dition Priv\u00e9e<\/span><\/a><span style=\"font-weight: 400;\"> promete una experiencia de compra memorable y personalizada.<\/span><\/p>\n<p>[\/et_pb_text][\/et_pb_column_inner][\/et_pb_row_inner][et_pb_row_inner column_structure=\u00bb1_2,1_2&#8243; _builder_version=\u00bb4.22.2&#8243; _module_preset=\u00bbdefault\u00bb custom_margin=\u00bb-30px||||false|false\u00bb locked=\u00bboff\u00bb global_colors_info=\u00bb{}\u00bb][et_pb_column_inner type=\u00bb1_2&#8243; saved_specialty_column_type=\u00bb2_3&#8243; _builder_version=\u00bb4.22.2&#8243; _module_preset=\u00bbdefault\u00bb global_colors_info=\u00bb{}\u00bb][et_pb_blurb use_icon=\u00bbon\u00bb font_icon=\u00bb&#xe081;||divi||400&#8243; icon_color=\u00bb#5c8cb2&#8243; icon_placement=\u00bbleft\u00bb image_icon_width=\u00bb28px\u00bb content_max_width=\u00bb100%\u00bb admin_label=\u00bbStreet Address\u00bb _builder_version=\u00bb4.27.4&#8243; _module_preset=\u00bbdefault\u00bb width_last_edited=\u00bboff|desktop\u00bb animation=\u00bboff\u00bb global_colors_info=\u00bb{}\u00bb custom_css_main_element_last_edited=\u00bboff|phone\u00bb width__hover_enabled=\u00bboff|desktop\u00bb]<\/p>\n<p><span style=\"font-weight: 400;\">Avenida Alvear 1780\u00a0 <\/span><\/p>\n<p>[\/et_pb_blurb][\/et_pb_column_inner][et_pb_column_inner type=\u00bb1_2&#8243; saved_specialty_column_type=\u00bb2_3&#8243; _builder_version=\u00bb4.22.2&#8243; _module_preset=\u00bbdefault\u00bb global_colors_info=\u00bb{}\u00bb][et_pb_blurb use_icon=\u00bbon\u00bb font_icon=\u00bb&#xe074;||divi||400&#8243; icon_color=\u00bb#5c8cb2&#8243; icon_placement=\u00bbleft\u00bb image_icon_width=\u00bb28px\u00bb content_max_width=\u00bb100%\u00bb admin_label=\u00bbWebsite\u00bb _builder_version=\u00bb4.27.4&#8243; _module_preset=\u00bbdefault\u00bb body_link_text_color=\u00bb#333333&#8243; width_last_edited=\u00bboff|desktop\u00bb custom_margin_last_edited=\u00bboff|desktop\u00bb custom_padding_tablet=\u00bb||||false|false\u00bb custom_padding_last_edited=\u00bboff|desktop\u00bb animation=\u00bboff\u00bb global_colors_info=\u00bb{}\u00bb custom_css_main_element_last_edited=\u00bboff|phone\u00bb]<\/p>\n<p><a href=\"http:\/\/editionprivee.com\" rel=\"nofollow noopener\" target=\"_blank\"><span style=\"font-weight: 400;\">editionprivee.com\u00a0 <\/span><\/a><\/p>\n<p>[\/et_pb_blurb][\/et_pb_column_inner][\/et_pb_row_inner][et_pb_row_inner _builder_version=\u00bb4.22.2&#8243; _module_preset=\u00bbdefault\u00bb custom_margin=\u00bb20px||||false|false\u00bb global_colors_info=\u00bb{}\u00bb][et_pb_column_inner saved_specialty_column_type=\u00bb2_3&#8243; _builder_version=\u00bb4.22.2&#8243; _module_preset=\u00bbdefault\u00bb global_colors_info=\u00bb{}\u00bb][et_pb_text admin_label=\u00bbGeneral text\u00bb module_class=\u00bbcontent pac-dtocm-exclude\u00bb _builder_version=\u00bb4.27.4&#8243; _module_preset=\u00bbdefault\u00bb header_2_font_size=\u00bb34px\u00bb header_2_font_size_tablet=\u00bb30px\u00bb header_2_font_size_phone=\u00bb26px\u00bb header_2_font_size_last_edited=\u00bbon|phone\u00bb locked=\u00bboff\u00bb global_colors_info=\u00bb{}\u00bb]<\/p>\n<h2><strong>Otras tiendas de lujo<\/strong><\/h2>\n<hr \/>\n<p>&nbsp;<\/p>\n<p>[\/et_pb_text][et_pb_icon font_icon=\u00bb&#x22;||divi||400&#8243; icon_color=\u00bb#5c8cb2&#8243; icon_width=\u00bb48px\u00bb admin_label=\u00bbArrow\u00bb _builder_version=\u00bb4.27.2&#8243; _module_preset=\u00bbdefault\u00bb global_colors_info=\u00bb{}\u00bb][\/et_pb_icon][et_pb_dp_dmb_module_a582e994 guide_item_icon=\u00bbhttps:\/\/viewbuenosaires.com\/wp-content\/uploads\/2024\/10\/icon-shopping-category.svg\u00bb guide_item_name=\u00bbMontblanc  \u00bb admin_label=\u00bbMontblanc  \u00bb _builder_version=\u00bb4.27.4&#8243; _module_preset=\u00bbdefault\u00bb guide_item_name_font=\u00bb|700|||||||\u00bb guide_item_name_font_size=\u00bb36px\u00bb guide_item_name_line_height=\u00bb1em\u00bb text_orientation=\u00bbcenter\u00bb guide_item_name_font_size_tablet=\u00bb32px\u00bb guide_item_name_font_size_phone=\u00bb28px\u00bb guide_item_name_font_size_last_edited=\u00bbon|phone\u00bb locked=\u00bboff\u00bb global_colors_info=\u00bb{}\u00bb][\/et_pb_dp_dmb_module_a582e994][et_pb_text admin_label=\u00bbText\u00bb module_class=\u00bbcontent\u00bb _builder_version=\u00bb4.27.4&#8243; _module_preset=\u00bbdefault\u00bb global_colors_info=\u00bb{}\u00bb]<\/p>\n<p><span style=\"font-weight: 400;\">Fundada en 1906, Montblanc es sin\u00f3nimo de instrumentos de escritura finos y art\u00edculos de cuero, conocida por su compromiso con la calidad y la artesan\u00eda. La marca ofrece una gama de productos, desde ic\u00f3nicas plumas estilogr\u00e1ficas hasta elegantes cuadernos y sofisticados accesorios de cuero. Cada art\u00edculo refleja la dedicaci\u00f3n a la artesan\u00eda, asegurando que cada pieza sea no solo est\u00e9ticamente agradable, sino tambi\u00e9n un compa\u00f1ero confiable para toda la vida.\u00a0<\/span><\/p>\n<p><span style=\"font-weight: 400;\">La boutique de Montblanc proporciona un ambiente de compra lujoso donde los clientes pueden explorar las \u00faltimas colecciones y descubrir regalos personalizados para ocasiones especiales. Si eres un entusiasta de la escritura o simplemente buscas elegancia en tu vida diaria, <\/span><a href=\"http:\/\/montblanc.com\" rel=\"nofollow noopener\" target=\"_blank\"><span style=\"font-weight: 400;\">Montblanc<\/span><\/a><span style=\"font-weight: 400;\"> ofrece una experiencia inigualable en lujo.<\/span><\/p>\n<p>[\/et_pb_text][\/et_pb_column_inner][\/et_pb_row_inner][et_pb_row_inner column_structure=\u00bb1_2,1_2&#8243; _builder_version=\u00bb4.22.2&#8243; _module_preset=\u00bbdefault\u00bb custom_margin=\u00bb-30px||||false|false\u00bb locked=\u00bboff\u00bb global_colors_info=\u00bb{}\u00bb][et_pb_column_inner type=\u00bb1_2&#8243; saved_specialty_column_type=\u00bb2_3&#8243; _builder_version=\u00bb4.22.2&#8243; _module_preset=\u00bbdefault\u00bb global_colors_info=\u00bb{}\u00bb][et_pb_blurb use_icon=\u00bbon\u00bb font_icon=\u00bb&#xe081;||divi||400&#8243; icon_color=\u00bb#5c8cb2&#8243; icon_placement=\u00bbleft\u00bb image_icon_width=\u00bb28px\u00bb content_max_width=\u00bb100%\u00bb admin_label=\u00bbStreet Address\u00bb _builder_version=\u00bb4.27.4&#8243; _module_preset=\u00bbdefault\u00bb width_last_edited=\u00bboff|desktop\u00bb animation=\u00bboff\u00bb global_colors_info=\u00bb{}\u00bb custom_css_main_element_last_edited=\u00bboff|phone\u00bb width__hover_enabled=\u00bboff|desktop\u00bb]<\/p>\n<p><span style=\"font-weight: 400;\">Av. Alvear 1920<\/span><\/p>\n<p>[\/et_pb_blurb][\/et_pb_column_inner][et_pb_column_inner type=\u00bb1_2&#8243; saved_specialty_column_type=\u00bb2_3&#8243; _builder_version=\u00bb4.22.2&#8243; _module_preset=\u00bbdefault\u00bb global_colors_info=\u00bb{}\u00bb][et_pb_blurb use_icon=\u00bbon\u00bb font_icon=\u00bb&#xe074;||divi||400&#8243; icon_color=\u00bb#5c8cb2&#8243; icon_placement=\u00bbleft\u00bb image_icon_width=\u00bb28px\u00bb content_max_width=\u00bb100%\u00bb admin_label=\u00bbWebsite\u00bb _builder_version=\u00bb4.27.4&#8243; _module_preset=\u00bbdefault\u00bb body_link_text_color=\u00bb#333333&#8243; width_last_edited=\u00bboff|desktop\u00bb custom_margin_last_edited=\u00bboff|desktop\u00bb custom_padding_tablet=\u00bb||||false|false\u00bb custom_padding_last_edited=\u00bboff|desktop\u00bb animation=\u00bboff\u00bb global_colors_info=\u00bb{}\u00bb custom_css_main_element_last_edited=\u00bboff|phone\u00bb]<\/p>\n<p><a href=\"http:\/\/montblanc.com\" rel=\"nofollow noopener\" target=\"_blank\"><span style=\"font-weight: 400;\">montblanc.com\u00a0 <\/span><\/a><\/p>\n<p>[\/et_pb_blurb][\/et_pb_column_inner][\/et_pb_row_inner][et_pb_row_inner _builder_version=\u00bb4.22.2&#8243; _module_preset=\u00bbdefault\u00bb custom_margin=\u00bb20px||||false|false\u00bb global_colors_info=\u00bb{}\u00bb][et_pb_column_inner saved_specialty_column_type=\u00bb2_3&#8243; _builder_version=\u00bb4.22.2&#8243; _module_preset=\u00bbdefault\u00bb global_colors_info=\u00bb{}\u00bb][et_pb_dp_dmb_module_a582e994 guide_item_icon=\u00bbhttps:\/\/viewbuenosaires.com\/wp-content\/uploads\/2024\/10\/icon-shopping-category.svg\u00bb guide_item_name=\u00bbHerm\u00e8s \u00bb admin_label=\u00bbHerm\u00e8s \u00bb _builder_version=\u00bb4.27.4&#8243; _module_preset=\u00bbdefault\u00bb guide_item_name_font=\u00bb|700|||||||\u00bb guide_item_name_font_size=\u00bb36px\u00bb guide_item_name_line_height=\u00bb1em\u00bb text_orientation=\u00bbcenter\u00bb guide_item_name_font_size_tablet=\u00bb32px\u00bb guide_item_name_font_size_phone=\u00bb28px\u00bb guide_item_name_font_size_last_edited=\u00bbon|phone\u00bb locked=\u00bboff\u00bb global_colors_info=\u00bb{}\u00bb][\/et_pb_dp_dmb_module_a582e994][et_pb_text admin_label=\u00bbText\u00bb module_class=\u00bbcontent\u00bb _builder_version=\u00bb4.27.4&#8243; _module_preset=\u00bbdefault\u00bb global_colors_info=\u00bb{}\u00bb]<\/p>\n<p><span style=\"font-weight: 400;\">Sin\u00f3nimo de lujo y sofisticaci\u00f3n, Herm\u00e8s ofrece una experiencia de compra inigualable. Conocida por su exquisita artesan\u00eda y dise\u00f1os atemporales, Herm\u00e8s presenta una amplia gama de productos, que incluyen ropa ready-to-wear, bolsos y accesorios.<\/span><\/p>\n<p><span style=\"font-weight: 400;\">Las ic\u00f3nicas bufandas de seda y art\u00edculos de cuero de la marca reflejan un compromiso con la calidad y el detalle, convirti\u00e9ndose en un elemento b\u00e1sico de la alta costura.\u00a0<\/span><\/p>\n<p><span style=\"font-weight: 400;\">El elegante dise\u00f1o de la boutique invita a los clientes a explorar las \u00faltimas colecciones en una atm\u00f3sfera chic. <\/span><a href=\"http:\/\/hermes.com\" rel=\"nofollow noopener\" target=\"_blank\"><span style=\"font-weight: 400;\">Herm\u00e8s<\/span><\/a><span style=\"font-weight: 400;\"> tambi\u00e9n ofrece servicios personalizados, permitiendo a los clientes crear art\u00edculos a medida adaptados a sus gustos espec\u00edficos. Para aquellos que buscan una pieza llamativa o un accesorio cl\u00e1sico, Herm\u00e8s brinda una experiencia de compra que es tanto lujosa como memorable.<\/span><\/p>\n<p>[\/et_pb_text][\/et_pb_column_inner][\/et_pb_row_inner][et_pb_row_inner column_structure=\u00bb1_2,1_2&#8243; _builder_version=\u00bb4.22.2&#8243; _module_preset=\u00bbdefault\u00bb custom_margin=\u00bb-30px||||false|false\u00bb locked=\u00bboff\u00bb global_colors_info=\u00bb{}\u00bb][et_pb_column_inner type=\u00bb1_2&#8243; saved_specialty_column_type=\u00bb2_3&#8243; _builder_version=\u00bb4.22.2&#8243; _module_preset=\u00bbdefault\u00bb global_colors_info=\u00bb{}\u00bb][et_pb_blurb use_icon=\u00bbon\u00bb font_icon=\u00bb&#xe081;||divi||400&#8243; icon_color=\u00bb#5c8cb2&#8243; icon_placement=\u00bbleft\u00bb image_icon_width=\u00bb28px\u00bb content_max_width=\u00bb100%\u00bb admin_label=\u00bbStreet Address\u00bb _builder_version=\u00bb4.27.4&#8243; _module_preset=\u00bbdefault\u00bb width_last_edited=\u00bboff|desktop\u00bb animation=\u00bboff\u00bb global_colors_info=\u00bb{}\u00bb custom_css_main_element_last_edited=\u00bboff|phone\u00bb width__hover_enabled=\u00bboff|desktop\u00bb]<\/p>\n<p><span style=\"font-weight: 400;\">Av. Alvear 1901\u00a0 <\/span><\/p>\n<p>[\/et_pb_blurb][\/et_pb_column_inner][et_pb_column_inner type=\u00bb1_2&#8243; saved_specialty_column_type=\u00bb2_3&#8243; _builder_version=\u00bb4.22.2&#8243; _module_preset=\u00bbdefault\u00bb global_colors_info=\u00bb{}\u00bb][et_pb_blurb use_icon=\u00bbon\u00bb font_icon=\u00bb&#xe074;||divi||400&#8243; icon_color=\u00bb#5c8cb2&#8243; icon_placement=\u00bbleft\u00bb image_icon_width=\u00bb28px\u00bb content_max_width=\u00bb100%\u00bb admin_label=\u00bbWebsite\u00bb _builder_version=\u00bb4.27.4&#8243; _module_preset=\u00bbdefault\u00bb body_link_text_color=\u00bb#333333&#8243; width_last_edited=\u00bboff|desktop\u00bb custom_margin_last_edited=\u00bboff|desktop\u00bb custom_padding_tablet=\u00bb||||false|false\u00bb custom_padding_last_edited=\u00bboff|desktop\u00bb animation=\u00bboff\u00bb global_colors_info=\u00bb{}\u00bb custom_css_main_element_last_edited=\u00bboff|phone\u00bb]<\/p>\n<p><a href=\"http:\/\/hermes.com\" rel=\"nofollow noopener\" target=\"_blank\"><span style=\"font-weight: 400;\">hermes.com\u00a0 <\/span><\/a><\/p>\n<p>[\/et_pb_blurb][\/et_pb_column_inner][\/et_pb_row_inner][et_pb_row_inner _builder_version=\u00bb4.22.2&#8243; _module_preset=\u00bbdefault\u00bb custom_margin=\u00bb20px||||false|false\u00bb global_colors_info=\u00bb{}\u00bb][et_pb_column_inner saved_specialty_column_type=\u00bb2_3&#8243; _builder_version=\u00bb4.22.2&#8243; _module_preset=\u00bbdefault\u00bb global_colors_info=\u00bb{}\u00bb][et_pb_dp_dmb_module_a582e994 guide_item_icon=\u00bbhttps:\/\/viewbuenosaires.com\/wp-content\/uploads\/2024\/10\/icon-shopping-category.svg\u00bb guide_item_name=\u00bbLongines \u00bb admin_label=\u00bbLongines \u00bb _builder_version=\u00bb4.27.4&#8243; _module_preset=\u00bbdefault\u00bb guide_item_name_font=\u00bb|700|||||||\u00bb guide_item_name_font_size=\u00bb36px\u00bb guide_item_name_line_height=\u00bb1em\u00bb text_orientation=\u00bbcenter\u00bb guide_item_name_font_size_tablet=\u00bb32px\u00bb guide_item_name_font_size_phone=\u00bb28px\u00bb guide_item_name_font_size_last_edited=\u00bbon|phone\u00bb locked=\u00bboff\u00bb global_colors_info=\u00bb{}\u00bb][\/et_pb_dp_dmb_module_a582e994][et_pb_text admin_label=\u00bbText\u00bb module_class=\u00bbcontent\u00bb _builder_version=\u00bb4.27.4&#8243; _module_preset=\u00bbdefault\u00bb global_colors_info=\u00bb{}\u00bb]<\/p>\n<p><span style=\"font-weight: 400;\">Un fabricante suizo de relojes de lujo conocido por su elegancia y rendimiento, Longines fue fundado en 1832 y es celebrado por su compromiso con la artesan\u00eda y la innovaci\u00f3n. La marca produce relojes que combinan dise\u00f1o cl\u00e1sico con tecnolog\u00eda de vanguardia. El ic\u00f3nico logo del reloj alado es un testimonio de su legado como la marca registrada m\u00e1s antigua e inalterada en la industria.\u00a0<\/span><\/p>\n<p><span style=\"font-weight: 400;\">Longines ofrece una amplia gama de relojes, desde piezas elegantes para ocasiones formales hasta cron\u00f3grafos deportivos, atendiendo a diversos gustos y ocasiones. La boutique proporciona un ambiente acogedor para que los entusiastas de los relojes exploren las \u00faltimas colecciones y descubran la pieza de tiempo perfecta que complemente su estilo.\u00a0<\/span><\/p>\n<p><span style=\"font-weight: 400;\">Con un enfoque en el rendimiento y la est\u00e9tica, <\/span><a href=\"http:\/\/innovatempo.com.ar\" rel=\"nofollow noopener\" target=\"_blank\"><span style=\"font-weight: 400;\">Longines<\/span><\/a><span style=\"font-weight: 400;\"> sigue siendo un l\u00edder en el mercado de relojes de lujo.<\/span><\/p>\n<p>[\/et_pb_text][\/et_pb_column_inner][\/et_pb_row_inner][et_pb_row_inner column_structure=\u00bb1_2,1_2&#8243; _builder_version=\u00bb4.22.2&#8243; _module_preset=\u00bbdefault\u00bb custom_margin=\u00bb-30px||||false|false\u00bb locked=\u00bboff\u00bb global_colors_info=\u00bb{}\u00bb][et_pb_column_inner type=\u00bb1_2&#8243; saved_specialty_column_type=\u00bb2_3&#8243; _builder_version=\u00bb4.22.2&#8243; _module_preset=\u00bbdefault\u00bb global_colors_info=\u00bb{}\u00bb][et_pb_blurb use_icon=\u00bbon\u00bb font_icon=\u00bb&#xe081;||divi||400&#8243; icon_color=\u00bb#5c8cb2&#8243; icon_placement=\u00bbleft\u00bb image_icon_width=\u00bb28px\u00bb content_max_width=\u00bb100%\u00bb admin_label=\u00bbStreet Address\u00bb _builder_version=\u00bb4.27.4&#8243; _module_preset=\u00bbdefault\u00bb width_last_edited=\u00bboff|desktop\u00bb animation=\u00bboff\u00bb global_colors_info=\u00bb{}\u00bb custom_css_main_element_last_edited=\u00bboff|phone\u00bb width__hover_enabled=\u00bboff|desktop\u00bb]<\/p>\n<p><span style=\"font-weight: 400;\">Av. Alvear 1849\u00a0 <\/span><\/p>\n<p>[\/et_pb_blurb][\/et_pb_column_inner][et_pb_column_inner type=\u00bb1_2&#8243; saved_specialty_column_type=\u00bb2_3&#8243; _builder_version=\u00bb4.22.2&#8243; _module_preset=\u00bbdefault\u00bb global_colors_info=\u00bb{}\u00bb][et_pb_blurb use_icon=\u00bbon\u00bb font_icon=\u00bb&#xe074;||divi||400&#8243; icon_color=\u00bb#5c8cb2&#8243; icon_placement=\u00bbleft\u00bb image_icon_width=\u00bb28px\u00bb content_max_width=\u00bb100%\u00bb admin_label=\u00bbWebsite\u00bb _builder_version=\u00bb4.27.4&#8243; _module_preset=\u00bbdefault\u00bb body_link_text_color=\u00bb#333333&#8243; width_last_edited=\u00bboff|desktop\u00bb custom_margin_last_edited=\u00bboff|desktop\u00bb custom_padding_tablet=\u00bb||||false|false\u00bb custom_padding_last_edited=\u00bboff|desktop\u00bb animation=\u00bboff\u00bb global_colors_info=\u00bb{}\u00bb custom_css_main_element_last_edited=\u00bboff|phone\u00bb]<\/p>\n<p><a href=\"http:\/\/innovatempo.com.ar\" rel=\"nofollow noopener\" target=\"_blank\"><span style=\"font-weight: 400;\">innovatempo.com.ar<\/span><\/a><\/p>\n<p>[\/et_pb_blurb][\/et_pb_column_inner][\/et_pb_row_inner][et_pb_row_inner _builder_version=\u00bb4.27.4&#8243; _module_preset=\u00bbdefault\u00bb background_color=\u00bb#eeeeee\u00bb custom_margin=\u00bb20px||||false|false\u00bb custom_padding=\u00bb15px|15px|15px|15px|true|true\u00bb border_width_left=\u00bb8px\u00bb border_color_left=\u00bb#5c8cb2&#8243; global_colors_info=\u00bb{}\u00bb][et_pb_column_inner saved_specialty_column_type=\u00bb2_3&#8243; _builder_version=\u00bb4.27.4&#8243; _module_preset=\u00bbdefault\u00bb global_colors_info=\u00bb{}\u00bb][et_pb_text admin_label=\u00bbGu\u00edas contacto\u00bb _builder_version=\u00bb4.27.4&#8243; _module_preset=\u00bbdefault\u00bb text_font=\u00bb|700|||||||\u00bb text_line_height=\u00bb1.3em\u00bb link_font=\u00bb|700|||||||\u00bb link_text_color=\u00bb#5c8cb2&#8243; link_line_height=\u00bb1.3em\u00bb global_colors_info=\u00bb{}\u00bb]<\/p>\n<p>\u00bfFalta alg\u00fan lugar en Avenida Alvear en la gu\u00eda? <a href=\"https:\/\/viewbuenosaires.com\/es\/guias-contacto\/\" rel=\"nofollow\">\u00a1Haz clic aqu\u00ed!<\/a><\/p>\n<p>[\/et_pb_text][\/et_pb_column_inner][\/et_pb_row_inner][et_pb_row_inner _builder_version=\u00bb4.22.2&#8243; _module_preset=\u00bbdefault\u00bb custom_margin=\u00bb20px||||false|false\u00bb global_colors_info=\u00bb{}\u00bb][et_pb_column_inner saved_specialty_column_type=\u00bb2_3&#8243; _builder_version=\u00bb4.22.2&#8243; _module_preset=\u00bbdefault\u00bb global_colors_info=\u00bb{}\u00bb][et_pb_text admin_label=\u00bbGeneral text\u00bb module_class=\u00bbcontent pac-dtocm-exclude\u00bb _builder_version=\u00bb4.27.4&#8243; _module_preset=\u00bbdefault\u00bb header_2_font_size=\u00bb34px\u00bb header_2_font_size_tablet=\u00bb30px\u00bb header_2_font_size_phone=\u00bb26px\u00bb header_2_font_size_last_edited=\u00bbon|phone\u00bb locked=\u00bboff\u00bb global_colors_info=\u00bb{}\u00bb]<\/p>\n<h2><strong>Avenida Alvear: el destino para compras de lujo Buenos Aires<\/strong><\/h2>\n<hr \/>\n<p><span style=\"font-weight: 400;\">A medida que Avenida Alvear atraviesa un renacimiento, sigue siendo un destino premier para las compras de lujo en Buenos Aires, atrayendo tanto a compradores locales como internacionales ansiosos por disfrutar de lo mejor que la ciudad tiene para ofrecer. Con nuevas marcas como Dolce &amp; Gabbana, Gucci y Tiffany listas para llegar, el futuro de la avenida se ve prometedor, asegurando experiencias a\u00fan m\u00e1s lujosas para los compradores exigentes en busca de las mejores tiendas que Avenida Alvear tiene para ofrecer. \u00a1Mantente atento a las actualizaciones sobre las \u00faltimas noticias de compras de lujo en nuestro sitio!\u00a0\u00a0<\/span><\/p>\n<p><strong>Un Atractivo Cultural M\u00e1s All\u00e1 de la Moda<\/strong><\/p>\n<p><span style=\"font-weight: 400;\">El encanto de Avenida Alvear se extiende m\u00e1s all\u00e1 de la moda y los productos de lujo. La avenida tambi\u00e9n es un centro cultural, donde galer\u00edas de arte y espacios de exhibici\u00f3n a\u00f1aden a la atm\u00f3sfera vibrante. Los visitantes pueden descubrir piezas de arte contempor\u00e1neo y obras cl\u00e1sicas exhibidas en galer\u00edas locales, mejorando su experiencia de compra con un toque de cultura.\u00a0<\/span><\/p>\n<p><strong>Cafeter\u00edas y Restaurantes Gourmet\u00a0<\/strong><\/p>\n<p><span style=\"font-weight: 400;\">Adem\u00e1s de la moda y el arte, la avenida est\u00e1 bordeada de encantadores caf\u00e9s y restaurantes gourmet, lo que la convierte en un lugar perfecto para una tarde de ocio. Despu\u00e9s de un d\u00eda de compras, los clientes pueden relajarse en un caf\u00e9 chic, disfrutando de una deliciosa comida o un exquisito pastel acompa\u00f1ado de un buen vino o caf\u00e9. Esta combinaci\u00f3n de compras, cultura y gastronom\u00eda crea un entorno \u00fanico y agradable para todos los que visitan.<\/span><\/p>\n<p><strong>Belleza Arquitect\u00f3nica: Un Paseo a trav\u00e9s de la Historia<\/strong><\/p>\n<p><span style=\"font-weight: 400;\">La importancia hist\u00f3rica de Avenida Alvear es evidente en la arquitectura que adorna la calle. Muchos de los edificios est\u00e1n bellamente conservados, mostrando estilos que van desde lo cl\u00e1sico hasta lo contempor\u00e1neo. La combinaci\u00f3n de fachadas elegantes y dise\u00f1os modernos crea una experiencia visual impresionante, haciendo que un paseo por la avenida sea un fest\u00edn para los ojos tambi\u00e9n.\u00a0\u00a0<\/span><\/p>\n<p><span style=\"font-weight: 400;\">Mientras paseas por Avenida Alvear, t\u00f3mate el tiempo para apreciar los detalles intrincados de los edificios y la artesan\u00eda que define esta prestigiosa \u00e1rea. La calle no solo representa compras de lujo, sino que tambi\u00e9n encarna la rica historia y cultura de Buenos Aires, convirti\u00e9ndose en una parte vital de la identidad de la ciudad.\u00a0\u00a0<\/span><\/p>\n<p><strong>Buenos Aires como Capital de la Moda<\/strong><\/p>\n<p><span style=\"font-weight: 400;\">Avenida Alvear sirve como un testimonio de la evoluci\u00f3n de Buenos Aires como una capital de moda. La mezcla de elegancia tradicional con tendencias contempor\u00e1neas ejemplifica la naturaleza din\u00e1mica de la ciudad. A medida que nuevos dise\u00f1adores y marcas internacionales contin\u00faan estableci\u00e9ndose en esta ic\u00f3nica avenida, el futuro de Avenida Alvear se ve brillante, prometiendo un paisaje en constante evoluci\u00f3n para los entusiastas de la moda por explorar.\u00a0\u00a0<\/span><\/p>\n<p>[\/et_pb_text][\/et_pb_column_inner][\/et_pb_row_inner][et_pb_row_inner disabled_on=\u00bboff|off|off\u00bb _builder_version=\u00bb4.27.2&#8243; _module_preset=\u00bbdefault\u00bb custom_margin=\u00bb30px||||false|false\u00bb border_width_top=\u00bb2px\u00bb border_color_top=\u00bb#dddddd\u00bb global_colors_info=\u00bb{}\u00bb][et_pb_column_inner saved_specialty_column_type=\u00bb2_3&#8243; _builder_version=\u00bb4.22.2&#8243; _module_preset=\u00bbdefault\u00bb global_colors_info=\u00bb{}\u00bb][et_pb_text admin_label=\u00bbEnding\u00bb module_class=\u00bbpac-dtocm-exclude\u00bb _builder_version=\u00bb4.27.4&#8243; _module_preset=\u00bbdefault\u00bb header_2_font_size_tablet=\u00bb30px\u00bb header_2_font_size_phone=\u00bb26px\u00bb header_2_font_size_last_edited=\u00bbon|phone\u00bb global_colors_info=\u00bb{}\u00bb]<\/p>\n<h2><strong>Una experiencia que capta la esencia de la elegancia<\/strong><\/h2>\n<hr \/>\n<p><span style=\"font-weight: 400;\">Ya seas un residente local o un visitante del extranjero, un viaje a Avenida Alvear seguramente ser\u00e1 inolvidable. Con su selecci\u00f3n inigualable de minoristas de lujo, perfumer\u00edas exclusivas y ofertas culturales, esta avenida se erige como un faro de sofisticaci\u00f3n. Al disfrutar de lo mejor que Buenos Aires tiene para ofrecer, descubrir\u00e1s que Avenida Alvear no es solo un destino de compras; es una experiencia que captura la esencia de la elegancia y el encanto de la ciudad.\u00a0\u00a0<\/span><\/p>\n<p><span style=\"font-weight: 400;\">Avenida Alvear es una visita obligada para cualquiera que busque experimentar la c\u00faspide de las compras de lujo en Buenos Aires. La rica historia de la avenida, combinada con su atractivo moderno, crea una atm\u00f3sfera que es tanto acogedora como inspiradora. Ya est\u00e9s buscando moda de alta gama, fragancias exquisitas o simplemente un momento de ocio, Avenida Alvear tiene algo que ofrecer a todos. Prep\u00e1rate para ser encantado por la belleza y elegancia de esta ic\u00f3nica calle, donde cada visita es una oportunidad para descubrir algo nuevo y extraordinario.<\/span><\/p>\n<p>[\/et_pb_text][\/et_pb_column_inner][\/et_pb_row_inner][\/et_pb_column][et_pb_column type=\u00bb1_3&#8243; _builder_version=\u00bb4.16&#8243; custom_padding=\u00bb|||\u00bb global_colors_info=\u00bb{}\u00bb custom_padding__hover=\u00bb|||\u00bb][pac_divi_table_of_contents title=\u00bb\u00cdndice de contenidos\u00bb default_state=\u00bbclosed\u00bb opened_icon=\u00bb&#xe043;||divi||400&#8243; closed_icon=\u00bb&#xe044;||divi||400&#8243; exclude_headings_by_class=\u00bbon\u00bb included_headings=\u00bboff|on|off|off|off|off\u00bb active_link_highlight=\u00bbon\u00bb level_markers_2=\u00bbnone\u00bb title_container_bg_color=\u00bb#f3f3f3&#8243; open_icon_color=\u00bb#333333&#8243; open_icon_size=\u00bb24px\u00bb close_icon_color=\u00bb#333333&#8243; close_icon_size=\u00bb24px\u00bb body_area_scroll_color=\u00bb#333333&#8243; body_area_padding=\u00bb15px|23px|15px|0px|false|false\u00bb body_area_bg_color=\u00bb#f3f3f3&#8243; body_area_text_link_color=\u00bb#333333&#8243; body_area_text_link_underline=\u00bb#5c8cb2&#8243; body_area_text_link_padding=\u00bb0px|0px|20px|0px|false|false\u00bb body_area_text_link_color_active=\u00bb#dddddd\u00bb body_area_text_link_underline_active=\u00bb#dddddd\u00bb body_area_text_link_padding_active=\u00bb0px|0px|20px||false|false\u00bb disabled_on=\u00bbon|on|off\u00bb admin_label=\u00bbTable of Contents &#8211; Mobile (Spanish)\u00bb _builder_version=\u00bb4.27.6&#8243; _module_preset=\u00bbdefault\u00bb title_font_font=\u00bb|600|||||||\u00bb title_text_color=\u00bb#333333&#8243; title_font_size=\u00bb20px\u00bb title_line_height=\u00bb1.3em\u00bb heading_all_font_size=\u00bb20px\u00bb heading_all_active_font=\u00bb|700|||||||\u00bb heading_all_active_font_size=\u00bb18px\u00bb heading_all_active_line_height=\u00bb1.3em\u00bb marker_all_font_size=\u00bb18px\u00bb custom_padding=\u00bb|||\u00bb border_radii_title_container=\u00bbon||||\u00bb border_color_all_body_area_heading_text_active=\u00bb#dddddd\u00bb global_module=\u00bb253475&#8243; saved_tabs=\u00bball\u00bb global_colors_info=\u00bb{}\u00bb body_area_text_link_color__hover_enabled=\u00bbon|desktop\u00bb body_area_text_link_color__hover=\u00bb#5c8cb2&#8243; locked=\u00bboff\u00bb][\/pac_divi_table_of_contents][et_pb_text admin_label=\u00bbMap &#8211; Headline\u00bb _builder_version=\u00bb4.27.4&#8243; _module_preset=\u00bbdefault\u00bb text_font=\u00bb||||||||\u00bb text_line_height=\u00bb1.4em\u00bb text_orientation=\u00bbcenter\u00bb custom_padding=\u00bb||||false|false\u00bb global_colors_info=\u00bb{}\u00bb]<\/p>\n<p>Encontr\u00e1 donde hacer <span style=\"font-weight: 400;\">compras en Avenida Alvear en el mapa.<\/span><\/p>\n<p>[\/et_pb_text][et_pb_code admin_label=\u00bbMap\u00bb module_class=\u00bbmap-mobile\u00bb _builder_version=\u00bb4.27.4&#8243; _module_preset=\u00bbdefault\u00bb custom_margin=\u00bb-20px||||false|false\u00bb global_colors_info=\u00bb{}\u00bb]<iframe loading=\"lazy\" src=\"https:\/\/www.google.com\/maps\/d\/u\/0\/embed?mid=1tOMHfKw9qf21OQaWcgW5nA9eYGDOv5k&#038;ehbc=2E312F&#038;noprof=1\" width=\"100%\" height=\"500\"><\/iframe>[\/et_pb_code][\/et_pb_column][\/et_pb_section][et_pb_section fb_built=\u00bb1&#8243; admin_label=\u00bbsection\u00bb _builder_version=\u00bb4.16&#8243; _module_preset=\u00bbdefault\u00bb background_color=\u00bb#f3f3f3&#8243; custom_margin=\u00bb||-82px||false|false\u00bb global_module=\u00bb253461&#8243; saved_tabs=\u00bball\u00bb global_colors_info=\u00bb{}\u00bb locked=\u00bboff\u00bb][et_pb_row _builder_version=\u00bb4.27.2&#8243; _module_preset=\u00bbdefault\u00bb custom_padding=\u00bb0px||0px||false|false\u00bb locked=\u00bboff\u00bb global_colors_info=\u00bb{}\u00bb][et_pb_column type=\u00bb4_4&#8243; _builder_version=\u00bb4.27.2&#8243; _module_preset=\u00bbdefault\u00bb global_colors_info=\u00bb{}\u00bb][et_pb_text admin_label=\u00bbShare\u00bb _builder_version=\u00bb4.27.6&#8243; _module_preset=\u00bbdefault\u00bb header_2_font_size=\u00bb30px\u00bb header_5_font=\u00bb|700|||||||\u00bb header_5_font_size=\u00bb30px\u00bb header_5_line_height=\u00bb1.3em\u00bb header_2_font_size_tablet=\u00bb28px\u00bb header_2_font_size_phone=\u00bb24px\u00bb header_2_font_size_last_edited=\u00bbon|desktop\u00bb header_5_font_size_tablet=\u00bb28px\u00bb header_5_font_size_phone=\u00bb24px\u00bb header_5_font_size_last_edited=\u00bbon|desktop\u00bb global_colors_info=\u00bb{}\u00bb]<\/p>\n<h2>\u00bfTe gust\u00f3 la gu\u00eda? \u00a1Compartila!<\/h2>\n<div class=\"heateor_sss_sharing_container heateor_sss_horizontal_sharing\" data-heateor-ss-offset=\"0\" data-heateor-sss-href='https:\/\/viewbuenosaires.com\/es\/compras-en-avenida-alvear\/'><div class=\"heateor_sss_sharing_ul\"><a aria-label=\"Facebook\" class=\"heateor_sss_facebook\" href=\"https:\/\/www.facebook.com\/sharer\/sharer.php?u=https%3A%2F%2Fviewbuenosaires.com%2Fes%2Fcompras-en-avenida-alvear%2F\" title=\"Facebook\" rel=\"nofollow noopener\" target=\"_blank\" style=\"font-size:32px!important;box-shadow:none;display:inline-block;vertical-align:middle\"><span class=\"heateor_sss_svg\" style=\"background-color:#0765FE;width:33px;height:33px;border-radius:999px;display:inline-block;opacity:1;float:left;font-size:32px;box-shadow:none;display:inline-block;font-size:16px;padding:0 4px;vertical-align:middle;background-repeat:repeat;overflow:hidden;padding:0;cursor:pointer;box-sizing:content-box\"><svg style=\"display:block;border-radius:999px;\" focusable=\"false\" aria-hidden=\"true\" xmlns=\"http:\/\/www.w3.org\/2000\/svg\" width=\"100%\" height=\"100%\" viewBox=\"0 0 32 32\"><path fill=\"#ffffff\" d=\"M28 16c0-6.627-5.373-12-12-12S4 9.373 4 16c0 5.628 3.875 10.35 9.101 11.647v-7.98h-2.474V16H13.1v-1.58c0-4.085 1.849-5.978 5.859-5.978.76 0 2.072.15 2.608.298v3.325c-.283-.03-.775-.045-1.386-.045-1.967 0-2.728.745-2.728 2.683V16h3.92l-.673 3.667h-3.247v8.245C23.395 27.195 28 22.135 28 16Z\"><\/path><\/svg><\/span><\/a><a aria-label=\"X\" class=\"heateor_sss_button_x\" href=\"https:\/\/twitter.com\/intent\/tweet?text=Compras%20en%20Avenida%20Alvear&amp;url=https%3A%2F%2Fviewbuenosaires.com%2Fes%2Fcompras-en-avenida-alvear%2F\" title=\"X\" rel=\"nofollow noopener\" target=\"_blank\" style=\"font-size:32px!important;box-shadow:none;display:inline-block;vertical-align:middle\"><span class=\"heateor_sss_svg heateor_sss_s__default heateor_sss_s_x\" style=\"background-color:#2a2a2a;width:33px;height:33px;border-radius:999px;display:inline-block;opacity:1;float:left;font-size:32px;box-shadow:none;display:inline-block;font-size:16px;padding:0 4px;vertical-align:middle;background-repeat:repeat;overflow:hidden;padding:0;cursor:pointer;box-sizing:content-box\"><svg width=\"100%\" height=\"100%\" style=\"display:block;border-radius:999px;\" focusable=\"false\" aria-hidden=\"true\" xmlns=\"http:\/\/www.w3.org\/2000\/svg\" viewBox=\"0 0 32 32\"><path fill=\"#ffffff\" d=\"M21.751 7h3.067l-6.7 7.658L26 25.078h-6.172l-4.833-6.32-5.531 6.32h-3.07l7.167-8.19L6 7h6.328l4.37 5.777L21.75 7Zm-1.076 16.242h1.7L11.404 8.74H9.58l11.094 14.503Z\"><\/path><\/svg><\/span><\/a><a aria-label=\"Pinterest\" class=\"heateor_sss_button_pinterest\" href=\"https:\/\/viewbuenosaires.com\/es\/compras-en-avenida-alvear\/\" onclick=\"event.preventDefault();javascript:void( (function() {var e=document.createElement(&#039;script&#039; );e.setAttribute(&#039;type&#039;,&#039;text\/javascript&#039; );e.setAttribute(&#039;charset&#039;,&#039;UTF-8&#039; );e.setAttribute(&#039;src&#039;,&#039;\/\/assets.pinterest.com\/js\/pinmarklet.js?r=&#039;+Math.random()*99999999);document.body.appendChild(e)})());\" title=\"Pinterest\" rel=\"noopener\" style=\"font-size:32px!important;box-shadow:none;display:inline-block;vertical-align:middle\"><span class=\"heateor_sss_svg heateor_sss_s__default heateor_sss_s_pinterest\" style=\"background-color:#cc2329;width:33px;height:33px;border-radius:999px;display:inline-block;opacity:1;float:left;font-size:32px;box-shadow:none;display:inline-block;font-size:16px;padding:0 4px;vertical-align:middle;background-repeat:repeat;overflow:hidden;padding:0;cursor:pointer;box-sizing:content-box\"><svg style=\"display:block;border-radius:999px;\" focusable=\"false\" aria-hidden=\"true\" xmlns=\"http:\/\/www.w3.org\/2000\/svg\" width=\"100%\" height=\"100%\" viewBox=\"-2 -2 35 35\"><path fill=\"#ffffff\" d=\"M16.539 4.5c-6.277 0-9.442 4.5-9.442 8.253 0 2.272.86 4.293 2.705 5.046.303.125.574.005.662-.33.061-.231.205-.816.27-1.06.088-.331.053-.447-.191-.736-.532-.627-.873-1.439-.873-2.591 0-3.338 2.498-6.327 6.505-6.327 3.548 0 5.497 2.168 5.497 5.062 0 3.81-1.686 7.025-4.188 7.025-1.382 0-2.416-1.142-2.085-2.545.397-1.674 1.166-3.48 1.166-4.689 0-1.081-.581-1.983-1.782-1.983-1.413 0-2.548 1.462-2.548 3.419 0 1.247.421 2.091.421 2.091l-1.699 7.199c-.505 2.137-.076 4.755-.039 5.019.021.158.223.196.314.077.13-.17 1.813-2.247 2.384-4.324.162-.587.929-3.631.929-3.631.46.876 1.801 1.646 3.227 1.646 4.247 0 7.128-3.871 7.128-9.053.003-3.918-3.317-7.568-8.361-7.568z\"\/><\/svg><\/span><\/a><a aria-label=\"Whatsapp\" class=\"heateor_sss_whatsapp\" href=\"https:\/\/api.whatsapp.com\/send?text=Compras%20en%20Avenida%20Alvear%20https%3A%2F%2Fviewbuenosaires.com%2Fes%2Fcompras-en-avenida-alvear%2F\" title=\"Whatsapp\" rel=\"nofollow noopener\" target=\"_blank\" style=\"font-size:32px!important;box-shadow:none;display:inline-block;vertical-align:middle\"><span class=\"heateor_sss_svg\" style=\"background-color:#55eb4c;width:33px;height:33px;border-radius:999px;display:inline-block;opacity:1;float:left;font-size:32px;box-shadow:none;display:inline-block;font-size:16px;padding:0 4px;vertical-align:middle;background-repeat:repeat;overflow:hidden;padding:0;cursor:pointer;box-sizing:content-box\"><svg style=\"display:block;border-radius:999px;\" focusable=\"false\" aria-hidden=\"true\" xmlns=\"http:\/\/www.w3.org\/2000\/svg\" width=\"100%\" height=\"100%\" viewBox=\"-6 -5 40 40\"><path class=\"heateor_sss_svg_stroke heateor_sss_no_fill\" stroke=\"#ffffff\" stroke-width=\"2\" fill=\"none\" d=\"M 11.579798566743314 24.396926207859085 A 10 10 0 1 0 6.808479557110079 20.73576436351046\"><\/path><path d=\"M 7 19 l -1 6 l 6 -1\" class=\"heateor_sss_no_fill heateor_sss_svg_stroke\" stroke=\"#ffffff\" stroke-width=\"2\" fill=\"none\"><\/path><path d=\"M 10 10 q -1 8 8 11 c 5 -1 0 -6 -1 -3 q -4 -3 -5 -5 c 4 -2 -1 -5 -1 -4\" fill=\"#ffffff\"><\/path><\/svg><\/span><\/a><a aria-label=\"Email\" class=\"heateor_sss_email\" href=\"https:\/\/viewbuenosaires.com\/es\/compras-en-avenida-alvear\/\" onclick=\"event.preventDefault();window.open(&#039;mailto:?subject=&#039; + decodeURIComponent(&#039;Compras%20en%20Avenida%20Alvear&#039;).replace(&#039;&amp;&#039;, &#039;%26&#039;) + &#039;&amp;body=https%3A%2F%2Fviewbuenosaires.com%2Fes%2Fcompras-en-avenida-alvear%2F&#039;, &#039;_blank&#039;)\" title=\"Email\" rel=\"noopener\" style=\"font-size:32px!important;box-shadow:none;display:inline-block;vertical-align:middle\"><span class=\"heateor_sss_svg\" style=\"background-color:#649a3f;width:33px;height:33px;border-radius:999px;display:inline-block;opacity:1;float:left;font-size:32px;box-shadow:none;display:inline-block;font-size:16px;padding:0 4px;vertical-align:middle;background-repeat:repeat;overflow:hidden;padding:0;cursor:pointer;box-sizing:content-box\"><svg style=\"display:block;border-radius:999px;\" focusable=\"false\" aria-hidden=\"true\" xmlns=\"http:\/\/www.w3.org\/2000\/svg\" width=\"100%\" height=\"100%\" viewBox=\"-.75 -.5 36 36\"><path d=\"M 5.5 11 h 23 v 1 l -11 6 l -11 -6 v -1 m 0 2 l 11 6 l 11 -6 v 11 h -22 v -11\" stroke-width=\"1\" fill=\"#ffffff\"><\/path><\/svg><\/span><\/a><\/div><div class=\"heateorSssClear\"><\/div><\/div>\n<p>[\/et_pb_text][et_pb_text admin_label=\u00bbRelated guides &#8211; title\u00bb _builder_version=\u00bb4.27.6&#8243; _module_preset=\u00bbdefault\u00bb header_3_font=\u00bb|700|||||||\u00bb header_3_font_size=\u00bb30px\u00bb header_3_line_height=\u00bb1.3em\u00bb header_5_font=\u00bb|700|||||||\u00bb header_5_font_size=\u00bb30px\u00bb header_5_line_height=\u00bb1.3em\u00bb header_3_font_size_tablet=\u00bb28px\u00bb header_3_font_size_phone=\u00bb24px\u00bb header_3_font_size_last_edited=\u00bbon|phone\u00bb header_5_font_size_tablet=\u00bb28px\u00bb header_5_font_size_phone=\u00bb24px\u00bb header_5_font_size_last_edited=\u00bbon|phone\u00bb global_colors_info=\u00bb{}\u00bb]<\/p>\n<h3>Puede que tambi\u00e9n te interesen estas otras gu\u00edas<\/h3>\n<p>[\/et_pb_text][et_pb_blog fullwidth=\u00bboff\u00bb posts_number=\u00bb4&#8243; include_categories=\u00bbcurrent\u00bb show_author=\u00bboff\u00bb show_date=\u00bboff\u00bb show_categories=\u00bboff\u00bb show_excerpt=\u00bboff\u00bb show_pagination=\u00bboff\u00bb admin_label=\u00bbRelated guides feed\u00bb module_class=\u00bbdt-4-columns-blog pac-dtocm-exclude\u00bb _builder_version=\u00bb4.27.6&#8243; _module_preset=\u00bbdefault\u00bb header_level=\u00bbh4&#8243; header_font=\u00bb|600|||||||\u00bb header_font_size=\u00bb20px\u00bb header_line_height=\u00bb1.3em\u00bb text_orientation=\u00bbcenter\u00bb custom_margin=\u00bb-20px||||false|false\u00bb custom_css_title=\u00bbmargin-top: -10px;||margin-bottom: -10px;\u00bb border_radii=\u00bbon|10px|10px|10px|10px\u00bb border_width_all=\u00bb0px\u00bb global_colors_info=\u00bb{}\u00bb][\/et_pb_blog][\/et_pb_column][\/et_pb_row][\/et_pb_section]<\/p>\n","protected":false},"excerpt":{"rendered":"<p>Avenida Alvear en Buenos Aires es un verdadero para\u00edso para los entusiastas de la moda, conocido por sus opciones de compras de lujo y su prestigiosa reputaci\u00f3n como distrito de moda. La avenida alberga casas de moda de renombre y boutiques de dise\u00f1adores, ofreciendo una selecci\u00f3n curada de las \u00faltimas tendencias y colecciones de moda. [&hellip;]<\/p>\n","protected":false},"author":2,"featured_media":256338,"comment_status":"open","ping_status":"open","sticky":false,"template":"","format":"standard","meta":{"_et_pb_use_builder":"on","_et_pb_old_content":"","_et_gb_content_width":"","_lmt_disableupdate":"no","_lmt_disable":"","footnotes":""},"categories":[49],"tags":[],"class_list":["post-256343","post","type-post","status-publish","format-standard","has-post-thumbnail","hentry","category-compras"],"modified_by":"David","_links":{"self":[{"href":"https:\/\/viewbuenosaires.com\/es\/wp-json\/wp\/v2\/posts\/256343","targetHints":{"allow":["GET"]}}],"collection":[{"href":"https:\/\/viewbuenosaires.com\/es\/wp-json\/wp\/v2\/posts"}],"about":[{"href":"https:\/\/viewbuenosaires.com\/es\/wp-json\/wp\/v2\/types\/post"}],"author":[{"embeddable":true,"href":"https:\/\/viewbuenosaires.com\/es\/wp-json\/wp\/v2\/users\/2"}],"replies":[{"embeddable":true,"href":"https:\/\/viewbuenosaires.com\/es\/wp-json\/wp\/v2\/comments?post=256343"}],"version-history":[{"count":2,"href":"https:\/\/viewbuenosaires.com\/es\/wp-json\/wp\/v2\/posts\/256343\/revisions"}],"predecessor-version":[{"id":260094,"href":"https:\/\/viewbuenosaires.com\/es\/wp-json\/wp\/v2\/posts\/256343\/revisions\/260094"}],"wp:featuredmedia":[{"embeddable":true,"href":"https:\/\/viewbuenosaires.com\/es\/wp-json\/wp\/v2\/media\/256338"}],"wp:attachment":[{"href":"https:\/\/viewbuenosaires.com\/es\/wp-json\/wp\/v2\/media?parent=256343"}],"wp:term":[{"taxonomy":"category","embeddable":true,"href":"https:\/\/viewbuenosaires.com\/es\/wp-json\/wp\/v2\/categories?post=256343"},{"taxonomy":"post_tag","embeddable":true,"href":"https:\/\/viewbuenosaires.com\/es\/wp-json\/wp\/v2\/tags?post=256343"}],"curies":[{"name":"wp","href":"https:\/\/api.w.org\/{rel}","templated":true}]}}