{"id":255135,"date":"2025-03-05T12:26:03","date_gmt":"2025-03-05T15:26:03","guid":{"rendered":"https:\/\/viewbuenosaires.com\/mataderos-fair\/"},"modified":"2025-09-18T06:15:20","modified_gmt":"2025-09-18T09:15:20","slug":"feria-de-mataderos","status":"publish","type":"post","link":"https:\/\/viewbuenosaires.com\/es\/feria-de-mataderos\/","title":{"rendered":"Feria de Mataderos: cultura y tradici\u00f3n argentina en un solo lugar"},"content":{"rendered":"<p>[et_pb_section fb_built=\u00bb1&#8243; fullwidth=\u00bbon\u00bb _builder_version=\u00bb4.22.2&#8243; _module_preset=\u00bbdefault\u00bb global_colors_info=\u00bb{}\u00bb][et_pb_fullwidth_header title=\u00bbFeria de Mataderos\u00bb subhead=\u00bb LA GU\u00cdA PARA ADENTRARSE EN LAS COSTUMBRES ARGENTINAS\u00bb text_orientation=\u00bbcenter\u00bb header_fullscreen=\u00bbon\u00bb header_scroll_down=\u00bbon\u00bb scroll_down_icon=\u00bb%%7%%\u00bb scroll_down_icon_size=\u00bb54px\u00bb _builder_version=\u00bb4.27.4&#8243; _dynamic_attributes=\u00bbcontent\u00bb _module_preset=\u00bbdefault\u00bb title_font=\u00bb&#8211;et_global_heading_font|700|||||||\u00bb title_font_size=\u00bb80px\u00bb title_line_height=\u00bb1.3em\u00bb subhead_font=\u00bb|600|||||||\u00bb subhead_font_size=\u00bb32px\u00bb subhead_line_height=\u00bb1.3em\u00bb content_link_font=\u00bb||||||||\u00bb content_link_text_align=\u00bbcenter\u00bb content_link_text_color=\u00bb#FFFFFF\u00bb content_link_line_height=\u00bb1.3em\u00bb background_enable_color=\u00bboff\u00bb background_image=\u00bbhttps:\/\/viewbuenosaires.com\/wp-content\/uploads\/2025\/03\/feria-mataderos-main.jpg\u00bb hover_enabled=\u00bb0&#8243; title_font_size_tablet=\u00bb72px\u00bb title_font_size_phone=\u00bb42px\u00bb title_font_size_last_edited=\u00bbon|phone\u00bb subhead_font_size_tablet=\u00bb28px\u00bb subhead_font_size_phone=\u00bb24px\u00bb subhead_font_size_last_edited=\u00bbon|phone\u00bb background_last_edited=\u00bbon|phone\u00bb background_image_phone=\u00bbhttps:\/\/viewbuenosaires.com\/wp-content\/uploads\/2025\/03\/feria-mataderos-mobile.jpg\u00bb background_enable_image_phone=\u00bbon\u00bb custom_css_content=\u00bbbackground-color: #000;||padding: 8px 15px 8px 15px;||border-radius: 3px;||display: inline-block;\u00bb custom_css_subtitle=\u00bbmargin-bottom: 40px;\u00bb global_colors_info=\u00bb{}\u00bb custom_css_content__hover_enabled=\u00bbon|hover\u00bb custom_css_content__hover=\u00bbbackground-color: #5c8cb2;\u00bb sticky_enabled=\u00bb0&#8243;]@ET-DC@eyJkeW5hbWljIjp0cnVlLCJjb250ZW50IjoicG9zdF9jYXRlZ29yaWVzIiwic2V0dGluZ3MiOnsiYmVmb3JlIjoiIiwiYWZ0ZXIiOiIiLCJsaW5rX3RvX3Rlcm1fcGFnZSI6Im9uIiwic2VwYXJhdG9yIjoiIHwgIiwiY2F0ZWdvcnlfdHlwZSI6ImNhdGVnb3J5In19@[\/et_pb_fullwidth_header][\/et_pb_section][et_pb_section fb_built=\u00bb1&#8243; _builder_version=\u00bb4.22.2&#8243; _module_preset=\u00bbdefault\u00bb custom_padding=\u00bb0px||0px||false|false\u00bb saved_tabs=\u00bball\u00bb global_colors_info=\u00bb{}\u00bb][et_pb_row _builder_version=\u00bb4.22.2&#8243; _module_preset=\u00bbdefault\u00bb custom_padding=\u00bb||0px||false|false\u00bb global_colors_info=\u00bb{}\u00bb][et_pb_column type=\u00bb4_4&#8243; _builder_version=\u00bb4.22.2&#8243; _module_preset=\u00bbdefault\u00bb global_colors_info=\u00bb{}\u00bb][et_pb_dmb_breadcrumbs home_icon=\u00bb&#xe074;||divi||400&#8243; use_home_text=\u00bbon\u00bb _builder_version=\u00bb4.27.4&#8243; _module_preset=\u00bbdefault\u00bb body_font=\u00bb|800||on|||||\u00bb body_text_color=\u00bb#999999&#8243; body_font_size=\u00bb14px\u00bb body_letter_spacing=\u00bb1px\u00bb body_line_height=\u00bb1.7em\u00bb separator_text_color=\u00bb#bbbbbb\u00bb separator_line_height=\u00bb1.7em\u00bb link_font=\u00bb|800||on|||||\u00bb link_text_color=\u00bb#bbbbbb\u00bb link_font_size=\u00bb14px\u00bb link_letter_spacing=\u00bb1px\u00bb link_line_height=\u00bb1.7em\u00bb linkhover_font=\u00bb|800||on|||||\u00bb linkhover_text_color=\u00bb#5c8cb2&#8243; linkhover_font_size=\u00bb14px\u00bb linkhover_letter_spacing=\u00bb1px\u00bb linkhover_line_height=\u00bb1.5em\u00bb global_colors_info=\u00bb{}\u00bb][\/et_pb_dmb_breadcrumbs][\/et_pb_column][\/et_pb_row][\/et_pb_section][et_pb_section fb_built=\u00bb1&#8243; specialty=\u00bbon\u00bb custom_padding_last_edited=\u00bboff|desktop\u00bb module_class_2=\u00bbsticky\u00bb _builder_version=\u00bb4.27.2&#8243; _module_preset=\u00bbdefault\u00bb custom_padding=\u00bb0px||||false|true\u00bb custom_padding_tablet=\u00bb|0px||0px|false|true\u00bb global_colors_info=\u00bb{}\u00bb][et_pb_column type=\u00bb2_3&#8243; specialty_columns=\u00bb2&#8243; _builder_version=\u00bb4.16&#8243; custom_padding=\u00bb|||\u00bb global_colors_info=\u00bb{}\u00bb custom_padding__hover=\u00bb|||\u00bb][et_pb_row_inner _builder_version=\u00bb4.22.2&#8243; _module_preset=\u00bbdefault\u00bb global_colors_info=\u00bb{}\u00bb][et_pb_column_inner saved_specialty_column_type=\u00bb2_3&#8243; _builder_version=\u00bb4.22.2&#8243; _module_preset=\u00bbdefault\u00bb global_colors_info=\u00bb{}\u00bb][et_pb_text admin_label=\u00bbIntro\u00bb _builder_version=\u00bb4.27.4&#8243; _module_preset=\u00bbdefault\u00bb text_font=\u00bb|600|||||||\u00bb text_font_size=\u00bb24px\u00bb text_line_height=\u00bb1.3em\u00bb link_font=\u00bb|800||on|||||\u00bb link_text_color=\u00bb#EDF000&#8243; global_colors_info=\u00bb{}\u00bb]<\/p>\n<p><strong>La Feria de las Artesan\u00edas y Tradiciones Populares Argentinas, conocida por los porte\u00f1os como La Feria de Mataderos debido a su ubicaci\u00f3n, ofrece un muestrario de productos y costumbres argentinas que no dejar\u00e1 de sorprenderte.<\/strong><\/p>\n<p>[\/et_pb_text][\/et_pb_column_inner][\/et_pb_row_inner][et_pb_row_inner column_structure=\u00bb1_2,1_2&#8243; _builder_version=\u00bb4.22.2&#8243; _module_preset=\u00bbdefault\u00bb custom_padding=\u00bb0px||||false|false\u00bb saved_tabs=\u00bball\u00bb global_colors_info=\u00bb{}\u00bb][et_pb_column_inner type=\u00bb1_2&#8243; _builder_version=\u00bb4.22.2&#8243; _module_preset=\u00bbdefault\u00bb global_colors_info=\u00bb{}\u00bb][et_pb_text admin_label=\u00bbLast updated\u00bb _builder_version=\u00bb4.27.2&#8243; _module_preset=\u00bbdefault\u00bb text_font=\u00bb|||on|||||\u00bb text_text_color=\u00bb#5c8cb2&#8243; global_colors_info=\u00bb{}\u00bb]<\/p>\n<strong>Actualizaci\u00f3n: <\/strong>septiembre 18, 2025\n<p>[\/et_pb_text][\/et_pb_column_inner][et_pb_column_inner type=\u00bb1_2&#8243; _builder_version=\u00bb4.22.2&#8243; _module_preset=\u00bbdefault\u00bb global_colors_info=\u00bb{}\u00bb][et_pb_text admin_label=\u00bbSocial sharing\u00bb _builder_version=\u00bb4.22.2&#8243; _module_preset=\u00bbdefault\u00bb custom_margin=\u00bb-10px||||false|false\u00bb custom_padding=\u00bb||||false|false\u00bb global_colors_info=\u00bb{}\u00bb]<div class=\"heateor_sss_sharing_container heateor_sss_horizontal_sharing\" data-heateor-ss-offset=\"0\" data-heateor-sss-href='https:\/\/viewbuenosaires.com\/es\/feria-de-mataderos\/'><div class=\"heateor_sss_sharing_ul\"><a aria-label=\"Facebook\" class=\"heateor_sss_facebook\" href=\"https:\/\/www.facebook.com\/sharer\/sharer.php?u=https%3A%2F%2Fviewbuenosaires.com%2Fes%2Fferia-de-mataderos%2F\" title=\"Facebook\" rel=\"nofollow noopener\" target=\"_blank\" style=\"font-size:32px!important;box-shadow:none;display:inline-block;vertical-align:middle\"><span class=\"heateor_sss_svg\" style=\"background-color:#0765FE;width:33px;height:33px;border-radius:999px;display:inline-block;opacity:1;float:left;font-size:32px;box-shadow:none;display:inline-block;font-size:16px;padding:0 4px;vertical-align:middle;background-repeat:repeat;overflow:hidden;padding:0;cursor:pointer;box-sizing:content-box\"><svg style=\"display:block;border-radius:999px;\" focusable=\"false\" aria-hidden=\"true\" xmlns=\"http:\/\/www.w3.org\/2000\/svg\" width=\"100%\" height=\"100%\" viewBox=\"0 0 32 32\"><path fill=\"#ffffff\" d=\"M28 16c0-6.627-5.373-12-12-12S4 9.373 4 16c0 5.628 3.875 10.35 9.101 11.647v-7.98h-2.474V16H13.1v-1.58c0-4.085 1.849-5.978 5.859-5.978.76 0 2.072.15 2.608.298v3.325c-.283-.03-.775-.045-1.386-.045-1.967 0-2.728.745-2.728 2.683V16h3.92l-.673 3.667h-3.247v8.245C23.395 27.195 28 22.135 28 16Z\"><\/path><\/svg><\/span><\/a><a aria-label=\"X\" class=\"heateor_sss_button_x\" href=\"https:\/\/twitter.com\/intent\/tweet?text=Feria%20de%20Mataderos%3A%20cultura%20y%20tradici%C3%B3n%20argentina%20en%20un%20solo%20lugar&url=https%3A%2F%2Fviewbuenosaires.com%2Fes%2Fferia-de-mataderos%2F\" title=\"X\" rel=\"nofollow noopener\" target=\"_blank\" style=\"font-size:32px!important;box-shadow:none;display:inline-block;vertical-align:middle\"><span class=\"heateor_sss_svg heateor_sss_s__default heateor_sss_s_x\" style=\"background-color:#2a2a2a;width:33px;height:33px;border-radius:999px;display:inline-block;opacity:1;float:left;font-size:32px;box-shadow:none;display:inline-block;font-size:16px;padding:0 4px;vertical-align:middle;background-repeat:repeat;overflow:hidden;padding:0;cursor:pointer;box-sizing:content-box\"><svg width=\"100%\" height=\"100%\" style=\"display:block;border-radius:999px;\" focusable=\"false\" aria-hidden=\"true\" xmlns=\"http:\/\/www.w3.org\/2000\/svg\" viewBox=\"0 0 32 32\"><path fill=\"#ffffff\" d=\"M21.751 7h3.067l-6.7 7.658L26 25.078h-6.172l-4.833-6.32-5.531 6.32h-3.07l7.167-8.19L6 7h6.328l4.37 5.777L21.75 7Zm-1.076 16.242h1.7L11.404 8.74H9.58l11.094 14.503Z\"><\/path><\/svg><\/span><\/a><a aria-label=\"Pinterest\" class=\"heateor_sss_button_pinterest\" href=\"https:\/\/viewbuenosaires.com\/es\/feria-de-mataderos\/\" onclick=\"event.preventDefault();javascript:void( (function() {var e=document.createElement('script' );e.setAttribute('type','text\/javascript' );e.setAttribute('charset','UTF-8' );e.setAttribute('src','\/\/assets.pinterest.com\/js\/pinmarklet.js?r='+Math.random()*99999999);document.body.appendChild(e)})());\" title=\"Pinterest\" rel=\"noopener\" style=\"font-size:32px!important;box-shadow:none;display:inline-block;vertical-align:middle\"><span class=\"heateor_sss_svg heateor_sss_s__default heateor_sss_s_pinterest\" style=\"background-color:#cc2329;width:33px;height:33px;border-radius:999px;display:inline-block;opacity:1;float:left;font-size:32px;box-shadow:none;display:inline-block;font-size:16px;padding:0 4px;vertical-align:middle;background-repeat:repeat;overflow:hidden;padding:0;cursor:pointer;box-sizing:content-box\"><svg style=\"display:block;border-radius:999px;\" focusable=\"false\" aria-hidden=\"true\" xmlns=\"http:\/\/www.w3.org\/2000\/svg\" width=\"100%\" height=\"100%\" viewBox=\"-2 -2 35 35\"><path fill=\"#ffffff\" d=\"M16.539 4.5c-6.277 0-9.442 4.5-9.442 8.253 0 2.272.86 4.293 2.705 5.046.303.125.574.005.662-.33.061-.231.205-.816.27-1.06.088-.331.053-.447-.191-.736-.532-.627-.873-1.439-.873-2.591 0-3.338 2.498-6.327 6.505-6.327 3.548 0 5.497 2.168 5.497 5.062 0 3.81-1.686 7.025-4.188 7.025-1.382 0-2.416-1.142-2.085-2.545.397-1.674 1.166-3.48 1.166-4.689 0-1.081-.581-1.983-1.782-1.983-1.413 0-2.548 1.462-2.548 3.419 0 1.247.421 2.091.421 2.091l-1.699 7.199c-.505 2.137-.076 4.755-.039 5.019.021.158.223.196.314.077.13-.17 1.813-2.247 2.384-4.324.162-.587.929-3.631.929-3.631.46.876 1.801 1.646 3.227 1.646 4.247 0 7.128-3.871 7.128-9.053.003-3.918-3.317-7.568-8.361-7.568z\"\/><\/svg><\/span><\/a><a aria-label=\"Whatsapp\" class=\"heateor_sss_whatsapp\" href=\"https:\/\/api.whatsapp.com\/send?text=Feria%20de%20Mataderos%3A%20cultura%20y%20tradici%C3%B3n%20argentina%20en%20un%20solo%20lugar%20https%3A%2F%2Fviewbuenosaires.com%2Fes%2Fferia-de-mataderos%2F\" title=\"Whatsapp\" rel=\"nofollow noopener\" target=\"_blank\" style=\"font-size:32px!important;box-shadow:none;display:inline-block;vertical-align:middle\"><span class=\"heateor_sss_svg\" style=\"background-color:#55eb4c;width:33px;height:33px;border-radius:999px;display:inline-block;opacity:1;float:left;font-size:32px;box-shadow:none;display:inline-block;font-size:16px;padding:0 4px;vertical-align:middle;background-repeat:repeat;overflow:hidden;padding:0;cursor:pointer;box-sizing:content-box\"><svg style=\"display:block;border-radius:999px;\" focusable=\"false\" aria-hidden=\"true\" xmlns=\"http:\/\/www.w3.org\/2000\/svg\" width=\"100%\" height=\"100%\" viewBox=\"-6 -5 40 40\"><path class=\"heateor_sss_svg_stroke heateor_sss_no_fill\" stroke=\"#ffffff\" stroke-width=\"2\" fill=\"none\" d=\"M 11.579798566743314 24.396926207859085 A 10 10 0 1 0 6.808479557110079 20.73576436351046\"><\/path><path d=\"M 7 19 l -1 6 l 6 -1\" class=\"heateor_sss_no_fill heateor_sss_svg_stroke\" stroke=\"#ffffff\" stroke-width=\"2\" fill=\"none\"><\/path><path d=\"M 10 10 q -1 8 8 11 c 5 -1 0 -6 -1 -3 q -4 -3 -5 -5 c 4 -2 -1 -5 -1 -4\" fill=\"#ffffff\"><\/path><\/svg><\/span><\/a><a aria-label=\"Email\" class=\"heateor_sss_email\" href=\"https:\/\/viewbuenosaires.com\/es\/feria-de-mataderos\/\" onclick=\"event.preventDefault();window.open('mailto:?subject=' + decodeURIComponent('Feria%20de%20Mataderos%3A%20cultura%20y%20tradici%C3%B3n%20argentina%20en%20un%20solo%20lugar').replace('&', '%26') + '&body=https%3A%2F%2Fviewbuenosaires.com%2Fes%2Fferia-de-mataderos%2F', '_blank')\" title=\"Email\" rel=\"noopener\" style=\"font-size:32px!important;box-shadow:none;display:inline-block;vertical-align:middle\"><span class=\"heateor_sss_svg\" style=\"background-color:#649a3f;width:33px;height:33px;border-radius:999px;display:inline-block;opacity:1;float:left;font-size:32px;box-shadow:none;display:inline-block;font-size:16px;padding:0 4px;vertical-align:middle;background-repeat:repeat;overflow:hidden;padding:0;cursor:pointer;box-sizing:content-box\"><svg style=\"display:block;border-radius:999px;\" focusable=\"false\" aria-hidden=\"true\" xmlns=\"http:\/\/www.w3.org\/2000\/svg\" width=\"100%\" height=\"100%\" viewBox=\"-.75 -.5 36 36\"><path d=\"M 5.5 11 h 23 v 1 l -11 6 l -11 -6 v -1 m 0 2 l 11 6 l 11 -6 v 11 h -22 v -11\" stroke-width=\"1\" fill=\"#ffffff\"><\/path><\/svg><\/span><\/a><\/div><div class=\"heateorSssClear\"><\/div><\/div>[\/et_pb_text][\/et_pb_column_inner][\/et_pb_row_inner][et_pb_row_inner _builder_version=\u00bb4.22.2&#8243; _module_preset=\u00bbdefault\u00bb custom_padding=\u00bb0px||||false|false\u00bb global_colors_info=\u00bb{}\u00bb][et_pb_column_inner saved_specialty_column_type=\u00bb2_3&#8243; _builder_version=\u00bb4.22.2&#8243; _module_preset=\u00bbdefault\u00bb global_colors_info=\u00bb{}\u00bb][pac_divi_table_of_contents default_state=\u00bbclosed\u00bb opened_icon=\u00bb&#xe043;||divi||400&#8243; closed_icon=\u00bb&#xe044;||divi||400&#8243; exclude_headings_by_class=\u00bbon\u00bb included_headings=\u00bboff|on|off|off|off|off\u00bb active_link_highlight=\u00bbon\u00bb level_markers_2=\u00bbnone\u00bb title_container_bg_color=\u00bb#f3f3f3&#8243; open_icon_color=\u00bb#333333&#8243; open_icon_size=\u00bb24px\u00bb close_icon_color=\u00bb#333333&#8243; close_icon_size=\u00bb24px\u00bb body_area_scroll_color=\u00bb#333333&#8243; body_area_padding=\u00bb15px|23px|15px|0px|false|false\u00bb body_area_bg_color=\u00bb#f3f3f3&#8243; body_area_text_link_color=\u00bb#333333&#8243; body_area_text_link_underline=\u00bb#5c8cb2&#8243; body_area_text_link_padding=\u00bb0px|0px|20px|0px|false|false\u00bb body_area_text_link_color_active=\u00bb#5c8cb2&#8243; body_area_text_link_underline_active=\u00bb#5c8cb2&#8243; body_area_text_link_padding_active=\u00bb0px|0px|20px|0px|false|false\u00bb disabled_on=\u00bboff|off|on\u00bb admin_label=\u00bbrow\u00bb _builder_version=\u00bb4.16&#8243; _module_preset=\u00bbdefault\u00bb title_font_font=\u00bb|600|||||||\u00bb title_text_color=\u00bb#333333&#8243; title_font_size=\u00bb20px\u00bb title_line_height=\u00bb1.3em\u00bb heading_all_font_size=\u00bb20px\u00bb heading_all_active_font=\u00bb||||||||\u00bb heading_all_active_font_size=\u00bb20px\u00bb heading_all_active_line_height=\u00bb1.3em\u00bb marker_all_font_size=\u00bb18px\u00bb custom_padding=\u00bb|||\u00bb border_radii_title_container=\u00bbon||||\u00bb border_color_all_body_area_heading_text_active=\u00bb#dddddd\u00bb global_module=\u00bb253476&#8243; saved_tabs=\u00bball\u00bb global_colors_info=\u00bb{}\u00bb body_area_text_link_color__hover_enabled=\u00bbon|desktop\u00bb body_area_text_link_color__hover=\u00bb#5c8cb2&#8243;][\/pac_divi_table_of_contents][et_pb_text admin_label=\u00bbGeneral text\u00bb module_class=\u00bbcontent pac-dtocm-exclude\u00bb _builder_version=\u00bb4.27.4&#8243; _module_preset=\u00bbdefault\u00bb header_2_font_size=\u00bb34px\u00bb header_2_font_size_tablet=\u00bb30px\u00bb header_2_font_size_phone=\u00bb26px\u00bb header_2_font_size_last_edited=\u00bbon|phone\u00bb global_colors_info=\u00bb{}\u00bb]<\/p>\n<p><span style=\"font-weight: 400;\">El barrio de Mataderos no suele ser uno de los recomendados para visitar como turista, en comparaci\u00f3n con San Telmo o Palermo. Sin embargo, los domingos todo cambia y Mataderos se convierte en un excelente plan para empaparse de la tradici\u00f3n argentina y su cultura, ya que aloja a una de las ferias m\u00e1s grandes de la ciudad.<\/span><\/p>\n<p><span style=\"font-weight: 400;\">Ubicada a tan s\u00f3lo media hora del centro de Buenos Aires, La Feria de Mataderos es el espacio ideal para sumergirte en las costumbres nacionales, ya que todo lo que veas all\u00ed ser\u00e1 algo t\u00edpico de la cultura argentina, desde sus productos artesanales y su comida, hasta la m\u00fasica y danzas tradicionales en vivo.<\/span><\/p>\n<p><span style=\"font-weight: 400;\">En este lugar encontrar\u00e1s diferentes productos y ofertas de espect\u00e1culos tradicionales, que te conectar\u00e1n con el folclore y las costumbres t\u00edpicas de Argentina. Te invitamos a pasar un d\u00eda diferente, paseando entre puestos de artesan\u00edas, platos t\u00edpicos, shows de m\u00fasica y danza t\u00edpicas.<\/span><\/p>\n<p>[\/et_pb_text][et_pb_text admin_label=\u00bbHistoria de la Feria de Mataderos\u00bb module_class=\u00bbcontent pac-dtocm-exclude\u00bb _builder_version=\u00bb4.27.4&#8243; _module_preset=\u00bbdefault\u00bb header_2_font_size=\u00bb34px\u00bb header_2_font_size_tablet=\u00bb30px\u00bb header_2_font_size_phone=\u00bb26px\u00bb header_2_font_size_last_edited=\u00bbon|phone\u00bb global_colors_info=\u00bb{}\u00bb]<\/p>\n<h2><strong>Historia de la Feria de Mataderos<\/strong><\/h2>\n<hr \/>\n<p><span style=\"font-weight: 400;\">Sara Vinocur, quien contin\u00faa siendo coordinadora de la feria actualmente, tuvo la idea de aprovechar el espacio del antiguo Mercado Nacional de Hacienda, para transformarlo en una propuesta cultural.<\/span><\/p>\n<p><span style=\"font-weight: 400;\">La Feria de Mataderos fue creada con la idea de generar un espacio permanente para la producci\u00f3n y difusi\u00f3n de las ra\u00edces culturales argentinas. Entonces en el a\u00f1o 1986, como una propuesta del \u00e1rea de cultura de la ciudad, comenz\u00f3 su funcionamiento la Feria de las Artesan\u00edas y Tradiciones Populares Argentinas.<\/span><\/p>\n<p><span style=\"font-weight: 400;\">La Legislatura Porte\u00f1a ha declarado a la Feria de Mataderos como Patrimonio Cultural de la Ciudad. Esto se debe a que en su programa existe mucha oferta de expresiones art\u00edsticas tradicionales: danzas tradicionales, conciertos de folclore, una variedad de destrezas gauchescas, carreras de sortijas y festivales con guitarreadas.<\/span><\/p>\n<p>[\/et_pb_text][et_pb_text admin_label=\u00bbMataderos, un nombre particular\u00bb module_class=\u00bbcontent pac-dtocm-exclude\u00bb _builder_version=\u00bb4.27.4&#8243; _module_preset=\u00bbdefault\u00bb header_2_font_size=\u00bb34px\u00bb header_2_font_size_tablet=\u00bb30px\u00bb header_2_font_size_phone=\u00bb26px\u00bb header_2_font_size_last_edited=\u00bbon|phone\u00bb global_colors_info=\u00bb{}\u00bb]<\/p>\n<h2 style=\"text-align: left;\"><strong>Mataderos, un nombre particular<\/strong><\/h2>\n<hr \/>\n<p><span style=\"font-weight: 400;\">Este barrio porte\u00f1o debe su nombre a la instalaci\u00f3n de mataderos de ganado vacuno a comienzos del siglo pasado. Sin embargo, originalmente, el barrio era conocido como \u201cNueva Chicago\u201d, ya que guardaba una similitud con la ciudad estadounidense, relacionada con la industria de la carne.<\/span><\/p>\n<p><span style=\"font-weight: 400;\">El cambio de nombre lleg\u00f3 de la mano del crecimiento del barrio y de su actividad, ya que al crecer la cantidad de frigor\u00edficos en la zona, la gente del barrio y de alrededores comenzaron a llamarlo \u201cMataderos\u201d.<\/span><\/p>\n<p><span style=\"font-weight: 400;\">Del antiguo nombre del barrio s\u00f3lo queda el un club que hace menci\u00f3n:<\/span><a href=\"https:\/\/canuevachicago.com.ar\/\" rel=\"nofollow noopener\" target=\"_blank\"> <span style=\"font-weight: 400;\">el Club de F\u00fatbol Nueva Chicago.<\/span><\/a><\/p>\n<p>[\/et_pb_text][et_pb_text admin_label=\u00bbLos productos artesanales de la Feria de Mataderos\u00bb module_class=\u00bbcontent pac-dtocm-exclude\u00bb _builder_version=\u00bb4.27.4&#8243; _module_preset=\u00bbdefault\u00bb header_2_font_size=\u00bb34px\u00bb header_2_font_size_tablet=\u00bb30px\u00bb header_2_font_size_phone=\u00bb26px\u00bb header_2_font_size_last_edited=\u00bbon|phone\u00bb global_colors_info=\u00bb{}\u00bb]<\/p>\n<h2 style=\"text-align: left;\"><strong>Los productos artesanales de la Feria de Mataderos<\/strong><\/h2>\n<hr \/>\n<p><span style=\"font-weight: 400;\">Paseando por la Feria podr\u00e1s encontrar todo tipo de artesan\u00edas t\u00edpicas argentinas. Los objetos est\u00e1n confeccionados de manera artesanal utilizando diferentes materiales, dentro de los que podemos mencionar la plata y alpaca, los telares, el cuero y diversos tipos de madera. Por este motivo, notar\u00e1s que los puestos son muy variados y que podr\u00e1s elegir entre una amplia oferta de productos.<\/span><\/p>\n<p><span style=\"font-weight: 400;\">La Feria de Mataderos cuenta con m\u00e1s de 700 puestos, con una inmensa variedad de opciones de compra. All\u00ed podr\u00e1s encontrar objetos tradicionales de todo tipo, que van desde piezas de plater\u00eda fina a mates de calabaza o madera.<\/span><\/p>\n<p><span style=\"font-weight: 400;\">Tambi\u00e9n podr\u00e1s encontrar productos de indumentaria artesanales como mantas, ponchos, bufandas, guantes y diferentes prendas confeccionadas en telar.<\/span><\/p>\n<p><span style=\"font-weight: 400;\">Siguiendo la tradici\u00f3n argentina, existe una amplia oferta de art\u00edculos de cuero, como carteras, billeteras e, incluso, zapatos y botas. Entre los productos cl\u00e1sicos, tambi\u00e9n podr\u00e1s encontrar los tradicionales facones, que son cuchillos t\u00edpicamente gauchescos.<\/span><\/p>\n<p>[\/et_pb_text][et_pb_text admin_label=\u00bbLos espect\u00e1culos de m\u00fasica y danza folcl\u00f3ricas\u00bb module_class=\u00bbcontent pac-dtocm-exclude\u00bb _builder_version=\u00bb4.27.4&#8243; _module_preset=\u00bbdefault\u00bb header_2_font_size=\u00bb34px\u00bb header_2_font_size_tablet=\u00bb30px\u00bb header_2_font_size_phone=\u00bb26px\u00bb header_2_font_size_last_edited=\u00bbon|phone\u00bb global_colors_info=\u00bb{}\u00bb]<\/p>\n<h2 style=\"text-align: left;\"><strong>Los espect\u00e1culos de m\u00fasica y danza folcl\u00f3ricas<\/strong><\/h2>\n<hr \/>\n<p><span style=\"font-weight: 400;\">En el gran escenario de la Feria, montado delante del Antiguo Mercado de Hacienda, todos los domingos m\u00fasicos y bailarines dejan al p\u00fablico boquiabierto con sus espect\u00e1culos de folclore.<\/span><\/p>\n<p><span style=\"font-weight: 400;\">Al asistir a la Feria de Mataderos notar\u00e1s que no es un evento m\u00e1s, ya que esta es una gran oportunidad para aprender sobre las tradiciones y costumbres del pa\u00eds. Los gauchos y gente de campo llegan de las zonas rurales para ofrecer espect\u00e1culos de equitaci\u00f3n, destrezas gauchescas y carreras de sortijas.<\/span><\/p>\n<p><span style=\"font-weight: 400;\">Los conjuntos musicales, dedicados al folclore argentino, emplean instrumentos que remiten al sonido tradicional como acordeones, tambores y guitarras, adem\u00e1s del tradicional Bombo Leg\u00fcero. Tambi\u00e9n, podr\u00e1s disfrutar de guitarreadas y conocer los sonidos t\u00edpicos nacionales.<\/span><\/p>\n<p><span style=\"font-weight: 400;\">Los espect\u00e1culos de danzas tradicionales son imperdibles. Los bailarines que se presentan cada domingo, adem\u00e1s de brindar su arte y destreza en los bailes t\u00edpicos, danzan vestidos con los trajes tradicionales, lo que convierte a este evento en una experiencia inmersiva. No s\u00f3lo podr\u00e1s disfrutar del espect\u00e1culo de los bailarines, sino que despu\u00e9s de los shows siempre encontrar\u00e1s espacio para que puedas bailar, si lo deseas.<\/span><\/p>\n<p>[\/et_pb_text][et_pb_text admin_label=\u00bbComida en la Feria\u00bb module_class=\u00bbcontent pac-dtocm-exclude\u00bb _builder_version=\u00bb4.27.4&#8243; _module_preset=\u00bbdefault\u00bb header_2_font_size=\u00bb34px\u00bb header_2_font_size_tablet=\u00bb30px\u00bb header_2_font_size_phone=\u00bb26px\u00bb header_2_font_size_last_edited=\u00bbon|phone\u00bb global_colors_info=\u00bb{}\u00bb]<\/p>\n<h2 style=\"text-align: left;\"><strong>Comida en la Feria<\/strong><\/h2>\n<hr \/>\n<p><span style=\"font-weight: 400;\">En la Feria podr\u00e1s encontrar muchos puestos y restaurantes para comer los platos m\u00e1s cl\u00e1sicos, como el asado o un chorip\u00e1n. Sin embargo, tambi\u00e9n encontrar\u00e1s otros platos t\u00edpicos del pa\u00eds\u00a0 que te sugerimos probar.<\/span><\/p>\n<p><span style=\"font-weight: 400;\">Vas a encontrar mesas comunitarias donde sentarte a comer, si elegiste comida al paso, o bien pod\u00e9s elegir alguno de los restaurantes que suelen ofrecen alg\u00fan tipo de show folkl\u00f3rico.<\/span><\/p>\n<p><span style=\"font-weight: 400;\">Los sabores aut\u00f3ctonos que podr\u00e1s encontrar y saborear en la Feria son:\u00a0 empanadas (con los estilos de diferentes provincias como las tucumanas o las salte\u00f1as), locro, el t\u00edpico asado argentino completo (con cortes de carne y achuras), tamales, tortas fritas y pastelitos.<\/span><\/p>\n<p><span style=\"font-weight: 400;\">Adem\u00e1s, encontrar\u00e1s puestos de venta de productos regionales. Fiambres, embutidos, quesos, aceite de oliva, dulce de leche, miel, yerba mate y conservas de todas partes del pa\u00eds. Aqu\u00ed podr\u00e1s adquirir productos de primera calidad y de elaboraci\u00f3n artesanal, perfectos para llevar a casa o si deseas hacer un regalo.<\/span><\/p>\n<p>[\/et_pb_text][et_pb_text admin_label=\u00bbLos ni\u00f1os y la Feria\u00bb module_class=\u00bbcontent pac-dtocm-exclude\u00bb _builder_version=\u00bb4.27.4&#8243; _module_preset=\u00bbdefault\u00bb header_2_font_size=\u00bb34px\u00bb header_2_font_size_tablet=\u00bb30px\u00bb header_2_font_size_phone=\u00bb26px\u00bb header_2_font_size_last_edited=\u00bbon|phone\u00bb global_colors_info=\u00bb{}\u00bb]<\/p>\n<h2 style=\"text-align: left;\"><strong>Los ni\u00f1os y la Feria de Mataderos<\/strong><\/h2>\n<hr \/>\n<p><span style=\"font-weight: 400;\">Si el plan incluye a toda la familia y pens\u00e1s ir con ni\u00f1os, te contamos que no hay un m\u00ednimo de edad para disfrutar de las diversas propuestas culturales. Adem\u00e1s de ser espect\u00e1culos muy entretenidos, muestran la cultura y tradici\u00f3n nacional, por lo que resultan muy enriquecedoras.<\/span><\/p>\n<p><span style=\"font-weight: 400;\">No obstante, tambi\u00e9n encontrar\u00e1s juegos para todas las edades y, muy cerca del espacio de la Feria, existen plazas para que ellos puedan juego al aire libre. La plaza Sebasti\u00e1n Boro y la plaza de los Mataderos cuentan con juegos, entretenimientos y espacios verdes para disfrutar en familia y alejarse un poco del bullicio de la Feria.<\/span><\/p>\n<p>[\/et_pb_text][et_pb_text admin_label=\u00bbDatos a tener en cuenta\u00bb module_class=\u00bbcontent pac-dtocm-exclude\u00bb _builder_version=\u00bb4.27.4&#8243; _module_preset=\u00bbdefault\u00bb header_2_font_size=\u00bb34px\u00bb custom_padding=\u00bb12px|||||\u00bb header_2_font_size_tablet=\u00bb30px\u00bb header_2_font_size_phone=\u00bb26px\u00bb header_2_font_size_last_edited=\u00bbon|phone\u00bb global_colors_info=\u00bb{}\u00bb]<\/p>\n<h2 style=\"text-align: left;\"><strong>Datos a tener en cuenta<\/strong><\/h2>\n<hr \/>\n<p><span style=\"font-weight: 400;\">Te recomendamos que, al momento de visitar la Feria de Mataderos, consideres que es fundamental llegar temprano. Esto se debe a varias razones\u2026\u00a0\u00a0<\/span><\/p>\n<p><span style=\"font-weight: 400;\">La primera es que no te quedes sin lugar donde estacionar, en caso de ir con auto. La segunda es que mientras m\u00e1s tarde llegues, mayor cantidad de personas habr\u00e1 en los puestos. Por lo tanto, ser\u00e1 mayor el tiempo de espera para comprar y comer.<\/span><\/p>\n<p><span style=\"font-weight: 400;\">Los \u00fanicos d\u00edas que abre la Feria son los domingos, durante los meses de marzo a diciembre, y su horario es de 11 a 18 horas. Otro dato importante es que la Feria de Mataderos se suspende por los d\u00edas de lluvia, ya que es un evento al aire libre y no hay resguardo.<\/span><\/p>\n<p><span style=\"font-weight: 400;\">Al momento de abonar, tanto en los puestos de comida como en los de productos, es importante que cuentes con diferentes opciones de pago. Si bien en muchos puestos podr\u00e1s abonar con tarjetas de cr\u00e9dito y d\u00e9bito, no suele ser la norma general. Teniendo en cuenta esta situaci\u00f3n, te recomendamos que lleves siempre dinero en efectivo.<\/span><\/p>\n<p><span style=\"font-weight: 400;\">Una de las atracciones que distinguen a la Feria de Mataderos es que pod\u00e9s sumarte a talleres de telar, danzas folkl\u00f3ricas, guitarra, lengua quichua o sikus. Estos talleres se dan en forma libre y gratuita, as\u00ed que s\u00f3lo ten\u00e9s que acercarte y formar parte.<\/span><\/p>\n<p>[\/et_pb_text][\/et_pb_column_inner][\/et_pb_row_inner][et_pb_row_inner disabled_on=\u00bboff|off|off\u00bb _builder_version=\u00bb4.27.2&#8243; _module_preset=\u00bbdefault\u00bb custom_margin=\u00bb30px||||false|false\u00bb border_width_top=\u00bb2px\u00bb border_color_top=\u00bb#dddddd\u00bb global_colors_info=\u00bb{}\u00bb][et_pb_column_inner saved_specialty_column_type=\u00bb2_3&#8243; _builder_version=\u00bb4.22.2&#8243; _module_preset=\u00bbdefault\u00bb global_colors_info=\u00bb{}\u00bb][et_pb_text admin_label=\u00bbEnding\u00bb module_class=\u00bbpac-dtocm-exclude\u00bb _builder_version=\u00bb4.27.4&#8243; _module_preset=\u00bbdefault\u00bb header_2_font_size_tablet=\u00bb30px\u00bb header_2_font_size_phone=\u00bb26px\u00bb header_2_font_size_last_edited=\u00bbon|phone\u00bb global_colors_info=\u00bb{}\u00bb]<\/p>\n<h2><strong>La cultura en un solo lugar\u2026<\/strong><\/h2>\n<hr \/>\n<p><span style=\"font-weight: 400;\">M\u00fasica, danza, comidas t\u00edpicas, artesan\u00edas y productos regionales son algunas de las maravillas que encontrar\u00e1s de paseo por la Feria de Mataderos. Sin lugar a dudas, es un plan para pasar todo el d\u00eda empap\u00e1ndote de las costumbres argentinas. No te pierdas este paseo lleno de diversi\u00f3n, entretenimiento, tradici\u00f3n y cultura.<\/span><\/p>\n<p>[\/et_pb_text][\/et_pb_column_inner][\/et_pb_row_inner][et_pb_row_inner column_structure=\u00bb1_2,1_2&#8243; _builder_version=\u00bb4.22.2&#8243; _module_preset=\u00bbdefault\u00bb custom_margin=\u00bb-30px||||false|false\u00bb locked=\u00bboff\u00bb global_colors_info=\u00bb{}\u00bb][et_pb_column_inner type=\u00bb1_2&#8243; saved_specialty_column_type=\u00bb2_3&#8243; _builder_version=\u00bb4.22.2&#8243; _module_preset=\u00bbdefault\u00bb global_colors_info=\u00bb{}\u00bb][et_pb_blurb use_icon=\u00bbon\u00bb font_icon=\u00bb&#xe081;||divi||400&#8243; icon_color=\u00bb#5c8cb2&#8243; icon_placement=\u00bbleft\u00bb image_icon_width=\u00bb28px\u00bb content_max_width=\u00bb100%\u00bb admin_label=\u00bbStreet Address\u00bb _builder_version=\u00bb4.27.4&#8243; _module_preset=\u00bbdefault\u00bb width_last_edited=\u00bboff|desktop\u00bb animation=\u00bboff\u00bb global_colors_info=\u00bb{}\u00bb custom_css_main_element_last_edited=\u00bboff|phone\u00bb width__hover_enabled=\u00bboff|desktop\u00bb]<\/p>\n<p><b>\u00a0<\/b><span style=\"font-weight: 400;\">Avenida Lisandro de la Torre y Avenida de Los Corrales, Mataderos.<\/span><\/p>\n<p>[\/et_pb_blurb][\/et_pb_column_inner][et_pb_column_inner type=\u00bb1_2&#8243; saved_specialty_column_type=\u00bb2_3&#8243; _builder_version=\u00bb4.22.2&#8243; _module_preset=\u00bbdefault\u00bb global_colors_info=\u00bb{}\u00bb][et_pb_blurb use_icon=\u00bbon\u00bb font_icon=\u00bb&#xe074;||divi||400&#8243; icon_color=\u00bb#5c8cb2&#8243; icon_placement=\u00bbleft\u00bb image_icon_width=\u00bb28px\u00bb content_max_width=\u00bb100%\u00bb admin_label=\u00bbWebsite\u00bb _builder_version=\u00bb4.27.4&#8243; _module_preset=\u00bbdefault\u00bb body_link_text_color=\u00bb#333333&#8243; width_last_edited=\u00bboff|desktop\u00bb custom_margin_last_edited=\u00bboff|desktop\u00bb custom_padding_tablet=\u00bb||||false|false\u00bb custom_padding_last_edited=\u00bboff|desktop\u00bb animation=\u00bboff\u00bb global_colors_info=\u00bb{}\u00bb custom_css_main_element_last_edited=\u00bboff|phone\u00bb]<\/p>\n<p><a href=\"https:\/\/www.facebook.com\/feriademataderos\/\" target=\"_blank\" rel=\"noopener nofollow\">@feriademataderos<\/a><\/p>\n<p>[\/et_pb_blurb][\/et_pb_column_inner][\/et_pb_row_inner][\/et_pb_column][et_pb_column type=\u00bb1_3&#8243; _builder_version=\u00bb4.16&#8243; custom_padding=\u00bb|||\u00bb global_colors_info=\u00bb{}\u00bb custom_padding__hover=\u00bb|||\u00bb][pac_divi_table_of_contents title=\u00bbTable of Content\u00bb default_state=\u00bbclosed\u00bb opened_icon=\u00bb&#xe043;||divi||400&#8243; closed_icon=\u00bb&#xe044;||divi||400&#8243; exclude_headings_by_class=\u00bbon\u00bb included_headings=\u00bboff|on|off|off|off|off\u00bb active_link_highlight=\u00bbon\u00bb level_markers_2=\u00bbnone\u00bb title_container_bg_color=\u00bb#f3f3f3&#8243; open_icon_color=\u00bb#333333&#8243; open_icon_size=\u00bb24px\u00bb close_icon_color=\u00bb#333333&#8243; close_icon_size=\u00bb24px\u00bb body_area_scroll_color=\u00bb#333333&#8243; body_area_padding=\u00bb15px|23px|15px|0px|false|false\u00bb body_area_bg_color=\u00bb#f3f3f3&#8243; body_area_text_link_color=\u00bb#333333&#8243; body_area_text_link_underline=\u00bb#5c8cb2&#8243; body_area_text_link_padding=\u00bb0px|0px|20px|0px|false|false\u00bb body_area_text_link_color_active=\u00bb#5c8cb2&#8243; body_area_text_link_underline_active=\u00bb#5c8cb2&#8243; body_area_text_link_padding_active=\u00bb0px|0px|20px||false|false\u00bb disabled_on=\u00bbon|on|off\u00bb admin_label=\u00bbrow\u00bb _builder_version=\u00bb4.16&#8243; _module_preset=\u00bbdefault\u00bb title_font_font=\u00bb|600|||||||\u00bb title_text_color=\u00bb#333333&#8243; title_font_size=\u00bb20px\u00bb title_line_height=\u00bb1.3em\u00bb heading_all_font_size=\u00bb20px\u00bb heading_all_active_font=\u00bb||||||||\u00bb heading_all_active_font_size=\u00bb20px\u00bb heading_all_active_line_height=\u00bb1.3em\u00bb marker_all_font_size=\u00bb18px\u00bb custom_padding=\u00bb|||\u00bb border_radii_title_container=\u00bbon||||\u00bb border_color_all_body_area_heading_text_active=\u00bb#dddddd\u00bb global_module=\u00bb253475&#8243; saved_tabs=\u00bball\u00bb global_colors_info=\u00bb{}\u00bb body_area_text_link_color__hover_enabled=\u00bbon|desktop\u00bb body_area_text_link_color__hover=\u00bb#5c8cb2&#8243;][\/pac_divi_table_of_contents][et_pb_text admin_label=\u00bbMap &#8211; Headline\u00bb _builder_version=\u00bb4.27.4&#8243; _module_preset=\u00bbdefault\u00bb text_font=\u00bb||||||||\u00bb text_line_height=\u00bb1.4em\u00bb text_orientation=\u00bbcenter\u00bb custom_padding=\u00bb||||false|false\u00bb global_colors_info=\u00bb{}\u00bb]<\/p>\n<p>Encontr\u00e1 la Feria de Mataderos en el mapa.<\/p>\n<p>[\/et_pb_text][et_pb_code admin_label=\u00bbMap\u00bb module_class=\u00bbmap-mobile\u00bb _builder_version=\u00bb4.27.4&#8243; _module_preset=\u00bbdefault\u00bb custom_margin=\u00bb-20px||||false|false\u00bb global_colors_info=\u00bb{}\u00bb]<iframe loading=\"lazy\" src=\"https:\/\/www.google.com\/maps\/d\/u\/0\/embed?mid=1zB5NvF2Ezi9Cbyv0xY0MIhr3SPJIdXI&#038;ehbc=2E312F&#038;noprof=1\" width=\"100%\" height=\"500\"><\/iframe>[\/et_pb_code][\/et_pb_column][\/et_pb_section][et_pb_section fb_built=\u00bb1&#8243; admin_label=\u00bbsection\u00bb _builder_version=\u00bb4.16&#8243; _module_preset=\u00bbdefault\u00bb background_color=\u00bb#f3f3f3&#8243; custom_margin=\u00bb||-82px||false|false\u00bb global_module=\u00bb253461&#8243; saved_tabs=\u00bball\u00bb global_colors_info=\u00bb{}\u00bb][et_pb_row admin_label=\u00bbrow\u00bb _builder_version=\u00bb4.16&#8243; background_size=\u00bbinitial\u00bb background_position=\u00bbtop_left\u00bb background_repeat=\u00bbrepeat\u00bb global_colors_info=\u00bb{}\u00bb][et_pb_column type=\u00bb4_4&#8243; _builder_version=\u00bb4.16&#8243; custom_padding=\u00bb|||\u00bb global_colors_info=\u00bb{}\u00bb custom_padding__hover=\u00bb|||\u00bb][\/et_pb_column][\/et_pb_row][\/et_pb_section]<\/p>\n","protected":false},"excerpt":{"rendered":"<p>La Feria de las Artesan\u00edas y Tradiciones Populares Argentinas, conocida por los porte\u00f1os como La Feria de Mataderos debido a su ubicaci\u00f3n, ofrece un muestrario de productos y costumbres argentinas que no dejar\u00e1 de sorprenderte.<strong>Actualizaci\u00f3n: <\/strong>septiembre 18, 2025<div class=\"heateor_sss_sharing_container heateor_sss_horizontal_sharing\" data-heateor-ss-offset=\"0\" data-heateor-sss-href='https:\/\/viewbuenosaires.com\/es\/feria-de-mataderos\/'><div class=\"heateor_sss_sharing_ul\"><a aria-label=\"Facebook\" class=\"heateor_sss_facebook\" href=\"https:\/\/www.facebook.com\/sharer\/sharer.php?u=https%3A%2F%2Fviewbuenosaires.com%2Fes%2Fferia-de-mataderos%2F\" title=\"Facebook\" rel=\"nofollow noopener\" target=\"_blank\" style=\"font-size:32px!important;box-shadow:none;display:inline-block;vertical-align:middle\"><span class=\"heateor_sss_svg\" style=\"background-color:#0765FE;width:33px;height:33px;border-radius:999px;display:inline-block;opacity:1;float:left;font-size:32px;box-shadow:none;display:inline-block;font-size:16px;padding:0 4px;vertical-align:middle;background-repeat:repeat;overflow:hidden;padding:0;cursor:pointer;box-sizing:content-box\"><svg style=\"display:block;border-radius:999px;\" focusable=\"false\" aria-hidden=\"true\" xmlns=\"http:\/\/www.w3.org\/2000\/svg\" width=\"100%\" height=\"100%\" viewBox=\"0 0 32 32\"><path fill=\"#ffffff\" d=\"M28 16c0-6.627-5.373-12-12-12S4 9.373 4 16c0 5.628 3.875 10.35 9.101 11.647v-7.98h-2.474V16H13.1v-1.58c0-4.085 1.849-5.978 5.859-5.978.76 0 2.072.15 2.608.298v3.325c-.283-.03-.775-.045-1.386-.045-1.967 0-2.728.745-2.728 2.683V16h3.92l-.673 3.667h-3.247v8.245C23.395 27.195 28 22.135 28 16Z\"><\/path><\/svg><\/span><\/a><a aria-label=\"X\" class=\"heateor_sss_button_x\" href=\"https:\/\/twitter.com\/intent\/tweet?text=Feria%20de%20Mataderos%3A%20cultura%20y%20tradici%C3%B3n%20argentina%20en%20un%20solo%20lugar&url=https%3A%2F%2Fviewbuenosaires.com%2Fes%2Fferia-de-mataderos%2F\" title=\"X\" rel=\"nofollow noopener\" target=\"_blank\" style=\"font-size:32px!important;box-shadow:none;display:inline-block;vertical-align:middle\"><span class=\"heateor_sss_svg heateor_sss_s__default heateor_sss_s_x\" style=\"background-color:#2a2a2a;width:33px;height:33px;border-radius:999px;display:inline-block;opacity:1;float:left;font-size:32px;box-shadow:none;display:inline-block;font-size:16px;padding:0 4px;vertical-align:middle;background-repeat:repeat;overflow:hidden;padding:0;cursor:pointer;box-sizing:content-box\"><svg width=\"100%\" height=\"100%\" style=\"display:block;border-radius:999px;\" focusable=\"false\" aria-hidden=\"true\" xmlns=\"http:\/\/www.w3.org\/2000\/svg\" viewBox=\"0 0 32 32\"><path fill=\"#ffffff\" d=\"M21.751 7h3.067l-6.7 7.658L26 25.078h-6.172l-4.833-6.32-5.531 6.32h-3.07l7.167-8.19L6 7h6.328l4.37 5.777L21.75 7Zm-1.076 16.242h1.7L11.404 8.74H9.58l11.094 14.503Z\"><\/path><\/svg><\/span><\/a><a aria-label=\"Pinterest\" class=\"heateor_sss_button_pinterest\" href=\"https:\/\/viewbuenosaires.com\/es\/feria-de-mataderos\/\" onclick=\"event.preventDefault();javascript:void( (function() {var e=document.createElement('script' );e.setAttribute('type','text\/javascript' );e.setAttribute('charset','UTF-8' );e.setAttribute('src','\/\/assets.pinterest.com\/js\/pinmarklet.js?r='+Math.random()*99999999);document.body.appendChild(e)})());\" title=\"Pinterest\" rel=\"noopener\" style=\"font-size:32px!important;box-shadow:none;display:inline-block;vertical-align:middle\"><span class=\"heateor_sss_svg heateor_sss_s__default heateor_sss_s_pinterest\" style=\"background-color:#cc2329;width:33px;height:33px;border-radius:999px;display:inline-block;opacity:1;float:left;font-size:32px;box-shadow:none;display:inline-block;font-size:16px;padding:0 4px;vertical-align:middle;background-repeat:repeat;overflow:hidden;padding:0;cursor:pointer;box-sizing:content-box\"><svg style=\"display:block;border-radius:999px;\" focusable=\"false\" aria-hidden=\"true\" xmlns=\"http:\/\/www.w3.org\/2000\/svg\" width=\"100%\" height=\"100%\" viewBox=\"-2 -2 35 35\"><path fill=\"#ffffff\" d=\"M16.539 4.5c-6.277 0-9.442 4.5-9.442 8.253 0 2.272.86 4.293 2.705 5.046.303.125.574.005.662-.33.061-.231.205-.816.27-1.06.088-.331.053-.447-.191-.736-.532-.627-.873-1.439-.873-2.591 0-3.338 2.498-6.327 6.505-6.327 3.548 0 5.497 2.168 5.497 5.062 0 3.81-1.686 7.025-4.188 7.025-1.382 0-2.416-1.142-2.085-2.545.397-1.674 1.166-3.48 1.166-4.689 0-1.081-.581-1.983-1.782-1.983-1.413 0-2.548 1.462-2.548 3.419 0 1.247.421 2.091.421 2.091l-1.699 7.199c-.505 2.137-.076 4.755-.039 5.019.021.158.223.196.314.077.13-.17 1.813-2.247 2.384-4.324.162-.587.929-3.631.929-3.631.46.876 1.801 1.646 3.227 1.646 4.247 0 7.128-3.871 7.128-9.053.003-3.918-3.317-7.568-8.361-7.568z\"\/><\/svg><\/span><\/a><a aria-label=\"Whatsapp\" class=\"heateor_sss_whatsapp\" href=\"https:\/\/api.whatsapp.com\/send?text=Feria%20de%20Mataderos%3A%20cultura%20y%20tradici%C3%B3n%20argentina%20en%20un%20solo%20lugar%20https%3A%2F%2Fviewbuenosaires.com%2Fes%2Fferia-de-mataderos%2F\" title=\"Whatsapp\" rel=\"nofollow noopener\" target=\"_blank\" style=\"font-size:32px!important;box-shadow:none;display:inline-block;vertical-align:middle\"><span class=\"heateor_sss_svg\" style=\"background-color:#55eb4c;width:33px;height:33px;border-radius:999px;display:inline-block;opacity:1;float:left;font-size:32px;box-shadow:none;display:inline-block;font-size:16px;padding:0 4px;vertical-align:middle;background-repeat:repeat;overflow:hidden;padding:0;cursor:pointer;box-sizing:content-box\"><svg style=\"display:block;border-radius:999px;\" focusable=\"false\" aria-hidden=\"true\" xmlns=\"http:\/\/www.w3.org\/2000\/svg\" width=\"100%\" height=\"100%\" viewBox=\"-6 -5 40 40\"><path class=\"heateor_sss_svg_stroke heateor_sss_no_fill\" stroke=\"#ffffff\" stroke-width=\"2\" fill=\"none\" d=\"M 11.579798566743314 24.396926207859085 A 10 10 0 1 0 6.808479557110079 20.73576436351046\"><\/path><path d=\"M 7 19 l -1 6 l 6 -1\" class=\"heateor_sss_no_fill heateor_sss_svg_stroke\" stroke=\"#ffffff\" stroke-width=\"2\" fill=\"none\"><\/path><path d=\"M 10 10 q -1 8 8 11 c 5 -1 0 -6 -1 -3 q -4 -3 -5 -5 c 4 -2 -1 -5 -1 -4\" fill=\"#ffffff\"><\/path><\/svg><\/span><\/a><a aria-label=\"Email\" class=\"heateor_sss_email\" href=\"https:\/\/viewbuenosaires.com\/es\/feria-de-mataderos\/\" onclick=\"event.preventDefault();window.open('mailto:?subject=' + decodeURIComponent('Feria%20de%20Mataderos%3A%20cultura%20y%20tradici%C3%B3n%20argentina%20en%20un%20solo%20lugar').replace('&', '%26') + '&body=https%3A%2F%2Fviewbuenosaires.com%2Fes%2Fferia-de-mataderos%2F', '_blank')\" title=\"Email\" rel=\"noopener\" style=\"font-size:32px!important;box-shadow:none;display:inline-block;vertical-align:middle\"><span class=\"heateor_sss_svg\" style=\"background-color:#649a3f;width:33px;height:33px;border-radius:999px;display:inline-block;opacity:1;float:left;font-size:32px;box-shadow:none;display:inline-block;font-size:16px;padding:0 4px;vertical-align:middle;background-repeat:repeat;overflow:hidden;padding:0;cursor:pointer;box-sizing:content-box\"><svg style=\"display:block;border-radius:999px;\" focusable=\"false\" aria-hidden=\"true\" xmlns=\"http:\/\/www.w3.org\/2000\/svg\" width=\"100%\" height=\"100%\" viewBox=\"-.75 -.5 36 36\"><path d=\"M 5.5 11 h 23 v 1 l -11 6 l -11 -6 v -1 m 0 2 l 11 6 l 11 -6 v 11 h -22 v -11\" stroke-width=\"1\" fill=\"#ffffff\"><\/path><\/svg><\/span><\/a><\/div><div class=\"heateorSssClear\"><\/div><\/div><div class=\"et_pb_module pac_divi_table_of_contents pac_divi_table_of_contents_0\">\n\t\t\t\t\n\t\t\t\t\n\t\t\t\t\n\t\t\t\t\n\t\t\t\t\n\t\t\t\t\n\t\t\t\t<div class=\"et_pb_module_inner\">\n\t\t\t\t\t\n        <div class=\"pac_dtoc_main_container\"\n        data-allow_collapse_minimize=\"on\"\n        data-allow_collapse_minimize_tablet=\"on\"\n        data-allow_collapse_minimize_phone=\"on\"\n        data-ss=\"2000\"\n        data-sah=\"100\"\n        data-collapse_when_sticky=\"off\"\n        data-collapse_when_sticky_tablet=\"off\"\n        data-collapse_when_sticky_phone=\"off\"\n        data-skh=\"off\"\n        data-mtocai=\"off\"\n        data-mtocai_tablet=\"off\"\n        data-mtocai_phone=\"off\"\n        data-alh=\"\u00bbon\u00bb\"\n        data-ds=\"\u00bbclosed\u00bb\"\n        data-dst=\"\u00bbclosed\u00bb\"\n        data-dsp=\"\u00bbclosed\u00bb\">\n            <div class=\"pac_dtoc_title_area click_on click_tablet_on click_phone_on\">\n                <div role=\"heading\" aria-level=\"2\" id=\"pac_dtocm_title\" class=\"pac_dtoc_title\">Table of Contents<\/div>\n                \n                <div class=\"pac_dtoc_icon_responsive\">\n                    <div class=\"pac_dtoc_opened_icon\"><\/div>\n                    <div class=\"pac_dtoc_closed_icon\"><\/div>\n                <\/div>\n                \n            <\/div>\n            <div role=\"navigation\" aria-labelledby=\"pac_dtocm_title\" class=\"pac_dtoc_body_area inside\">\n                \n                <div class='divi_table_of_contents' role=\"tree\" ><\/div>\n            <\/div>\n        <\/div>\n        \n\t\t\t\t<\/div>\n\t\t\t<\/div><\/p>\n","protected":false},"author":2,"featured_media":255129,"comment_status":"open","ping_status":"open","sticky":false,"template":"","format":"standard","meta":{"_et_pb_use_builder":"on","_et_pb_old_content":"","_et_gb_content_width":"","_lmt_disableupdate":"no","_lmt_disable":"","footnotes":""},"categories":[38],"tags":[],"class_list":["post-255135","post","type-post","status-publish","format-standard","has-post-thumbnail","hentry","category-aire-libre"],"modified_by":"Nadia","_links":{"self":[{"href":"https:\/\/viewbuenosaires.com\/es\/wp-json\/wp\/v2\/posts\/255135","targetHints":{"allow":["GET"]}}],"collection":[{"href":"https:\/\/viewbuenosaires.com\/es\/wp-json\/wp\/v2\/posts"}],"about":[{"href":"https:\/\/viewbuenosaires.com\/es\/wp-json\/wp\/v2\/types\/post"}],"author":[{"embeddable":true,"href":"https:\/\/viewbuenosaires.com\/es\/wp-json\/wp\/v2\/users\/2"}],"replies":[{"embeddable":true,"href":"https:\/\/viewbuenosaires.com\/es\/wp-json\/wp\/v2\/comments?post=255135"}],"version-history":[{"count":2,"href":"https:\/\/viewbuenosaires.com\/es\/wp-json\/wp\/v2\/posts\/255135\/revisions"}],"predecessor-version":[{"id":257060,"href":"https:\/\/viewbuenosaires.com\/es\/wp-json\/wp\/v2\/posts\/255135\/revisions\/257060"}],"wp:featuredmedia":[{"embeddable":true,"href":"https:\/\/viewbuenosaires.com\/es\/wp-json\/wp\/v2\/media\/255129"}],"wp:attachment":[{"href":"https:\/\/viewbuenosaires.com\/es\/wp-json\/wp\/v2\/media?parent=255135"}],"wp:term":[{"taxonomy":"category","embeddable":true,"href":"https:\/\/viewbuenosaires.com\/es\/wp-json\/wp\/v2\/categories?post=255135"},{"taxonomy":"post_tag","embeddable":true,"href":"https:\/\/viewbuenosaires.com\/es\/wp-json\/wp\/v2\/tags?post=255135"}],"curies":[{"name":"wp","href":"https:\/\/api.w.org\/{rel}","templated":true}]}}