{"id":254324,"date":"2024-12-22T19:05:42","date_gmt":"2024-12-22T22:05:42","guid":{"rendered":"https:\/\/viewbuenosaires.com\/day-buenos-aires-countryside\/"},"modified":"2025-10-23T07:32:28","modified_gmt":"2025-10-23T10:32:28","slug":"dia-de-campo-en-buenos-aires","status":"publish","type":"post","link":"https:\/\/viewbuenosaires.com\/es\/dia-de-campo-en-buenos-aires\/","title":{"rendered":"D\u00eda de campo en Buenos Aires"},"content":{"rendered":"<p>[et_pb_section fb_built=\u00bb1&#8243; fullwidth=\u00bbon\u00bb _builder_version=\u00bb4.22.2&#8243; _module_preset=\u00bbdefault\u00bb global_colors_info=\u00bb{}\u00bb][et_pb_fullwidth_header title=\u00bbD\u00eda de campo en Buenos Aires\u00bb subhead=\u00bb GU\u00cdA PARA LA MEJOR EXPERIENCIA RURAL CERCA DE LA CIUDAD\u00bb text_orientation=\u00bbcenter\u00bb header_fullscreen=\u00bbon\u00bb header_scroll_down=\u00bbon\u00bb scroll_down_icon=\u00bb%%7%%\u00bb scroll_down_icon_size=\u00bb54px\u00bb _builder_version=\u00bb4.27.4&#8243; _dynamic_attributes=\u00bbcontent\u00bb _module_preset=\u00bbdefault\u00bb title_font=\u00bb&#8211;et_global_heading_font|700|||||||\u00bb title_font_size=\u00bb80px\u00bb title_line_height=\u00bb1.3em\u00bb subhead_font=\u00bb|600|||||||\u00bb subhead_font_size=\u00bb32px\u00bb subhead_line_height=\u00bb1.3em\u00bb content_link_font=\u00bb||||||||\u00bb content_link_text_align=\u00bbcenter\u00bb content_link_text_color=\u00bb#FFFFFF\u00bb content_link_line_height=\u00bb1.3em\u00bb background_enable_color=\u00bboff\u00bb background_image=\u00bbhttps:\/\/viewbuenosaires.com\/wp-content\/uploads\/2024\/12\/dia-de-campo-main.jpg\u00bb hover_enabled=\u00bb0&#8243; title_font_size_tablet=\u00bb72px\u00bb title_font_size_phone=\u00bb42px\u00bb title_font_size_last_edited=\u00bbon|phone\u00bb subhead_font_size_tablet=\u00bb28px\u00bb subhead_font_size_phone=\u00bb24px\u00bb subhead_font_size_last_edited=\u00bbon|phone\u00bb background_last_edited=\u00bbon|phone\u00bb background_image_phone=\u00bbhttps:\/\/viewbuenosaires.com\/wp-content\/uploads\/2024\/12\/country-house-moble.jpg\u00bb background_enable_image_phone=\u00bbon\u00bb custom_css_content=\u00bbbackground-color: #000;||padding: 8px 15px 8px 15px;||border-radius: 3px;||display: inline-block;\u00bb custom_css_subtitle=\u00bbmargin-bottom: 40px;\u00bb global_colors_info=\u00bb{}\u00bb custom_css_content__hover_enabled=\u00bbon|hover\u00bb custom_css_content__hover=\u00bbbackground-color: #5c8cb2;\u00bb sticky_enabled=\u00bb0&#8243;]@ET-DC@eyJkeW5hbWljIjp0cnVlLCJjb250ZW50IjoicG9zdF9jYXRlZ29yaWVzIiwic2V0dGluZ3MiOnsiYmVmb3JlIjoiIiwiYWZ0ZXIiOiIiLCJsaW5rX3RvX3Rlcm1fcGFnZSI6Im9uIiwic2VwYXJhdG9yIjoiIHwgIiwiY2F0ZWdvcnlfdHlwZSI6ImNhdGVnb3J5In19@[\/et_pb_fullwidth_header][\/et_pb_section][et_pb_section fb_built=\u00bb1&#8243; _builder_version=\u00bb4.22.2&#8243; _module_preset=\u00bbdefault\u00bb custom_padding=\u00bb0px||0px||false|false\u00bb saved_tabs=\u00bball\u00bb global_colors_info=\u00bb{}\u00bb][et_pb_row _builder_version=\u00bb4.22.2&#8243; _module_preset=\u00bbdefault\u00bb custom_padding=\u00bb||0px||false|false\u00bb global_colors_info=\u00bb{}\u00bb][et_pb_column type=\u00bb4_4&#8243; _builder_version=\u00bb4.22.2&#8243; _module_preset=\u00bbdefault\u00bb global_colors_info=\u00bb{}\u00bb][et_pb_dmb_breadcrumbs home_icon=\u00bb&#xe074;||divi||400&#8243; use_home_text=\u00bbon\u00bb _builder_version=\u00bb4.22.2&#8243; _module_preset=\u00bbdefault\u00bb body_font=\u00bb|800||on|||||\u00bb body_text_color=\u00bb#999999&#8243; body_font_size=\u00bb14px\u00bb body_letter_spacing=\u00bb1px\u00bb body_line_height=\u00bb1.7em\u00bb separator_text_color=\u00bb#bbbbbb\u00bb separator_line_height=\u00bb1.7em\u00bb link_font=\u00bb|800||on|||||\u00bb link_text_color=\u00bb#bbbbbb\u00bb link_font_size=\u00bb14px\u00bb link_letter_spacing=\u00bb1px\u00bb link_line_height=\u00bb1.7em\u00bb linkhover_font=\u00bb|800||on|||||\u00bb linkhover_text_color=\u00bb#5c8cb2&#8243; linkhover_font_size=\u00bb14px\u00bb linkhover_letter_spacing=\u00bb1px\u00bb linkhover_line_height=\u00bb1.5em\u00bb global_colors_info=\u00bb{}\u00bb][\/et_pb_dmb_breadcrumbs][\/et_pb_column][\/et_pb_row][\/et_pb_section][et_pb_section fb_built=\u00bb1&#8243; specialty=\u00bbon\u00bb custom_padding_last_edited=\u00bboff|desktop\u00bb module_class_2=\u00bbsticky\u00bb _builder_version=\u00bb4.27.2&#8243; _module_preset=\u00bbdefault\u00bb custom_padding=\u00bb0px||||false|true\u00bb custom_padding_tablet=\u00bb|0px||0px|false|true\u00bb global_colors_info=\u00bb{}\u00bb][et_pb_column type=\u00bb2_3&#8243; specialty_columns=\u00bb2&#8243; _builder_version=\u00bb4.16&#8243; custom_padding=\u00bb|||\u00bb global_colors_info=\u00bb{}\u00bb custom_padding__hover=\u00bb|||\u00bb][et_pb_row_inner _builder_version=\u00bb4.22.2&#8243; _module_preset=\u00bbdefault\u00bb global_colors_info=\u00bb{}\u00bb][et_pb_column_inner saved_specialty_column_type=\u00bb2_3&#8243; _builder_version=\u00bb4.22.2&#8243; _module_preset=\u00bbdefault\u00bb global_colors_info=\u00bb{}\u00bb][et_pb_text admin_label=\u00bbIntro\u00bb _builder_version=\u00bb4.27.4&#8243; _module_preset=\u00bbdefault\u00bb text_font=\u00bb|600|||||||\u00bb text_font_size=\u00bb24px\u00bb text_line_height=\u00bb1.3em\u00bb link_font=\u00bb|800||on|||||\u00bb link_text_color=\u00bb#EDF000&#8243; global_colors_info=\u00bb{}\u00bb]<\/p>\n<p><strong>Si te cansaste del movimiento vertiginoso de la ciudad y necesit\u00e1s un poco de aire fresco, te llevamos a recorrer las mejores estancias de Buenos Aires. Con actividades al aire libre y una conexi\u00f3n total con la naturaleza, ac\u00e1 ten\u00e9s el plan perfecto para una escapada de fin de semana.<\/strong><\/p>\n<p>[\/et_pb_text][\/et_pb_column_inner][\/et_pb_row_inner][et_pb_row_inner column_structure=\u00bb1_2,1_2&#8243; _builder_version=\u00bb4.22.2&#8243; _module_preset=\u00bbdefault\u00bb custom_padding=\u00bb0px||||false|false\u00bb saved_tabs=\u00bball\u00bb global_colors_info=\u00bb{}\u00bb][et_pb_column_inner type=\u00bb1_2&#8243; _builder_version=\u00bb4.22.2&#8243; _module_preset=\u00bbdefault\u00bb global_colors_info=\u00bb{}\u00bb][et_pb_text admin_label=\u00bbLast updated\u00bb _builder_version=\u00bb4.27.2&#8243; _module_preset=\u00bbdefault\u00bb text_font=\u00bb|||on|||||\u00bb text_text_color=\u00bb#5c8cb2&#8243; global_colors_info=\u00bb{}\u00bb]<\/p>\n<strong>Actualizaci\u00f3n: <\/strong>octubre 23, 2025\n<p>[\/et_pb_text][\/et_pb_column_inner][et_pb_column_inner type=\u00bb1_2&#8243; _builder_version=\u00bb4.22.2&#8243; _module_preset=\u00bbdefault\u00bb global_colors_info=\u00bb{}\u00bb][et_pb_text admin_label=\u00bbSocial sharing\u00bb _builder_version=\u00bb4.22.2&#8243; _module_preset=\u00bbdefault\u00bb custom_margin=\u00bb-10px||||false|false\u00bb custom_padding=\u00bb||||false|false\u00bb global_colors_info=\u00bb{}\u00bb]<div class=\"heateor_sss_sharing_container heateor_sss_horizontal_sharing\" data-heateor-ss-offset=\"0\" data-heateor-sss-href='https:\/\/viewbuenosaires.com\/es\/dia-de-campo-en-buenos-aires\/'><div class=\"heateor_sss_sharing_ul\"><a aria-label=\"Facebook\" class=\"heateor_sss_facebook\" href=\"https:\/\/www.facebook.com\/sharer\/sharer.php?u=https%3A%2F%2Fviewbuenosaires.com%2Fes%2Fdia-de-campo-en-buenos-aires%2F\" title=\"Facebook\" rel=\"nofollow noopener\" target=\"_blank\" style=\"font-size:32px!important;box-shadow:none;display:inline-block;vertical-align:middle\"><span class=\"heateor_sss_svg\" style=\"background-color:#0765FE;width:33px;height:33px;border-radius:999px;display:inline-block;opacity:1;float:left;font-size:32px;box-shadow:none;display:inline-block;font-size:16px;padding:0 4px;vertical-align:middle;background-repeat:repeat;overflow:hidden;padding:0;cursor:pointer;box-sizing:content-box\"><svg style=\"display:block;border-radius:999px;\" focusable=\"false\" aria-hidden=\"true\" xmlns=\"http:\/\/www.w3.org\/2000\/svg\" width=\"100%\" height=\"100%\" viewBox=\"0 0 32 32\"><path fill=\"#ffffff\" d=\"M28 16c0-6.627-5.373-12-12-12S4 9.373 4 16c0 5.628 3.875 10.35 9.101 11.647v-7.98h-2.474V16H13.1v-1.58c0-4.085 1.849-5.978 5.859-5.978.76 0 2.072.15 2.608.298v3.325c-.283-.03-.775-.045-1.386-.045-1.967 0-2.728.745-2.728 2.683V16h3.92l-.673 3.667h-3.247v8.245C23.395 27.195 28 22.135 28 16Z\"><\/path><\/svg><\/span><\/a><a aria-label=\"X\" class=\"heateor_sss_button_x\" href=\"https:\/\/twitter.com\/intent\/tweet?text=D%C3%ADa%20de%20campo%20en%20Buenos%20Aires&url=https%3A%2F%2Fviewbuenosaires.com%2Fes%2Fdia-de-campo-en-buenos-aires%2F\" title=\"X\" rel=\"nofollow noopener\" target=\"_blank\" style=\"font-size:32px!important;box-shadow:none;display:inline-block;vertical-align:middle\"><span class=\"heateor_sss_svg heateor_sss_s__default heateor_sss_s_x\" style=\"background-color:#2a2a2a;width:33px;height:33px;border-radius:999px;display:inline-block;opacity:1;float:left;font-size:32px;box-shadow:none;display:inline-block;font-size:16px;padding:0 4px;vertical-align:middle;background-repeat:repeat;overflow:hidden;padding:0;cursor:pointer;box-sizing:content-box\"><svg width=\"100%\" height=\"100%\" style=\"display:block;border-radius:999px;\" focusable=\"false\" aria-hidden=\"true\" xmlns=\"http:\/\/www.w3.org\/2000\/svg\" viewBox=\"0 0 32 32\"><path fill=\"#ffffff\" d=\"M21.751 7h3.067l-6.7 7.658L26 25.078h-6.172l-4.833-6.32-5.531 6.32h-3.07l7.167-8.19L6 7h6.328l4.37 5.777L21.75 7Zm-1.076 16.242h1.7L11.404 8.74H9.58l11.094 14.503Z\"><\/path><\/svg><\/span><\/a><a aria-label=\"Pinterest\" class=\"heateor_sss_button_pinterest\" href=\"https:\/\/viewbuenosaires.com\/es\/dia-de-campo-en-buenos-aires\/\" onclick=\"event.preventDefault();javascript:void( (function() {var e=document.createElement('script' );e.setAttribute('type','text\/javascript' );e.setAttribute('charset','UTF-8' );e.setAttribute('src','\/\/assets.pinterest.com\/js\/pinmarklet.js?r='+Math.random()*99999999);document.body.appendChild(e)})());\" title=\"Pinterest\" rel=\"noopener\" style=\"font-size:32px!important;box-shadow:none;display:inline-block;vertical-align:middle\"><span class=\"heateor_sss_svg heateor_sss_s__default heateor_sss_s_pinterest\" style=\"background-color:#cc2329;width:33px;height:33px;border-radius:999px;display:inline-block;opacity:1;float:left;font-size:32px;box-shadow:none;display:inline-block;font-size:16px;padding:0 4px;vertical-align:middle;background-repeat:repeat;overflow:hidden;padding:0;cursor:pointer;box-sizing:content-box\"><svg style=\"display:block;border-radius:999px;\" focusable=\"false\" aria-hidden=\"true\" xmlns=\"http:\/\/www.w3.org\/2000\/svg\" width=\"100%\" height=\"100%\" viewBox=\"-2 -2 35 35\"><path fill=\"#ffffff\" d=\"M16.539 4.5c-6.277 0-9.442 4.5-9.442 8.253 0 2.272.86 4.293 2.705 5.046.303.125.574.005.662-.33.061-.231.205-.816.27-1.06.088-.331.053-.447-.191-.736-.532-.627-.873-1.439-.873-2.591 0-3.338 2.498-6.327 6.505-6.327 3.548 0 5.497 2.168 5.497 5.062 0 3.81-1.686 7.025-4.188 7.025-1.382 0-2.416-1.142-2.085-2.545.397-1.674 1.166-3.48 1.166-4.689 0-1.081-.581-1.983-1.782-1.983-1.413 0-2.548 1.462-2.548 3.419 0 1.247.421 2.091.421 2.091l-1.699 7.199c-.505 2.137-.076 4.755-.039 5.019.021.158.223.196.314.077.13-.17 1.813-2.247 2.384-4.324.162-.587.929-3.631.929-3.631.46.876 1.801 1.646 3.227 1.646 4.247 0 7.128-3.871 7.128-9.053.003-3.918-3.317-7.568-8.361-7.568z\"\/><\/svg><\/span><\/a><a aria-label=\"Whatsapp\" class=\"heateor_sss_whatsapp\" href=\"https:\/\/api.whatsapp.com\/send?text=D%C3%ADa%20de%20campo%20en%20Buenos%20Aires%20https%3A%2F%2Fviewbuenosaires.com%2Fes%2Fdia-de-campo-en-buenos-aires%2F\" title=\"Whatsapp\" rel=\"nofollow noopener\" target=\"_blank\" style=\"font-size:32px!important;box-shadow:none;display:inline-block;vertical-align:middle\"><span class=\"heateor_sss_svg\" style=\"background-color:#55eb4c;width:33px;height:33px;border-radius:999px;display:inline-block;opacity:1;float:left;font-size:32px;box-shadow:none;display:inline-block;font-size:16px;padding:0 4px;vertical-align:middle;background-repeat:repeat;overflow:hidden;padding:0;cursor:pointer;box-sizing:content-box\"><svg style=\"display:block;border-radius:999px;\" focusable=\"false\" aria-hidden=\"true\" xmlns=\"http:\/\/www.w3.org\/2000\/svg\" width=\"100%\" height=\"100%\" viewBox=\"-6 -5 40 40\"><path class=\"heateor_sss_svg_stroke heateor_sss_no_fill\" stroke=\"#ffffff\" stroke-width=\"2\" fill=\"none\" d=\"M 11.579798566743314 24.396926207859085 A 10 10 0 1 0 6.808479557110079 20.73576436351046\"><\/path><path d=\"M 7 19 l -1 6 l 6 -1\" class=\"heateor_sss_no_fill heateor_sss_svg_stroke\" stroke=\"#ffffff\" stroke-width=\"2\" fill=\"none\"><\/path><path d=\"M 10 10 q -1 8 8 11 c 5 -1 0 -6 -1 -3 q -4 -3 -5 -5 c 4 -2 -1 -5 -1 -4\" fill=\"#ffffff\"><\/path><\/svg><\/span><\/a><a aria-label=\"Email\" class=\"heateor_sss_email\" href=\"https:\/\/viewbuenosaires.com\/es\/dia-de-campo-en-buenos-aires\/\" onclick=\"event.preventDefault();window.open('mailto:?subject=' + decodeURIComponent('D%C3%ADa%20de%20campo%20en%20Buenos%20Aires').replace('&', '%26') + '&body=https%3A%2F%2Fviewbuenosaires.com%2Fes%2Fdia-de-campo-en-buenos-aires%2F', '_blank')\" title=\"Email\" rel=\"noopener\" style=\"font-size:32px!important;box-shadow:none;display:inline-block;vertical-align:middle\"><span class=\"heateor_sss_svg\" style=\"background-color:#649a3f;width:33px;height:33px;border-radius:999px;display:inline-block;opacity:1;float:left;font-size:32px;box-shadow:none;display:inline-block;font-size:16px;padding:0 4px;vertical-align:middle;background-repeat:repeat;overflow:hidden;padding:0;cursor:pointer;box-sizing:content-box\"><svg style=\"display:block;border-radius:999px;\" focusable=\"false\" aria-hidden=\"true\" xmlns=\"http:\/\/www.w3.org\/2000\/svg\" width=\"100%\" height=\"100%\" viewBox=\"-.75 -.5 36 36\"><path d=\"M 5.5 11 h 23 v 1 l -11 6 l -11 -6 v -1 m 0 2 l 11 6 l 11 -6 v 11 h -22 v -11\" stroke-width=\"1\" fill=\"#ffffff\"><\/path><\/svg><\/span><\/a><\/div><div class=\"heateorSssClear\"><\/div><\/div>[\/et_pb_text][\/et_pb_column_inner][\/et_pb_row_inner][et_pb_row_inner _builder_version=\u00bb4.22.2&#8243; _module_preset=\u00bbdefault\u00bb custom_padding=\u00bb0px||||false|false\u00bb global_colors_info=\u00bb{}\u00bb][et_pb_column_inner saved_specialty_column_type=\u00bb2_3&#8243; _builder_version=\u00bb4.22.2&#8243; _module_preset=\u00bbdefault\u00bb global_colors_info=\u00bb{}\u00bb][pac_divi_table_of_contents default_state=\u00bbclosed\u00bb opened_icon=\u00bb&#xe043;||divi||400&#8243; closed_icon=\u00bb&#xe044;||divi||400&#8243; exclude_headings_by_class=\u00bbon\u00bb included_headings=\u00bboff|on|off|off|off|off\u00bb active_link_highlight=\u00bbon\u00bb level_markers_2=\u00bbnone\u00bb title_container_bg_color=\u00bb#f3f3f3&#8243; open_icon_color=\u00bb#333333&#8243; open_icon_size=\u00bb24px\u00bb close_icon_color=\u00bb#333333&#8243; close_icon_size=\u00bb24px\u00bb body_area_scroll_color=\u00bb#333333&#8243; body_area_padding=\u00bb15px|23px|15px|0px|false|false\u00bb body_area_bg_color=\u00bb#f3f3f3&#8243; body_area_text_link_color=\u00bb#333333&#8243; body_area_text_link_underline=\u00bb#5c8cb2&#8243; body_area_text_link_padding=\u00bb0px|0px|20px|0px|false|false\u00bb body_area_text_link_color_active=\u00bb#5c8cb2&#8243; body_area_text_link_underline_active=\u00bb#5c8cb2&#8243; body_area_text_link_padding_active=\u00bb0px|0px|20px|0px|false|false\u00bb disabled_on=\u00bboff|off|on\u00bb admin_label=\u00bbrow\u00bb _builder_version=\u00bb4.16&#8243; _module_preset=\u00bbdefault\u00bb title_font_font=\u00bb|600|||||||\u00bb title_text_color=\u00bb#333333&#8243; title_font_size=\u00bb20px\u00bb title_line_height=\u00bb1.3em\u00bb heading_all_font_size=\u00bb20px\u00bb heading_all_active_font=\u00bb||||||||\u00bb heading_all_active_font_size=\u00bb20px\u00bb heading_all_active_line_height=\u00bb1.3em\u00bb marker_all_font_size=\u00bb18px\u00bb custom_padding=\u00bb|||\u00bb border_radii_title_container=\u00bbon||||\u00bb border_color_all_body_area_heading_text_active=\u00bb#dddddd\u00bb global_module=\u00bb253476&#8243; saved_tabs=\u00bball\u00bb global_colors_info=\u00bb{}\u00bb body_area_text_link_color__hover_enabled=\u00bbon|desktop\u00bb body_area_text_link_color__hover=\u00bb#5c8cb2&#8243;][\/pac_divi_table_of_contents][et_pb_text admin_label=\u00bbGeneral text\u00bb module_class=\u00bbcontent pac-dtocm-exclude\u00bb _builder_version=\u00bb4.27.4&#8243; _module_preset=\u00bbdefault\u00bb header_2_font_size=\u00bb34px\u00bb header_2_font_size_tablet=\u00bb30px\u00bb header_2_font_size_phone=\u00bb26px\u00bb header_2_font_size_last_edited=\u00bbon|phone\u00bb global_colors_info=\u00bb{}\u00bb]<\/p>\n<p><span style=\"font-weight: 400;\">Una escapada al aire libre, sea en familia o con amigos, es super necesaria para cortar la rutina y darle al cuerpo un merecido descanso. Sin embargo, muchas veces pensamos que ese momento s\u00f3lo puede darse durante las vacaciones y que tenemos que esperar hasta ese momento.<\/span><\/p>\n<p><span style=\"font-weight: 400;\">Para cambiar esa creencia y abrirnos a nuevas posibilidades, te mostramos diferentes propuestas sobre qu\u00e9 hacer un fin de semana cerca de la ciudad. Existen opciones para hacer escapadas de 2 d\u00edas, o algunas que implican s\u00f3lo unas horas, y sumergirse de lleno en el turismo rural. <\/span><\/p>\n<p>[\/et_pb_text][\/et_pb_column_inner][\/et_pb_row_inner][et_pb_row_inner _builder_version=\u00bb4.22.2&#8243; _module_preset=\u00bbdefault\u00bb custom_margin=\u00bb20px||||false|false\u00bb global_colors_info=\u00bb{}\u00bb][et_pb_column_inner saved_specialty_column_type=\u00bb2_3&#8243; _builder_version=\u00bb4.22.2&#8243; _module_preset=\u00bbdefault\u00bb global_colors_info=\u00bb{}\u00bb][et_pb_image src=\u00bbhttps:\/\/viewbuenosaires.com\/wp-content\/uploads\/2024\/12\/dia-de-campo-content.jpg\u00bb alt=\u00bbestancia en Bueno Aires\u00bb title_text=\u00bbdia-de-campo-content\u00bb align=\u00bbcenter\u00bb _builder_version=\u00bb4.27.4&#8243; _module_preset=\u00bbdefault\u00bb global_colors_info=\u00bb{}\u00bb][\/et_pb_image][et_pb_text admin_label=\u00bbImage caption\u00bb _builder_version=\u00bb4.27.4&#8243; _module_preset=\u00bbdefault\u00bb text_font=\u00bb||on||||||\u00bb text_font_size=\u00bb16px\u00bb text_line_height=\u00bb1.4em\u00bb text_orientation=\u00bbcenter\u00bb custom_margin=\u00bb-15px||||false|false\u00bb global_colors_info=\u00bb{}\u00bb]<\/p>\n<p><em><span style=\"font-weight: 400;\">Buenos Aires rural, disfrutar de un d\u00eda de campo cerca de la ciudad. Foto: <a href=\"http:\/\/shutterstock.com\" rel=\"nofollow noopener\" target=\"_blank\">Shutterstock.com<\/a><\/span><\/em><\/p>\n<p>[\/et_pb_text][et_pb_text admin_label=\u00bbGeneral text\u00bb module_class=\u00bbcontent pac-dtocm-exclude\u00bb _builder_version=\u00bb4.27.4&#8243; _module_preset=\u00bbdefault\u00bb header_2_font_size=\u00bb34px\u00bb header_2_font_size_tablet=\u00bb30px\u00bb header_2_font_size_phone=\u00bb26px\u00bb header_2_font_size_last_edited=\u00bbon|phone\u00bb global_colors_info=\u00bb{}\u00bb]<\/p>\n<p><span style=\"font-weight: 400;\">Desde hospedarse en fincas tur\u00edsticas, recorrer pueblos rurales o relajarse en un D\u00eda de Campo en Buenos Aires, hasta realizar actividades al aire libre y hacer una experiencia rural de un d\u00eda entero. Aqu\u00ed podr\u00e1s encontrar diferentes opciones, que incluyen tanto jornadas de un d\u00eda en las mejores estancias de Buenos Aires, como opciones para conocer y sumergirte en la vida de campo<\/span><\/p>\n<p>[\/et_pb_text][\/et_pb_column_inner][\/et_pb_row_inner][et_pb_row_inner _builder_version=\u00bb4.22.2&#8243; _module_preset=\u00bbdefault\u00bb custom_margin=\u00bb20px||||false|false\u00bb global_colors_info=\u00bb{}\u00bb][et_pb_column_inner saved_specialty_column_type=\u00bb2_3&#8243; _builder_version=\u00bb4.22.2&#8243; _module_preset=\u00bbdefault\u00bb global_colors_info=\u00bb{}\u00bb][et_pb_text admin_label=\u00bbText\u00bb module_class=\u00bbcontent\u00bb _builder_version=\u00bb4.27.4&#8243; _module_preset=\u00bbdefault\u00bb locked=\u00bboff\u00bb global_colors_info=\u00bb{}\u00bb]<\/p>\n<h2><strong>Luj\u00e1n<\/strong><\/h2>\n<hr \/>\n<p>&nbsp;<\/p>\n<p>[\/et_pb_text][et_pb_icon font_icon=\u00bb&#x22;||divi||400&#8243; icon_color=\u00bb#5c8cb2&#8243; icon_width=\u00bb48px\u00bb admin_label=\u00bbarrow\u00bb _builder_version=\u00bb4.27.4&#8243; _module_preset=\u00bbdefault\u00bb global_colors_info=\u00bb{}\u00bb][\/et_pb_icon][et_pb_dp_dmb_module_a582e994 guide_item_icon=\u00bbhttps:\/\/viewbuenosaires.com\/wp-content\/uploads\/2024\/10\/icon-archipelago.svg\u00bb guide_item_name=\u00bbWyndham Garden Luj\u00e1n\u00bb admin_label=\u00bbWyndham Garden Luj\u00e1n\u00bb _builder_version=\u00bb4.27.4&#8243; _module_preset=\u00bbdefault\u00bb guide_item_name_font=\u00bb|700|||||||\u00bb guide_item_name_font_size=\u00bb36px\u00bb guide_item_name_line_height=\u00bb1em\u00bb text_orientation=\u00bbcenter\u00bb guide_item_name_font_size_tablet=\u00bb32px\u00bb guide_item_name_font_size_phone=\u00bb28px\u00bb guide_item_name_font_size_last_edited=\u00bbon|phone\u00bb global_colors_info=\u00bb{}\u00bb][\/et_pb_dp_dmb_module_a582e994][et_pb_text admin_label=\u00bbText\u00bb module_class=\u00bbcontent\u00bb _builder_version=\u00bb4.27.4&#8243; _module_preset=\u00bbdefault\u00bb global_colors_info=\u00bb{}\u00bb]<\/p>\n<p><span style=\"font-weight: 400;\">Si quer\u00e9s conectarte con el relax del campo, estando muy cerca de la ciudad, Wyndham Garden Luj\u00e1n es el lugar perfecto para disfrutar de la naturaleza en Buenos Aires.<\/span><\/p>\n<p><span style=\"font-weight: 400;\">A 60 km de la ciudad porte\u00f1a est\u00e1 situado uno de los complejos de lujo m\u00e1s importantes, con un predio de 11 hect\u00e1reas completamente verdes, que rodean un resort exclusivo pensado para tu comodidad y descanso. Aqu\u00ed no s\u00f3lo podr\u00e1s disfrutar de un tradicional D\u00eda de Campo, sino que podr\u00e1s hacer una escapada de fin de semana para una relajaci\u00f3n mayor.<\/span><\/p>\n<p><span style=\"font-weight: 400;\">En<\/span><a href=\"https:\/\/hotelwyndhamgarden.com\/\" rel=\"nofollow noopener\" target=\"_blank\"><span style=\"font-weight: 400;\"> Wyndham Garden Luj\u00e1n<\/span><\/a><span style=\"font-weight: 400;\"> el D\u00eda de Campo se extiende desde las 10 hs hasta el atardecer. Cuenta con el t\u00edpico asado completo para el almuerzo y una merienda a la tarde. Tambi\u00e9n, la jornada incluye actividades al aire libre con juegos para ni\u00f1os, mesas de ping pong y canchas de tenis, f\u00fatbol, v\u00f3ley y polo, ubicadas frente al jard\u00edn del hotel para practicar diferentes deportes.\u00a0<\/span><\/p>\n<p><span style=\"font-weight: 400;\">Adem\u00e1s, cuenta con pileta y un hermoso spa para relajarse, y los fines de semana se suelen organizar partidos de polo para el p\u00fablico. Las cabalgatas no est\u00e1n incluidas dentro del D\u00eda de Campo, aunque podr\u00e1s contratarlas<\/span><\/p>\n<p>[\/et_pb_text][\/et_pb_column_inner][\/et_pb_row_inner][et_pb_row_inner column_structure=\u00bb1_2,1_2&#8243; _builder_version=\u00bb4.22.2&#8243; _module_preset=\u00bbdefault\u00bb custom_margin=\u00bb-30px||||false|false\u00bb global_colors_info=\u00bb{}\u00bb][et_pb_column_inner type=\u00bb1_2&#8243; saved_specialty_column_type=\u00bb2_3&#8243; _builder_version=\u00bb4.22.2&#8243; _module_preset=\u00bbdefault\u00bb global_colors_info=\u00bb{}\u00bb][et_pb_blurb use_icon=\u00bbon\u00bb font_icon=\u00bb&#xe081;||divi||400&#8243; icon_color=\u00bb#5c8cb2&#8243; icon_placement=\u00bbleft\u00bb image_icon_width=\u00bb28px\u00bb content_max_width=\u00bb100%\u00bb admin_label=\u00bbStreet Address\u00bb _builder_version=\u00bb4.27.4&#8243; _module_preset=\u00bbdefault\u00bb width_last_edited=\u00bboff|desktop\u00bb animation=\u00bboff\u00bb global_colors_info=\u00bb{}\u00bb custom_css_main_element_last_edited=\u00bboff|phone\u00bb width__hover_enabled=\u00bboff|desktop\u00bb]<\/p>\n<p><span style=\"font-weight: 400;\">Route N\u00ba 6 y R\u00edo Luj\u00e1n, Open Door (6708)<\/span><\/p>\n<p>[\/et_pb_blurb][\/et_pb_column_inner][et_pb_column_inner type=\u00bb1_2&#8243; saved_specialty_column_type=\u00bb2_3&#8243; _builder_version=\u00bb4.22.2&#8243; _module_preset=\u00bbdefault\u00bb global_colors_info=\u00bb{}\u00bb][et_pb_blurb use_icon=\u00bbon\u00bb font_icon=\u00bb&#xe074;||divi||400&#8243; icon_color=\u00bb#5c8cb2&#8243; icon_placement=\u00bbleft\u00bb image_icon_width=\u00bb28px\u00bb content_max_width=\u00bb100%\u00bb admin_label=\u00bbWebsite\u00bb _builder_version=\u00bb4.27.4&#8243; _module_preset=\u00bbdefault\u00bb body_link_text_color=\u00bb#333333&#8243; width_last_edited=\u00bboff|desktop\u00bb custom_margin_last_edited=\u00bboff|desktop\u00bb custom_padding_tablet=\u00bb||||false|false\u00bb custom_padding_last_edited=\u00bboff|desktop\u00bb animation=\u00bboff\u00bb global_colors_info=\u00bb{}\u00bb custom_css_main_element_last_edited=\u00bboff|phone\u00bb]<\/p>\n<p><a href=\"https:\/\/hotelwyndhamgarden.com\/\" rel=\"nofollow noopener\" target=\"_blank\"><span style=\"font-weight: 400;\">hotelwyndhamgarden.com<\/span><\/a><\/p>\n<p>[\/et_pb_blurb][\/et_pb_column_inner][\/et_pb_row_inner][et_pb_row_inner _builder_version=\u00bb4.22.2&#8243; _module_preset=\u00bbdefault\u00bb custom_margin=\u00bb20px||||false|false\u00bb global_colors_info=\u00bb{}\u00bb][et_pb_column_inner saved_specialty_column_type=\u00bb2_3&#8243; _builder_version=\u00bb4.22.2&#8243; _module_preset=\u00bbdefault\u00bb global_colors_info=\u00bb{}\u00bb][et_pb_text admin_label=\u00bbText\u00bb module_class=\u00bbcontent\u00bb _builder_version=\u00bb4.27.4&#8243; _module_preset=\u00bbdefault\u00bb locked=\u00bboff\u00bb global_colors_info=\u00bb{}\u00bb]<\/p>\n<h2><strong>San Antonio de Areco<\/strong><\/h2>\n<hr \/>\n<p><span style=\"font-weight: 400;\">San Antonio de Areco es uno de los pueblos tur\u00edsticos rurales m\u00e1s conocidos de Buenos Aires. Con una combinaci\u00f3n de historia, cultura local, campo, r\u00edo y tradici\u00f3n gauchesca, este lugar es excelente para pasar un D\u00eda de Campo y disfrutar de la naturaleza.\u00a0<\/span><\/p>\n<p><span style=\"font-weight: 400;\">Areco es perfecto para una escapada de fin de semana y para hacer turismo de campo, ya que est\u00e1 a tan s\u00f3lo 120 km de la ciudad. Aqu\u00ed te mostramos dos estancias ideales para un relax en el campo, con opciones de comida, estad\u00eda y actividades al aire libre.<\/span><\/p>\n<p>[\/et_pb_text][et_pb_icon font_icon=\u00bb&#x22;||divi||400&#8243; icon_color=\u00bb#5c8cb2&#8243; icon_width=\u00bb48px\u00bb admin_label=\u00bbarrow\u00bb _builder_version=\u00bb4.27.4&#8243; _module_preset=\u00bbdefault\u00bb global_colors_info=\u00bb{}\u00bb][\/et_pb_icon][et_pb_dp_dmb_module_a582e994 guide_item_icon=\u00bbhttps:\/\/viewbuenosaires.com\/wp-content\/uploads\/2024\/10\/icon-nature.svg\u00bb guide_item_name=\u00bbLa Porte\u00f1a\u00bb admin_label=\u00bbLa Porte\u00f1a\u00bb _builder_version=\u00bb4.27.4&#8243; _module_preset=\u00bbdefault\u00bb guide_item_name_font=\u00bb|700|||||||\u00bb guide_item_name_font_size=\u00bb36px\u00bb guide_item_name_line_height=\u00bb1em\u00bb text_orientation=\u00bbcenter\u00bb guide_item_name_font_size_tablet=\u00bb32px\u00bb guide_item_name_font_size_phone=\u00bb28px\u00bb guide_item_name_font_size_last_edited=\u00bbon|phone\u00bb global_colors_info=\u00bb{}\u00bb][\/et_pb_dp_dmb_module_a582e994][et_pb_text admin_label=\u00bbText\u00bb module_class=\u00bbcontent\u00bb _builder_version=\u00bb4.27.4&#8243; _module_preset=\u00bbdefault\u00bb global_colors_info=\u00bb{}\u00bb]<\/p>\n<p><span style=\"font-weight: 400;\">Esta es una t\u00edpica estancia argentina y est\u00e1 considerada como una de las m\u00e1s atractivas y tradicionales de Argentina. El casco de La Porte\u00f1a fue construido en el siglo XIX y su parque fue dise\u00f1ado por el famoso paisajista franc\u00e9s Carlos Thays.<\/span><\/p>\n<p><span style=\"font-weight: 400;\">La Porte\u00f1a ha sido declarada \u201cMonumento Hist\u00f3rico Nacional\u201d por su conservaci\u00f3n arquitect\u00f3nica de estilo criollo argentino y sus anchas paredes asentadas en adobe. Adem\u00e1s, aqu\u00ed pas\u00f3 desde su infancia largas temporadas el escritor Ricardo G\u00fciraldes, autor de \u201cDon Segundo Sombra\u201d, quien se inspir\u00f3 observando la vida y costumbres de los gauchos justamente en esta estancia.<\/span><\/p>\n<p><span style=\"font-weight: 400;\">En esta tradicional estancia de Buenos Aires podr\u00e1s pasar un incre\u00edble D\u00eda de Campo, que incluye diversas actividades al aire libre, algunas t\u00edpicas dentro de la oferta del turismo de campo y otras relacionadas a la historia de La Porte\u00f1a. Dentro de la propuesta se incluye el recorrido por el Casco Hist\u00f3rico, dormitorio de Ricardo G\u00fciraldes y su escritorio denominado \u201cEl rinc\u00f3n del poeta\u201d, caminatas y cabalgatas guiadas, paseos en carruaje, paseos por la granja y contacto con los diferentes animales de campo, almuerzo con demostraci\u00f3n de destrezas criollas y guitarreada folkl\u00f3rica, y merienda.<\/span><\/p>\n<p><span style=\"font-weight: 400;\">Tambi\u00e9n en<\/span><a href=\"https:\/\/www.laporteniadeareco.com.ar\/\" rel=\"nofollow noopener\" target=\"_blank\"><span style=\"font-weight: 400;\"> La Porte\u00f1a<\/span><\/a><span style=\"font-weight: 400;\"> hay actividades para ni\u00f1os como arenero, hamacas, tobog\u00e1n, casita para jugar, un lugar con juguetes y un sector para realizar manualidades. Adem\u00e1s, hay canchas de f\u00fatbol y de v\u00f3ley, pileta, cancha de bochas, juegos de mesa y bicicletas.<\/span><\/p>\n<p><span style=\"font-weight: 400;\">La Porte\u00f1a es un espacio ideal para tomarse un descanso, conocer sobre la historia y disfrutar de un excelente D\u00eda de Campo en la naturaleza.<\/span><\/p>\n<p>[\/et_pb_text][\/et_pb_column_inner][\/et_pb_row_inner][et_pb_row_inner column_structure=\u00bb1_2,1_2&#8243; _builder_version=\u00bb4.22.2&#8243; _module_preset=\u00bbdefault\u00bb custom_margin=\u00bb-30px||||false|false\u00bb locked=\u00bboff\u00bb global_colors_info=\u00bb{}\u00bb][et_pb_column_inner type=\u00bb1_2&#8243; saved_specialty_column_type=\u00bb2_3&#8243; _builder_version=\u00bb4.22.2&#8243; _module_preset=\u00bbdefault\u00bb global_colors_info=\u00bb{}\u00bb][et_pb_blurb use_icon=\u00bbon\u00bb font_icon=\u00bb&#xe081;||divi||400&#8243; icon_color=\u00bb#5c8cb2&#8243; icon_placement=\u00bbleft\u00bb image_icon_width=\u00bb28px\u00bb content_max_width=\u00bb100%\u00bb admin_label=\u00bbStreet Address\u00bb _builder_version=\u00bb4.27.4&#8243; _module_preset=\u00bbdefault\u00bb width_last_edited=\u00bboff|desktop\u00bb animation=\u00bboff\u00bb global_colors_info=\u00bb{}\u00bb custom_css_main_element_last_edited=\u00bboff|phone\u00bb width__hover_enabled=\u00bboff|desktop\u00bb]<\/p>\n<p><span style=\"font-weight: 400;\">S 34 15.011 &#8211; W 059.23.936 &#8211; Alt: 278 m<\/span><\/p>\n<p>[\/et_pb_blurb][\/et_pb_column_inner][et_pb_column_inner type=\u00bb1_2&#8243; saved_specialty_column_type=\u00bb2_3&#8243; _builder_version=\u00bb4.22.2&#8243; _module_preset=\u00bbdefault\u00bb global_colors_info=\u00bb{}\u00bb][et_pb_blurb use_icon=\u00bbon\u00bb font_icon=\u00bb&#xe074;||divi||400&#8243; icon_color=\u00bb#5c8cb2&#8243; icon_placement=\u00bbleft\u00bb image_icon_width=\u00bb28px\u00bb content_max_width=\u00bb100%\u00bb admin_label=\u00bbWebsite\u00bb _builder_version=\u00bb4.27.4&#8243; _module_preset=\u00bbdefault\u00bb body_link_text_color=\u00bb#333333&#8243; width_last_edited=\u00bboff|desktop\u00bb custom_margin_last_edited=\u00bboff|desktop\u00bb custom_padding_tablet=\u00bb||||false|false\u00bb custom_padding_last_edited=\u00bboff|desktop\u00bb animation=\u00bboff\u00bb global_colors_info=\u00bb{}\u00bb custom_css_main_element_last_edited=\u00bboff|phone\u00bb]<\/p>\n<p><a href=\"https:\/\/www.laporteniadeareco.com.ar\/\" rel=\"nofollow noopener\" target=\"_blank\"><span style=\"font-weight: 400;\">laporteniadeareco.com.ar<\/span><\/a><\/p>\n<p>[\/et_pb_blurb][\/et_pb_column_inner][\/et_pb_row_inner][et_pb_row_inner _builder_version=\u00bb4.22.2&#8243; _module_preset=\u00bbdefault\u00bb custom_margin=\u00bb20px||||false|false\u00bb global_colors_info=\u00bb{}\u00bb][et_pb_column_inner saved_specialty_column_type=\u00bb2_3&#8243; _builder_version=\u00bb4.22.2&#8243; _module_preset=\u00bbdefault\u00bb global_colors_info=\u00bb{}\u00bb][et_pb_dp_dmb_module_a582e994 guide_item_icon=\u00bbhttps:\/\/viewbuenosaires.com\/wp-content\/uploads\/2024\/10\/icon-nature.svg\u00bb guide_item_name=\u00bbLa Bamba de Areco\u00bb admin_label=\u00bbLa Bamba de Areco\u00bb _builder_version=\u00bb4.27.4&#8243; _module_preset=\u00bbdefault\u00bb guide_item_name_font=\u00bb|700|||||||\u00bb guide_item_name_font_size=\u00bb36px\u00bb guide_item_name_line_height=\u00bb1em\u00bb text_orientation=\u00bbcenter\u00bb guide_item_name_font_size_tablet=\u00bb32px\u00bb guide_item_name_font_size_phone=\u00bb28px\u00bb guide_item_name_font_size_last_edited=\u00bbon|phone\u00bb locked=\u00bboff\u00bb global_colors_info=\u00bb{}\u00bb][\/et_pb_dp_dmb_module_a582e994][et_pb_text admin_label=\u00bbText\u00bb module_class=\u00bbcontent\u00bb _builder_version=\u00bb4.27.4&#8243; _module_preset=\u00bbdefault\u00bb global_colors_info=\u00bb{}\u00bb]<\/p>\n<p><span style=\"font-weight: 400;\">La Bamba es una de las estancias de Buenos Aires (y de Argentina) m\u00e1s antiguas. Con un estilo colonial, sus or\u00edgenes se remontan a 1830, cuando fue una de las postas de correos en el Camino Real que un\u00eda Buenos Aires con el norte del pa\u00eds. El edificio principal, la torre de vigilancia, los antiguos establos y el parque de 200 a\u00f1os que forman parte del predio est\u00e1n fuertemente arraigados en la historia criolla. En la d\u00e9cada de 1980, <\/span><a href=\"https:\/\/www.labambadeareco.ar\/\" rel=\"nofollow noopener\" target=\"_blank\"><span style=\"font-weight: 400;\">La Bamba<\/span><\/a><span style=\"font-weight: 400;\"> fue transformada en una estancia y conserv\u00f3 su nombre original, que deriva de la palabra celta bahamba: lugar de descanso y hospitalidad.\u00a0<\/span><\/p>\n<p><span style=\"font-weight: 400;\">Ubicada a 120 kil\u00f3metros de la Ciudad de Buenos Aires y muy cerca de San Antonio de Areco, esta estancia cuenta con un hotel boutique, que combina lujoso confort con elegancia colonial, y con la opci\u00f3n de D\u00eda de Campo.<\/span><\/p>\n<p><span style=\"font-weight: 400;\">El hotel tiene una capacidad para 22 personas, con 8 habitaciones y 2 suites, y la estad\u00eda incluye todas las comidas y actividades de la estancia: cabalgatas, paseos en carruaje, recorridos en bicicleta, acceso a la pileta y a \u00e1reas de relax, recorrida de la laguna y caminatas por el r\u00edo, cancha de bochas, mesa de pool y metegol.\u00a0<\/span><\/p>\n<p><span style=\"font-weight: 400;\">Si prefer\u00eds solo para pasar el d\u00eda, la propuesta de D\u00eda de Campo incluye almuerzo y merienda, y la posibilidad de disfrutar de un espect\u00e1culo criollo con bailes, m\u00fasicos y destrezas gauchescas.\u00a0 Adem\u00e1s, podr\u00e1s realizar todas las actividades antes mencionadas. La jornada comienza a las 11:30 h y se extiende hasta las 17:30 h.<\/span><\/p>\n<p>[\/et_pb_text][\/et_pb_column_inner][\/et_pb_row_inner][et_pb_row_inner column_structure=\u00bb1_2,1_2&#8243; _builder_version=\u00bb4.22.2&#8243; _module_preset=\u00bbdefault\u00bb custom_margin=\u00bb-30px||||false|false\u00bb locked=\u00bboff\u00bb global_colors_info=\u00bb{}\u00bb][et_pb_column_inner type=\u00bb1_2&#8243; saved_specialty_column_type=\u00bb2_3&#8243; _builder_version=\u00bb4.22.2&#8243; _module_preset=\u00bbdefault\u00bb global_colors_info=\u00bb{}\u00bb][et_pb_blurb use_icon=\u00bbon\u00bb font_icon=\u00bb&#xe081;||divi||400&#8243; icon_color=\u00bb#5c8cb2&#8243; icon_placement=\u00bbleft\u00bb image_icon_width=\u00bb28px\u00bb content_max_width=\u00bb100%\u00bb admin_label=\u00bbStreet Address\u00bb _builder_version=\u00bb4.27.4&#8243; _module_preset=\u00bbdefault\u00bb width_last_edited=\u00bboff|desktop\u00bb animation=\u00bboff\u00bb global_colors_info=\u00bb{}\u00bb custom_css_main_element_last_edited=\u00bboff|phone\u00bb width__hover_enabled=\u00bboff|desktop\u00bb]<\/p>\n<p><span style=\"font-weight: 400;\">Ruta 31 Km 7.5, San Antonio de Areco.<\/span><\/p>\n<p>[\/et_pb_blurb][\/et_pb_column_inner][et_pb_column_inner type=\u00bb1_2&#8243; saved_specialty_column_type=\u00bb2_3&#8243; _builder_version=\u00bb4.22.2&#8243; _module_preset=\u00bbdefault\u00bb global_colors_info=\u00bb{}\u00bb][et_pb_blurb use_icon=\u00bbon\u00bb font_icon=\u00bb&#xe074;||divi||400&#8243; icon_color=\u00bb#5c8cb2&#8243; icon_placement=\u00bbleft\u00bb image_icon_width=\u00bb28px\u00bb content_max_width=\u00bb100%\u00bb admin_label=\u00bbWebsite\u00bb _builder_version=\u00bb4.27.4&#8243; _module_preset=\u00bbdefault\u00bb body_link_text_color=\u00bb#333333&#8243; width_last_edited=\u00bboff|desktop\u00bb custom_margin_last_edited=\u00bboff|desktop\u00bb custom_padding_tablet=\u00bb||||false|false\u00bb custom_padding_last_edited=\u00bboff|desktop\u00bb animation=\u00bboff\u00bb global_colors_info=\u00bb{}\u00bb custom_css_main_element_last_edited=\u00bboff|phone\u00bb]<\/p>\n<p><a href=\"https:\/\/www.labambadeareco.ar\/\" rel=\"nofollow noopener\" target=\"_blank\"><span style=\"font-weight: 400;\">labambadeareco.ar<\/span><\/a><\/p>\n<p>[\/et_pb_blurb][\/et_pb_column_inner][\/et_pb_row_inner][et_pb_row_inner _builder_version=\u00bb4.22.2&#8243; _module_preset=\u00bbdefault\u00bb custom_margin=\u00bb20px||||false|false\u00bb global_colors_info=\u00bb{}\u00bb][et_pb_column_inner saved_specialty_column_type=\u00bb2_3&#8243; _builder_version=\u00bb4.22.2&#8243; _module_preset=\u00bbdefault\u00bb global_colors_info=\u00bb{}\u00bb][et_pb_text admin_label=\u00bbText\u00bb module_class=\u00bbcontent\u00bb _builder_version=\u00bb4.27.4&#8243; _module_preset=\u00bbdefault\u00bb locked=\u00bboff\u00bb global_colors_info=\u00bb{}\u00bb]<\/p>\n<h2><strong>General Belgrano<\/strong><\/h2>\n<hr \/>\n<p>&nbsp;<\/p>\n<p>[\/et_pb_text][et_pb_icon font_icon=\u00bb&#x22;||divi||400&#8243; icon_color=\u00bb#5c8cb2&#8243; icon_width=\u00bb48px\u00bb admin_label=\u00bbarrow\u00bb _builder_version=\u00bb4.27.4&#8243; _module_preset=\u00bbdefault\u00bb global_colors_info=\u00bb{}\u00bb][\/et_pb_icon][et_pb_dp_dmb_module_a582e994 guide_item_icon=\u00bbhttps:\/\/viewbuenosaires.com\/wp-content\/uploads\/2024\/10\/icon-archipelago.svg\u00bb guide_item_name=\u00bbMuseo de las Estancias y el Bosque Escondido\u00bb admin_label=\u00bbMuseo de las Estancias y el Bosque Escondido\u00bb _builder_version=\u00bb4.27.4&#8243; _module_preset=\u00bbdefault\u00bb guide_item_name_font=\u00bb|700|||||||\u00bb guide_item_name_font_size=\u00bb36px\u00bb guide_item_name_line_height=\u00bb1em\u00bb text_orientation=\u00bbcenter\u00bb guide_item_name_font_size_tablet=\u00bb32px\u00bb guide_item_name_font_size_phone=\u00bb28px\u00bb guide_item_name_font_size_last_edited=\u00bbon|phone\u00bb locked=\u00bboff\u00bb global_colors_info=\u00bb{}\u00bb][\/et_pb_dp_dmb_module_a582e994][et_pb_text admin_label=\u00bbText\u00bb module_class=\u00bbcontent\u00bb _builder_version=\u00bb4.27.4&#8243; _module_preset=\u00bbdefault\u00bb global_colors_info=\u00bb{}\u00bb]<\/p>\n<p><span style=\"font-weight: 400;\">\u00a1No te confundas con la villa hom\u00f3nima en la provincia de C\u00f3rdoba! General Belgrano es una localidad bonaerense que est\u00e1 ubicada a 162 km de la ciudad y es el lugar perfecto para disfrutar un D\u00eda de Campo en Buenos Aires.\u00a0<\/span><\/p>\n<p><span style=\"font-weight: 400;\">Su gran atractivo imperdible es el Bosque Encantado, una reserva natural de 23 hect\u00e1reas que invita a recorrerla con sus cuatro senderos sinuosos. All\u00ed vas a encontrar m\u00e1s de 88 especies vegetales que superan los cien a\u00f1os de antig\u00fcedad. En su variedad de especies ver\u00e1s robles, magnolias, laureles, acacias, eucaliptos y un centenario ginkgo biloba. Bosque Encantado ofrece un profundo relax, que s\u00f3lo la inmersi\u00f3n total en la naturaleza puede brindar, con el sonido de fondo del canto de m\u00e1s de 30 especies de aves.\u00a0<\/span><\/p>\n<p><span style=\"font-weight: 400;\">Uno de los senderos lleva directamente hasta el antiguo casco de la Estancia Santa Narcisa, que actualmente es el Museo de las Estancias. Disfrut\u00e1 de la historia y conoc\u00e9 las costumbres rurales de hace m\u00e1s de 150 a\u00f1os rodeado de la tranquilidad y la naturaleza. Esta antigua casona, construida en el a\u00f1o 1870, es el lugar ideal para conocer m\u00e1s sobre la vida de los pobladores y las costumbres rurales de la \u00e9poca.<\/span><\/p>\n<p><span style=\"font-weight: 400;\">Adem\u00e1s, all\u00ed aprender\u00e1s sobre los acontecimientos hist\u00f3ricos de la regi\u00f3n, las costumbres de los gauchos y conocer\u00e1s objetos y herramientas tradicionales. Dentro de la colecci\u00f3n se exhiben primitivas m\u00e1quinas para sembrar y cosechar, marcas de ganado, restos de los primeros alambrados que delimitaban las propiedades de los estancieros, carruajes y patentes de carros, por lo que este es un imperdible dentro del turismo rural.<\/span><\/p>\n<p><a href=\"http:\/\/www.generalbelgrano.tur.ar\/\" rel=\"nofollow noopener\" target=\"_blank\"><span style=\"font-weight: 400;\">General Belgrano<\/span><\/a><span style=\"font-weight: 400;\">, tambi\u00e9n, cuenta con un parque termal privado, con aguas de alta mineralizaci\u00f3n. Las termas cuentan con amplio espacio verde, quinchos, spa, juegos para ni\u00f1os y espacio gastron\u00f3mico, y es un plan perfecto para una escapada de fin de semana en Buenos Aires.<\/span><\/p>\n<p>[\/et_pb_text][\/et_pb_column_inner][\/et_pb_row_inner][et_pb_row_inner column_structure=\u00bb1_2,1_2&#8243; _builder_version=\u00bb4.22.2&#8243; _module_preset=\u00bbdefault\u00bb custom_margin=\u00bb-30px||||false|false\u00bb locked=\u00bboff\u00bb global_colors_info=\u00bb{}\u00bb][et_pb_column_inner type=\u00bb1_2&#8243; saved_specialty_column_type=\u00bb2_3&#8243; _builder_version=\u00bb4.22.2&#8243; _module_preset=\u00bbdefault\u00bb global_colors_info=\u00bb{}\u00bb][et_pb_blurb use_icon=\u00bbon\u00bb font_icon=\u00bb&#xe081;||divi||400&#8243; icon_color=\u00bb#5c8cb2&#8243; icon_placement=\u00bbleft\u00bb image_icon_width=\u00bb28px\u00bb content_max_width=\u00bb100%\u00bb admin_label=\u00bbStreet Address\u00bb _builder_version=\u00bb4.27.4&#8243; _module_preset=\u00bbdefault\u00bb width_last_edited=\u00bboff|desktop\u00bb animation=\u00bboff\u00bb global_colors_info=\u00bb{}\u00bb custom_css_main_element_last_edited=\u00bboff|phone\u00bb width__hover_enabled=\u00bboff|desktop\u00bb]<\/p>\n<p><span style=\"font-weight: 400;\">Calle 139 n\u00b0 650, General Belgrano.<\/span><\/p>\n<p>[\/et_pb_blurb][\/et_pb_column_inner][et_pb_column_inner type=\u00bb1_2&#8243; saved_specialty_column_type=\u00bb2_3&#8243; _builder_version=\u00bb4.22.2&#8243; _module_preset=\u00bbdefault\u00bb global_colors_info=\u00bb{}\u00bb][et_pb_blurb use_icon=\u00bbon\u00bb font_icon=\u00bb&#xe074;||divi||400&#8243; icon_color=\u00bb#5c8cb2&#8243; icon_placement=\u00bbleft\u00bb image_icon_width=\u00bb28px\u00bb content_max_width=\u00bb100%\u00bb admin_label=\u00bbWebsite\u00bb _builder_version=\u00bb4.27.4&#8243; _module_preset=\u00bbdefault\u00bb body_link_text_color=\u00bb#333333&#8243; width_last_edited=\u00bboff|desktop\u00bb custom_margin_last_edited=\u00bboff|desktop\u00bb custom_padding_tablet=\u00bb||||false|false\u00bb custom_padding_last_edited=\u00bboff|desktop\u00bb animation=\u00bboff\u00bb global_colors_info=\u00bb{}\u00bb custom_css_main_element_last_edited=\u00bboff|phone\u00bb]<\/p>\n<p><a href=\"http:\/\/www.generalbelgrano.tur.ar\/\" rel=\"nofollow noopener\" target=\"_blank\"><span style=\"font-weight: 400;\">generalbelgrano.tur.a<\/span><i><span style=\"font-weight: 400;\">r<\/span><\/i><\/a><\/p>\n<p>[\/et_pb_blurb][\/et_pb_column_inner][\/et_pb_row_inner][et_pb_row_inner _builder_version=\u00bb4.22.2&#8243; _module_preset=\u00bbdefault\u00bb custom_margin=\u00bb20px||||false|false\u00bb global_colors_info=\u00bb{}\u00bb][et_pb_column_inner saved_specialty_column_type=\u00bb2_3&#8243; _builder_version=\u00bb4.22.2&#8243; _module_preset=\u00bbdefault\u00bb global_colors_info=\u00bb{}\u00bb][et_pb_text admin_label=\u00bbText\u00bb module_class=\u00bbcontent\u00bb _builder_version=\u00bb4.27.4&#8243; _module_preset=\u00bbdefault\u00bb locked=\u00bboff\u00bb global_colors_info=\u00bb{}\u00bb]<\/p>\n<h2><strong>Suipacha<\/strong><\/h2>\n<hr \/>\n<p>&nbsp;<\/p>\n<p>[\/et_pb_text][et_pb_icon font_icon=\u00bb&#x22;||divi||400&#8243; icon_color=\u00bb#5c8cb2&#8243; icon_width=\u00bb48px\u00bb admin_label=\u00bbarrow\u00bb _builder_version=\u00bb4.27.4&#8243; _module_preset=\u00bbdefault\u00bb global_colors_info=\u00bb{}\u00bb][\/et_pb_icon][et_pb_dp_dmb_module_a582e994 guide_item_icon=\u00bbhttps:\/\/viewbuenosaires.com\/wp-content\/uploads\/2024\/10\/icon-nature.svg\u00bb guide_item_name=\u00bbLa Ruta del Queso\u00bb admin_label=\u00bbLa Ruta del Queso\u00bb _builder_version=\u00bb4.27.4&#8243; _module_preset=\u00bbdefault\u00bb guide_item_name_font=\u00bb|700|||||||\u00bb guide_item_name_font_size=\u00bb36px\u00bb guide_item_name_line_height=\u00bb1em\u00bb text_orientation=\u00bbcenter\u00bb guide_item_name_font_size_tablet=\u00bb32px\u00bb guide_item_name_font_size_phone=\u00bb28px\u00bb guide_item_name_font_size_last_edited=\u00bbon|phone\u00bb locked=\u00bboff\u00bb global_colors_info=\u00bb{}\u00bb][\/et_pb_dp_dmb_module_a582e994][et_pb_text admin_label=\u00bbText\u00bb module_class=\u00bbcontent\u00bb _builder_version=\u00bb4.27.4&#8243; _module_preset=\u00bbdefault\u00bb global_colors_info=\u00bb{}\u00bb]<\/p>\n<p><span style=\"font-weight: 400;\">Esta propuesta no es dentro de una estancia, sino que invita a hacer turismo rural siguiendo la ruta de uno de los productos m\u00e1s amados por todos: el queso.<\/span><\/p>\n<p><span style=\"font-weight: 400;\">Suipacha es un pueblo que originalmente fue poblado por vascos e irlandeses, quienes ten\u00edan peque\u00f1os tambos y crearon una cooperativa. En 2008, varios productores idearon un recorrido de fin de semana orientado al<\/span><a href=\"https:\/\/rutadelqueso.com.ar\/\" rel=\"nofollow noopener\" target=\"_blank\"><span style=\"font-weight: 400;\"> turismo de campo<\/span><\/a><span style=\"font-weight: 400;\">, cercano a la Ciudad de Buenos Aires.\u00a0<\/span><\/p>\n<p><span style=\"font-weight: 400;\">A solo 120 km del centro porte\u00f1o, se encuentran cuatro estaciones queseras, las cuales pueden ser visitadas todas en la misma ocasi\u00f3n o centrarse en una por viaje.<\/span><\/p>\n<p><a href=\"https:\/\/piedrasblancas.com.ar\/\" rel=\"nofollow noopener\" target=\"_blank\"><span style=\"font-weight: 400;\">Caba\u00f1a Piedras Blancas<\/span><\/a><span style=\"font-weight: 400;\"> es un tambo de cabras que en su entrada\u00a0 incluye una degustaci\u00f3n con vino y la visita a la granja.\u00a0<\/span><\/p>\n<p><a href=\"http:\/\/quesosfermier.com.ar\/\" rel=\"nofollow noopener\" target=\"_blank\"><span style=\"font-weight: 400;\">Fermier<\/span><\/a><span style=\"font-weight: 400;\"> se especializa en quesos franceses y ofrece la posibilidad de visitar el tambo y la historia del lugar.<\/span><\/p>\n<p><a href=\"https:\/\/www.facebook.com\/people\/Quesos-de-Suipacha\/100063553214039\/\" rel=\"nofollow noopener\" target=\"_blank\"><span style=\"font-weight: 400;\">Quesos de Suipacha <\/span><\/a><span style=\"font-weight: 400;\">ofrece en su local una variedad de productos l\u00e1cteos gourmet. En la visita podr\u00e1s hacer una degustaci\u00f3n y conocer su historia.\u00a0<\/span><\/p>\n<p><span style=\"font-weight: 400;\">En <\/span><a href=\"https:\/\/www.ilmirtilotienda.com.ar\/\" rel=\"nofollow noopener\" target=\"_blank\"><span style=\"font-weight: 400;\">Il Mirtilo<\/span><\/a><span style=\"font-weight: 400;\"> no encontrar\u00e1s quesos ni l\u00e1cteos, pero s\u00ed buenos complementos. Esta plantaci\u00f3n de frambuesas, ar\u00e1ndanos y zarzamoras abre los fines de semana y feriados, y cuenta con visita guiada, que incluye degustaci\u00f3n y recorrido por la plantaci\u00f3n.<\/span><\/p>\n<p><span style=\"font-weight: 400;\">La Ruta del Queso es un paseo de fin de semana perfecto para hacer turismo de campo, ya que combina experiencias rurales con el relax de la naturaleza cerca de la Ciudad de Buenos Aires. <\/span><\/p>\n<p>[\/et_pb_text][\/et_pb_column_inner][\/et_pb_row_inner][et_pb_row_inner column_structure=\u00bb1_2,1_2&#8243; _builder_version=\u00bb4.22.2&#8243; _module_preset=\u00bbdefault\u00bb custom_margin=\u00bb-30px||||false|false\u00bb locked=\u00bboff\u00bb global_colors_info=\u00bb{}\u00bb][et_pb_column_inner type=\u00bb1_2&#8243; saved_specialty_column_type=\u00bb2_3&#8243; _builder_version=\u00bb4.22.2&#8243; _module_preset=\u00bbdefault\u00bb global_colors_info=\u00bb{}\u00bb][et_pb_blurb use_icon=\u00bbon\u00bb font_icon=\u00bb&#xe081;||divi||400&#8243; icon_color=\u00bb#5c8cb2&#8243; icon_placement=\u00bbleft\u00bb image_icon_width=\u00bb28px\u00bb content_max_width=\u00bb100%\u00bb admin_label=\u00bbStreet Address\u00bb _builder_version=\u00bb4.27.4&#8243; _module_preset=\u00bbdefault\u00bb width_last_edited=\u00bboff|desktop\u00bb animation=\u00bboff\u00bb global_colors_info=\u00bb{}\u00bb custom_css_main_element_last_edited=\u00bboff|phone\u00bb width__hover_enabled=\u00bboff|desktop\u00bb]<\/p>\n<p><span style=\"font-weight: 400;\">Km 126. Ruta 5, Suipacha<\/span><\/p>\n<p>[\/et_pb_blurb][\/et_pb_column_inner][et_pb_column_inner type=\u00bb1_2&#8243; saved_specialty_column_type=\u00bb2_3&#8243; _builder_version=\u00bb4.22.2&#8243; _module_preset=\u00bbdefault\u00bb global_colors_info=\u00bb{}\u00bb][et_pb_blurb use_icon=\u00bbon\u00bb font_icon=\u00bb&#xe074;||divi||400&#8243; icon_color=\u00bb#5c8cb2&#8243; icon_placement=\u00bbleft\u00bb image_icon_width=\u00bb28px\u00bb content_max_width=\u00bb100%\u00bb admin_label=\u00bbWebsite\u00bb _builder_version=\u00bb4.27.4&#8243; _module_preset=\u00bbdefault\u00bb body_link_text_color=\u00bb#333333&#8243; width_last_edited=\u00bboff|desktop\u00bb custom_margin_last_edited=\u00bboff|desktop\u00bb custom_padding_tablet=\u00bb||||false|false\u00bb custom_padding_last_edited=\u00bboff|desktop\u00bb animation=\u00bboff\u00bb global_colors_info=\u00bb{}\u00bb custom_css_main_element_last_edited=\u00bboff|phone\u00bb]<\/p>\n<p><a href=\"https:\/\/rutadelqueso.com.ar\/\" rel=\"nofollow noopener\" target=\"_blank\"><span style=\"font-weight: 400;\">rutadelqueso.com.ar<\/span><\/a><\/p>\n<p>[\/et_pb_blurb][\/et_pb_column_inner][\/et_pb_row_inner][et_pb_row_inner _builder_version=\u00bb4.22.2&#8243; _module_preset=\u00bbdefault\u00bb custom_margin=\u00bb20px||||false|false\u00bb global_colors_info=\u00bb{}\u00bb][et_pb_column_inner saved_specialty_column_type=\u00bb2_3&#8243; _builder_version=\u00bb4.22.2&#8243; _module_preset=\u00bbdefault\u00bb global_colors_info=\u00bb{}\u00bb][et_pb_text admin_label=\u00bbText\u00bb module_class=\u00bbcontent\u00bb _builder_version=\u00bb4.27.4&#8243; _module_preset=\u00bbdefault\u00bb locked=\u00bboff\u00bb global_colors_info=\u00bb{}\u00bb]<\/p>\n<h2><strong>Dolores<\/strong><\/h2>\n<hr \/>\n<p>&nbsp;<\/p>\n<p>[\/et_pb_text][et_pb_icon font_icon=\u00bb&#x22;||divi||400&#8243; icon_color=\u00bb#5c8cb2&#8243; icon_width=\u00bb48px\u00bb admin_label=\u00bbarrow\u00bb _builder_version=\u00bb4.27.4&#8243; _module_preset=\u00bbdefault\u00bb global_colors_info=\u00bb{}\u00bb][\/et_pb_icon][et_pb_dp_dmb_module_a582e994 guide_item_icon=\u00bbhttps:\/\/viewbuenosaires.com\/wp-content\/uploads\/2024\/10\/icon-archipelago.svg\u00bb guide_item_name=\u00bbEstancia Las V\u00edboras\u00bb admin_label=\u00bbEstancia Las V\u00edboras\u00bb _builder_version=\u00bb4.27.4&#8243; _module_preset=\u00bbdefault\u00bb guide_item_name_font=\u00bb|700|||||||\u00bb guide_item_name_font_size=\u00bb36px\u00bb guide_item_name_line_height=\u00bb1em\u00bb text_orientation=\u00bbcenter\u00bb guide_item_name_font_size_tablet=\u00bb32px\u00bb guide_item_name_font_size_phone=\u00bb28px\u00bb guide_item_name_font_size_last_edited=\u00bbon|phone\u00bb locked=\u00bboff\u00bb global_colors_info=\u00bb{}\u00bb][\/et_pb_dp_dmb_module_a582e994][et_pb_text admin_label=\u00bbText\u00bb module_class=\u00bbcontent\u00bb _builder_version=\u00bb4.27.4&#8243; _module_preset=\u00bbdefault\u00bb global_colors_info=\u00bb{}\u00bb]<\/p>\n<p><span style=\"font-weight: 400;\">Las V\u00edboras es una estancia de \u00e9poca que cuenta con muchos atractivos. No s\u00f3lo es un gran plan para hacer una escapada de fin de semana y disfrutar de la naturaleza cerca de la Ciudad de Buenos Aires, sino que resalta en el turismo rural por su historia.<\/span><\/p>\n<p><span style=\"font-weight: 400;\">En el casco de esta estancia vivi\u00f3 el Brigadier General Juan Manuel de Rosas, antiguo\u00a0 gobernador de Buenos Aires y personaje clave de la historia argentina. Existe un rumor de que aqu\u00ed mismo construy\u00f3 algunos puestos para protegerse de sus enemigos y opositores unitarios.<\/span><\/p>\n<p><span style=\"font-weight: 400;\">Estancia Las V\u00edboras se ubica en el municipio de Dolores, a 250 km de la Ciudad de Buenos Aires y a tan solo 10 km de la costa del R\u00edo de la Plata.\u00a0<\/span><\/p>\n<p><span style=\"font-weight: 400;\">La arquitectura de esta famosa estancia es impresionante, ya que cuenta con una marcada influencia rioplatense y un enorme espacio verde, que la convierte en un lugar ideal para unos d\u00edas de relax en el campo.<\/span><\/p>\n<p><span style=\"font-weight: 400;\">Si quer\u00e9s disfrutar tambi\u00e9n de actividades al aire libre, <\/span><a href=\"http:\/\/www.estancialasviboras.com\/\" rel=\"nofollow noopener\" target=\"_blank\"><span style=\"font-weight: 400;\">Las V\u00edboras <\/span><\/a><span style=\"font-weight: 400;\">ofrece cabalgatas, excursiones en canoa, paseos en carruaje y la invitaci\u00f3n a participar de las costumbres campestres. Dentro del D\u00eda de Campo, pod\u00e9s disfrutar de la tradicional gastronom\u00eda criolla y saborear las delicias t\u00edpicas argentinas.<\/span><\/p>\n<p>[\/et_pb_text][\/et_pb_column_inner][\/et_pb_row_inner][et_pb_row_inner column_structure=\u00bb1_2,1_2&#8243; _builder_version=\u00bb4.22.2&#8243; _module_preset=\u00bbdefault\u00bb custom_margin=\u00bb-30px||||false|false\u00bb locked=\u00bboff\u00bb global_colors_info=\u00bb{}\u00bb][et_pb_column_inner type=\u00bb1_2&#8243; saved_specialty_column_type=\u00bb2_3&#8243; _builder_version=\u00bb4.22.2&#8243; _module_preset=\u00bbdefault\u00bb global_colors_info=\u00bb{}\u00bb][et_pb_blurb use_icon=\u00bbon\u00bb font_icon=\u00bb&#xe081;||divi||400&#8243; icon_color=\u00bb#5c8cb2&#8243; icon_placement=\u00bbleft\u00bb image_icon_width=\u00bb28px\u00bb content_max_width=\u00bb100%\u00bb admin_label=\u00bbStreet Address\u00bb _builder_version=\u00bb4.27.4&#8243; _module_preset=\u00bbdefault\u00bb width_last_edited=\u00bboff|desktop\u00bb animation=\u00bboff\u00bb global_colors_info=\u00bb{}\u00bb custom_css_main_element_last_edited=\u00bboff|phone\u00bb width__hover_enabled=\u00bboff|desktop\u00bb]<\/p>\n<p><span style=\"font-weight: 400;\">-36.195417, -57.415639, Dolores<\/span><\/p>\n<p>[\/et_pb_blurb][\/et_pb_column_inner][et_pb_column_inner type=\u00bb1_2&#8243; saved_specialty_column_type=\u00bb2_3&#8243; _builder_version=\u00bb4.22.2&#8243; _module_preset=\u00bbdefault\u00bb global_colors_info=\u00bb{}\u00bb][et_pb_blurb use_icon=\u00bbon\u00bb font_icon=\u00bb&#xe074;||divi||400&#8243; icon_color=\u00bb#5c8cb2&#8243; icon_placement=\u00bbleft\u00bb image_icon_width=\u00bb28px\u00bb content_max_width=\u00bb100%\u00bb admin_label=\u00bbWebsite\u00bb _builder_version=\u00bb4.27.4&#8243; _module_preset=\u00bbdefault\u00bb body_link_text_color=\u00bb#333333&#8243; width_last_edited=\u00bboff|desktop\u00bb custom_margin_last_edited=\u00bboff|desktop\u00bb custom_padding_tablet=\u00bb||||false|false\u00bb custom_padding_last_edited=\u00bboff|desktop\u00bb animation=\u00bboff\u00bb global_colors_info=\u00bb{}\u00bb custom_css_main_element_last_edited=\u00bboff|phone\u00bb]<\/p>\n<p><a href=\"http:\/\/www.estancialasviboras.com\/\" rel=\"nofollow noopener\" target=\"_blank\"><span style=\"font-weight: 400;\">estancialasviboras.com<\/span><\/a><\/p>\n<p>[\/et_pb_blurb][\/et_pb_column_inner][\/et_pb_row_inner][et_pb_row_inner _builder_version=\u00bb4.22.2&#8243; _module_preset=\u00bbdefault\u00bb custom_margin=\u00bb20px||||false|false\u00bb global_colors_info=\u00bb{}\u00bb][et_pb_column_inner saved_specialty_column_type=\u00bb2_3&#8243; _builder_version=\u00bb4.22.2&#8243; _module_preset=\u00bbdefault\u00bb global_colors_info=\u00bb{}\u00bb][et_pb_text admin_label=\u00bbText\u00bb module_class=\u00bbcontent\u00bb _builder_version=\u00bb4.27.4&#8243; _module_preset=\u00bbdefault\u00bb locked=\u00bboff\u00bb global_colors_info=\u00bb{}\u00bb]<\/p>\n<h2><strong>Ca\u00f1uelas<\/strong><\/h2>\n<hr \/>\n<p><span style=\"font-weight: 400;\">Otra localidad que forma parte del turismo rural y que cuenta con fincas tur\u00edsticas es Ca\u00f1uelas. Aqu\u00ed te mostramos dos\u00a0 estancias conocidas en esta zona y que son\u00a0 ideales para pasar un D\u00eda de Campo en Buenos Aires.\u00a0<\/span><\/p>\n<p>[\/et_pb_text][et_pb_icon font_icon=\u00bb&#x22;||divi||400&#8243; icon_color=\u00bb#5c8cb2&#8243; icon_width=\u00bb48px\u00bb admin_label=\u00bbarrow\u00bb _builder_version=\u00bb4.27.4&#8243; _module_preset=\u00bbdefault\u00bb global_colors_info=\u00bb{}\u00bb][\/et_pb_icon][et_pb_dp_dmb_module_a582e994 guide_item_icon=\u00bbhttps:\/\/viewbuenosaires.com\/wp-content\/uploads\/2024\/10\/icon-nature.svg\u00bb guide_item_name=\u00bbDon Manuel\u00bb admin_label=\u00bbDon Manuel\u00bb _builder_version=\u00bb4.27.4&#8243; _module_preset=\u00bbdefault\u00bb guide_item_name_font=\u00bb|700|||||||\u00bb guide_item_name_font_size=\u00bb36px\u00bb guide_item_name_line_height=\u00bb1em\u00bb text_orientation=\u00bbcenter\u00bb guide_item_name_font_size_tablet=\u00bb32px\u00bb guide_item_name_font_size_phone=\u00bb28px\u00bb guide_item_name_font_size_last_edited=\u00bbon|phone\u00bb locked=\u00bboff\u00bb global_colors_info=\u00bb{}\u00bb][\/et_pb_dp_dmb_module_a582e994][et_pb_text admin_label=\u00bbText\u00bb module_class=\u00bbcontent\u00bb _builder_version=\u00bb4.27.4&#8243; _module_preset=\u00bbdefault\u00bb global_colors_info=\u00bb{}\u00bb]<\/p>\n<p><span style=\"font-weight: 400;\">Esta incre\u00edble estancia funciona desde 1998 como una escuela de polo y abre sus puertas a hu\u00e9spedes de todo el mundo.\u00a0<\/span><\/p>\n<p><span style=\"font-weight: 400;\">Con una extensi\u00f3n de 300 hect\u00e1reas, podr\u00e1s conectar con el relax que brinda la naturaleza y tener una experiencia rural completa. Aqu\u00ed ver\u00e1s vacas pastando y una granja de pollos, junto con el centro de atenci\u00f3n de Don Manuel: los caballos. En sus instalaciones ver\u00e1s equitaci\u00f3n con pista de arena y las caballerizas que introducen a la cancha de polo.\u00a0<\/span><\/p>\n<p><span style=\"font-weight: 400;\">En su oferta de D\u00eda de Campo, la actividad para los turistas se centra en 3 hect\u00e1reas que rodean al casco principal de la estancia, en la que podr\u00e1s apreciar una antigua construcci\u00f3n conservada en perfecto estado.\u00a0<\/span><\/p>\n<p><span style=\"font-weight: 400;\">Las comidas a lo largo de la jornada son servidas bajo el reparo de una hermosa arboleda, comenzando el d\u00eda a las 9.30 hs. con el desayuno hasta el final de la tarde con una deliciosa merienda. Dentro de las diferentes actividades al aire libre que <\/span><a href=\"http:\/\/estanciadonmanuel.com.ar\" rel=\"nofollow noopener\" target=\"_blank\"><span style=\"font-weight: 400;\">Don Manuel<\/span><\/a><span style=\"font-weight: 400;\"> ofrece contar\u00e1s con acceso libre a su piscina y al jacuzzi climatizado; un\u00a0 solarium con reposeras y hamacas; canchas de tenis, voley y f\u00fatbol; bicicletas para recorrer la estancia; paseos a caballos y carruajes; y caminatas para conocer las instalaciones. Tambi\u00e9n cuenta con otras actividades como Paintball o clases de Polo.<\/span><\/p>\n<p><span style=\"font-weight: 400;\">Adem\u00e1s, en Don Manuel se pueden celebrar diferentes eventos y reservar el espacio para festejos empresariales. Si quer\u00e9s hacer una escapada de fin de semana, pod\u00e9s hospedarte en la estancia y disfrutar la conexi\u00f3n con la naturaleza.<\/span><\/p>\n<p>[\/et_pb_text][\/et_pb_column_inner][\/et_pb_row_inner][et_pb_row_inner column_structure=\u00bb1_2,1_2&#8243; _builder_version=\u00bb4.22.2&#8243; _module_preset=\u00bbdefault\u00bb custom_margin=\u00bb-30px||||false|false\u00bb locked=\u00bboff\u00bb global_colors_info=\u00bb{}\u00bb][et_pb_column_inner type=\u00bb1_2&#8243; saved_specialty_column_type=\u00bb2_3&#8243; _builder_version=\u00bb4.22.2&#8243; _module_preset=\u00bbdefault\u00bb global_colors_info=\u00bb{}\u00bb][et_pb_blurb use_icon=\u00bbon\u00bb font_icon=\u00bb&#xe081;||divi||400&#8243; icon_color=\u00bb#5c8cb2&#8243; icon_placement=\u00bbleft\u00bb image_icon_width=\u00bb28px\u00bb content_max_width=\u00bb100%\u00bb admin_label=\u00bbStreet Address\u00bb _builder_version=\u00bb4.27.4&#8243; _module_preset=\u00bbdefault\u00bb width_last_edited=\u00bboff|desktop\u00bb animation=\u00bboff\u00bb global_colors_info=\u00bb{}\u00bb custom_css_main_element_last_edited=\u00bboff|phone\u00bb width__hover_enabled=\u00bboff|desktop\u00bb]<\/p>\n<p><span style=\"font-weight: 400;\">Ca\u00f1uelas<\/span><\/p>\n<p>[\/et_pb_blurb][\/et_pb_column_inner][et_pb_column_inner type=\u00bb1_2&#8243; saved_specialty_column_type=\u00bb2_3&#8243; _builder_version=\u00bb4.22.2&#8243; _module_preset=\u00bbdefault\u00bb global_colors_info=\u00bb{}\u00bb][et_pb_blurb use_icon=\u00bbon\u00bb font_icon=\u00bb&#xe074;||divi||400&#8243; icon_color=\u00bb#5c8cb2&#8243; icon_placement=\u00bbleft\u00bb image_icon_width=\u00bb28px\u00bb content_max_width=\u00bb100%\u00bb admin_label=\u00bbWebsite\u00bb _builder_version=\u00bb4.27.4&#8243; _module_preset=\u00bbdefault\u00bb body_link_text_color=\u00bb#333333&#8243; width_last_edited=\u00bboff|desktop\u00bb custom_margin_last_edited=\u00bboff|desktop\u00bb custom_padding_tablet=\u00bb||||false|false\u00bb custom_padding_last_edited=\u00bboff|desktop\u00bb animation=\u00bboff\u00bb global_colors_info=\u00bb{}\u00bb custom_css_main_element_last_edited=\u00bboff|phone\u00bb]<\/p>\n<p><a href=\"http:\/\/estanciadonmanuel.com.ar\" rel=\"nofollow noopener\" target=\"_blank\"><span style=\"font-weight: 400;\">estanciadonmanuel.com.ar<\/span><\/a><\/p>\n<p>[\/et_pb_blurb][\/et_pb_column_inner][\/et_pb_row_inner][et_pb_row_inner _builder_version=\u00bb4.22.2&#8243; _module_preset=\u00bbdefault\u00bb custom_margin=\u00bb20px||||false|false\u00bb global_colors_info=\u00bb{}\u00bb][et_pb_column_inner saved_specialty_column_type=\u00bb2_3&#8243; _builder_version=\u00bb4.22.2&#8243; _module_preset=\u00bbdefault\u00bb global_colors_info=\u00bb{}\u00bb][et_pb_dp_dmb_module_a582e994 guide_item_icon=\u00bbhttps:\/\/viewbuenosaires.com\/wp-content\/uploads\/2024\/10\/icon-archipelago.svg\u00bb guide_item_name=\u00bbPuesto Viejo\u00bb admin_label=\u00bbPuesto Viejo\u00bb _builder_version=\u00bb4.27.4&#8243; _module_preset=\u00bbdefault\u00bb guide_item_name_font=\u00bb|700|||||||\u00bb guide_item_name_font_size=\u00bb36px\u00bb guide_item_name_line_height=\u00bb1em\u00bb text_orientation=\u00bbcenter\u00bb guide_item_name_font_size_tablet=\u00bb32px\u00bb guide_item_name_font_size_phone=\u00bb28px\u00bb guide_item_name_font_size_last_edited=\u00bbon|phone\u00bb locked=\u00bboff\u00bb global_colors_info=\u00bb{}\u00bb][\/et_pb_dp_dmb_module_a582e994][et_pb_text admin_label=\u00bbText\u00bb module_class=\u00bbcontent\u00bb _builder_version=\u00bb4.27.4&#8243; _module_preset=\u00bbdefault\u00bb global_colors_info=\u00bb{}\u00bb]<\/p>\n<p><span style=\"font-weight: 400;\">Esta estancia cuenta con una extensi\u00f3n de 220 hect\u00e1reas e incluye en sus instalaciones un club de polo. Puesto Viejo es ideal si sos amante del turismo de campo, ya que pod\u00e9s hacer una escapada de fin de semana o simplemente disfrutar de un D\u00eda de Campo.<\/span><\/p>\n<p><span style=\"font-weight: 400;\">Esta estancia cuenta con un hotel boutique, un laberinto, carpas para hacer glamping y diferentes actividades al aire libre. Aqu\u00ed podr\u00e1s elegir entre diferentes opciones como cabalgatas, paseos en bicicleta o la posibilidad de asistir a un partido de polo, ya que <\/span><a href=\"https:\/\/puestoviejo.com\/\" rel=\"nofollow noopener\" target=\"_blank\"><span style=\"font-weight: 400;\">Puesto Viejo <\/span><\/a><span style=\"font-weight: 400;\">cuenta tambi\u00e9n con un Club de Polo como hemos mencionado.<\/span><\/p>\n<p><span style=\"font-weight: 400;\">El nombre de esta estancia hace referencia a la casa alejada del casco de la estancia donde viv\u00eda el gaucho de mayor confianza de la familia que, desde all\u00ed, vigilaba los l\u00edmites del establecimiento. Ese lugar es donde est\u00e1 situado el hotel, que cuenta con 10 habitaciones en suite, decoradas con antig\u00fcedades, un living con estufa a le\u00f1a y biblioteca.\u00a0<\/span><\/p>\n<p><span style=\"font-weight: 400;\">Al elegir hospedarse en el hotel o en los glampings, la experiencia incluye cuatro comidas diarias y actividades al aire libre: acceso al laberinto, uso de la pileta, bicicletas y una cabalgata.<\/span><\/p>\n<p><span style=\"font-weight: 400;\">El laberinto es una de las atracciones favoritas y un dato curioso es que es una r\u00e9plica del que se encuentra en el Castillo de Leeds en Inglaterra.\u00a0<\/span><\/p>\n<p><span style=\"font-weight: 400;\">Pasar un D\u00eda de Campo en Puesto Viejo incluye la comida y da acceso a todas las actividades mencionadas. Adem\u00e1s, si quer\u00e9s conocer la estancia sin pasar todo el d\u00eda, pod\u00e9s visitar su restaurante que est\u00e1 abierto todos los domingos al mediod\u00eda. <\/span><\/p>\n<p>[\/et_pb_text][\/et_pb_column_inner][\/et_pb_row_inner][et_pb_row_inner column_structure=\u00bb1_2,1_2&#8243; _builder_version=\u00bb4.22.2&#8243; _module_preset=\u00bbdefault\u00bb custom_margin=\u00bb-30px||||false|false\u00bb locked=\u00bboff\u00bb global_colors_info=\u00bb{}\u00bb][et_pb_column_inner type=\u00bb1_2&#8243; saved_specialty_column_type=\u00bb2_3&#8243; _builder_version=\u00bb4.22.2&#8243; _module_preset=\u00bbdefault\u00bb global_colors_info=\u00bb{}\u00bb][et_pb_blurb use_icon=\u00bbon\u00bb font_icon=\u00bb&#xe081;||divi||400&#8243; icon_color=\u00bb#5c8cb2&#8243; icon_placement=\u00bbleft\u00bb image_icon_width=\u00bb28px\u00bb content_max_width=\u00bb100%\u00bb admin_label=\u00bbStreet Address\u00bb _builder_version=\u00bb4.27.4&#8243; _module_preset=\u00bbdefault\u00bb width_last_edited=\u00bboff|desktop\u00bb animation=\u00bboff\u00bb global_colors_info=\u00bb{}\u00bb custom_css_main_element_last_edited=\u00bboff|phone\u00bb width__hover_enabled=\u00bboff|desktop\u00bb]<\/p>\n<p><span style=\"font-weight: 400;\">Ruta Provincial 6, Km. 82. Ca\u00f1uelas,<\/span><\/p>\n<p>[\/et_pb_blurb][\/et_pb_column_inner][et_pb_column_inner type=\u00bb1_2&#8243; saved_specialty_column_type=\u00bb2_3&#8243; _builder_version=\u00bb4.22.2&#8243; _module_preset=\u00bbdefault\u00bb global_colors_info=\u00bb{}\u00bb][et_pb_blurb use_icon=\u00bbon\u00bb font_icon=\u00bb&#xe074;||divi||400&#8243; icon_color=\u00bb#5c8cb2&#8243; icon_placement=\u00bbleft\u00bb image_icon_width=\u00bb28px\u00bb content_max_width=\u00bb100%\u00bb admin_label=\u00bbWebsite\u00bb _builder_version=\u00bb4.27.4&#8243; _module_preset=\u00bbdefault\u00bb body_link_text_color=\u00bb#333333&#8243; width_last_edited=\u00bboff|desktop\u00bb custom_margin_last_edited=\u00bboff|desktop\u00bb custom_padding_tablet=\u00bb||||false|false\u00bb custom_padding_last_edited=\u00bboff|desktop\u00bb animation=\u00bboff\u00bb global_colors_info=\u00bb{}\u00bb custom_css_main_element_last_edited=\u00bboff|phone\u00bb]<\/p>\n<p><a href=\"https:\/\/puestoviejo.com\/\" rel=\"nofollow noopener\" target=\"_blank\"><span style=\"font-weight: 400;\">puestoviejo.com<\/span><\/a><\/p>\n<p>[\/et_pb_blurb][\/et_pb_column_inner][\/et_pb_row_inner][et_pb_row_inner _builder_version=\u00bb4.27.4&#8243; _module_preset=\u00bbdefault\u00bb background_color=\u00bb#eeeeee\u00bb custom_margin=\u00bb20px||||false|false\u00bb custom_padding=\u00bb15px|15px|15px|15px|true|true\u00bb border_width_left=\u00bb8px\u00bb border_color_left=\u00bb#5c8cb2&#8243; global_colors_info=\u00bb{}\u00bb theme_builder_area=\u00bbpost_content\u00bb][et_pb_column_inner _builder_version=\u00bb4.27.4&#8243; _module_preset=\u00bbdefault\u00bb global_colors_info=\u00bb{}\u00bb saved_specialty_column_type=\u00bb2_3&#8243; theme_builder_area=\u00bbpost_content\u00bb][et_pb_text admin_label=\u00bbGu\u00edas contacto\u00bb _builder_version=\u00bb4.27.4&#8243; _module_preset=\u00bbdefault\u00bb text_font=\u00bb|700|||||||\u00bb text_line_height=\u00bb1.3em\u00bb link_font=\u00bb|700|||||||\u00bb link_text_color=\u00bb#5c8cb2&#8243; link_line_height=\u00bb1.3em\u00bb hover_enabled=\u00bb0&#8243; global_colors_info=\u00bb{}\u00bb theme_builder_area=\u00bbpost_content\u00bb sticky_enabled=\u00bb0&#8243;]<\/p>\n<p>\u00bfFalta un lugar en la gu\u00eda? <a href=\"https:\/\/viewbuenosaires.com\/es\/guias-contacto\/\" rel=\"nofollow\">\u00a1Haz clic aqu\u00ed!<\/a><\/p>\n<p>[\/et_pb_text][\/et_pb_column_inner][\/et_pb_row_inner][et_pb_row_inner disabled_on=\u00bboff|off|off\u00bb _builder_version=\u00bb4.27.2&#8243; _module_preset=\u00bbdefault\u00bb custom_margin=\u00bb30px||||false|false\u00bb border_width_top=\u00bb2px\u00bb border_color_top=\u00bb#dddddd\u00bb global_colors_info=\u00bb{}\u00bb][et_pb_column_inner saved_specialty_column_type=\u00bb2_3&#8243; _builder_version=\u00bb4.22.2&#8243; _module_preset=\u00bbdefault\u00bb global_colors_info=\u00bb{}\u00bb][et_pb_text admin_label=\u00bbEnding\u00bb module_class=\u00bbpac-dtocm-exclude\u00bb _builder_version=\u00bb4.27.4&#8243; _module_preset=\u00bbdefault\u00bb header_2_font_size_tablet=\u00bb30px\u00bb header_2_font_size_phone=\u00bb26px\u00bb header_2_font_size_last_edited=\u00bbon|phone\u00bb global_colors_info=\u00bb{}\u00bb]<\/p>\n<h2><strong>Un dia de campo en la provincia de Buenos Aires<\/strong><\/h2>\n<hr \/>\n<p><span style=\"font-weight: 400;\">La provincia de Buenos Aires est\u00e1 llena de lugares m\u00e1gicos, muy cerca del centro porte\u00f1o, que te trasladan al relax y te conectan con la naturaleza. Con sus platos t\u00edpicos y las actividades al aire libre, podr\u00e1s disfrutar de una jornada campestre.\u00a0<\/span><\/p>\n<p><span style=\"font-weight: 400;\">Esperamos que hayas disfrutado de este recorrido con nosotros por las diferentes opciones para pasar un D\u00eda de Campo. Si quer\u00e9s conocer m\u00e1s sobre otras estancias en Buenos Aires y sus actividades, en Casas de Campo: escapate de la City porte\u00f1a vas a encontrar otras opciones.<\/span><\/p>\n<p>[\/et_pb_text][\/et_pb_column_inner][\/et_pb_row_inner][\/et_pb_column][et_pb_column type=\u00bb1_3&#8243; _builder_version=\u00bb4.16&#8243; custom_padding=\u00bb|||\u00bb global_colors_info=\u00bb{}\u00bb custom_padding__hover=\u00bb|||\u00bb][pac_divi_table_of_contents title=\u00bbTable of Content\u00bb default_state=\u00bbclosed\u00bb opened_icon=\u00bb&#xe043;||divi||400&#8243; closed_icon=\u00bb&#xe044;||divi||400&#8243; exclude_headings_by_class=\u00bbon\u00bb included_headings=\u00bboff|on|off|off|off|off\u00bb active_link_highlight=\u00bbon\u00bb level_markers_2=\u00bbnone\u00bb title_container_bg_color=\u00bb#f3f3f3&#8243; open_icon_color=\u00bb#333333&#8243; open_icon_size=\u00bb24px\u00bb close_icon_color=\u00bb#333333&#8243; close_icon_size=\u00bb24px\u00bb body_area_scroll_color=\u00bb#333333&#8243; body_area_padding=\u00bb15px|23px|15px|0px|false|false\u00bb body_area_bg_color=\u00bb#f3f3f3&#8243; body_area_text_link_color=\u00bb#333333&#8243; body_area_text_link_underline=\u00bb#5c8cb2&#8243; body_area_text_link_padding=\u00bb0px|0px|20px|0px|false|false\u00bb body_area_text_link_color_active=\u00bb#5c8cb2&#8243; body_area_text_link_underline_active=\u00bb#5c8cb2&#8243; body_area_text_link_padding_active=\u00bb0px|0px|20px||false|false\u00bb disabled_on=\u00bbon|on|off\u00bb admin_label=\u00bbrow\u00bb _builder_version=\u00bb4.16&#8243; _module_preset=\u00bbdefault\u00bb title_font_font=\u00bb|600|||||||\u00bb title_text_color=\u00bb#333333&#8243; title_font_size=\u00bb20px\u00bb title_line_height=\u00bb1.3em\u00bb heading_all_font_size=\u00bb20px\u00bb heading_all_active_font=\u00bb||||||||\u00bb heading_all_active_font_size=\u00bb20px\u00bb heading_all_active_line_height=\u00bb1.3em\u00bb marker_all_font_size=\u00bb18px\u00bb custom_padding=\u00bb|||\u00bb border_radii_title_container=\u00bbon||||\u00bb border_color_all_body_area_heading_text_active=\u00bb#dddddd\u00bb global_module=\u00bb253475&#8243; saved_tabs=\u00bball\u00bb global_colors_info=\u00bb{}\u00bb body_area_text_link_color__hover_enabled=\u00bbon|desktop\u00bb body_area_text_link_color__hover=\u00bb#5c8cb2&#8243;][\/pac_divi_table_of_contents][et_pb_text admin_label=\u00bbMap &#8211; Headline\u00bb _builder_version=\u00bb4.27.4&#8243; _module_preset=\u00bbdefault\u00bb text_font=\u00bb||||||||\u00bb text_line_height=\u00bb1.4em\u00bb text_orientation=\u00bbcenter\u00bb custom_padding=\u00bb||||false|false\u00bb global_colors_info=\u00bb{}\u00bb]<\/p>\n<p>Encontr\u00e1 donde pasar un d\u00eda de campo en Buenos Aires en el mapa.<\/p>\n<p>[\/et_pb_text][et_pb_code admin_label=\u00bbMap\u00bb module_class=\u00bbmap-mobile\u00bb _builder_version=\u00bb4.27.4&#8243; _module_preset=\u00bbdefault\u00bb custom_margin=\u00bb-20px||||false|false\u00bb global_colors_info=\u00bb{}\u00bb]<iframe loading=\"lazy\" src=\"https:\/\/www.google.com\/maps\/d\/u\/0\/embed?mid=1IggJcv6xjb8qup9yY5p6asoxI3PwEZw&#038;ehbc=2E312F&#038;noprof=1\" width=\"100%\" height=\"500\"><\/iframe>[\/et_pb_code][\/et_pb_column][\/et_pb_section][et_pb_section fb_built=\u00bb1&#8243; admin_label=\u00bbsection\u00bb _builder_version=\u00bb4.16&#8243; _module_preset=\u00bbdefault\u00bb background_color=\u00bb#f3f3f3&#8243; custom_margin=\u00bb||-82px||false|false\u00bb global_module=\u00bb253461&#8243; saved_tabs=\u00bball\u00bb global_colors_info=\u00bb{}\u00bb][et_pb_row admin_label=\u00bbrow\u00bb _builder_version=\u00bb4.16&#8243; background_size=\u00bbinitial\u00bb background_position=\u00bbtop_left\u00bb background_repeat=\u00bbrepeat\u00bb global_colors_info=\u00bb{}\u00bb][et_pb_column type=\u00bb4_4&#8243; _builder_version=\u00bb4.16&#8243; custom_padding=\u00bb|||\u00bb global_colors_info=\u00bb{}\u00bb custom_padding__hover=\u00bb|||\u00bb][\/et_pb_column][\/et_pb_row][\/et_pb_section]<\/p>\n","protected":false},"excerpt":{"rendered":"<p>Si te cansaste del movimiento vertiginoso de la ciudad y necesit\u00e1s un poco de aire fresco, te llevamos a recorrer las mejores estancias de Buenos Aires. Con actividades al aire libre y una conexi\u00f3n total con la naturaleza, ac\u00e1 ten\u00e9s el plan perfecto para una escapada de fin de semana.<strong>Actualizaci\u00f3n: <\/strong>octubre 23, 2025<div class=\"heateor_sss_sharing_container heateor_sss_horizontal_sharing\" data-heateor-ss-offset=\"0\" data-heateor-sss-href='https:\/\/viewbuenosaires.com\/es\/dia-de-campo-en-buenos-aires\/'><div class=\"heateor_sss_sharing_ul\"><a aria-label=\"Facebook\" class=\"heateor_sss_facebook\" href=\"https:\/\/www.facebook.com\/sharer\/sharer.php?u=https%3A%2F%2Fviewbuenosaires.com%2Fes%2Fdia-de-campo-en-buenos-aires%2F\" title=\"Facebook\" rel=\"nofollow noopener\" target=\"_blank\" style=\"font-size:32px!important;box-shadow:none;display:inline-block;vertical-align:middle\"><span class=\"heateor_sss_svg\" style=\"background-color:#0765FE;width:33px;height:33px;border-radius:999px;display:inline-block;opacity:1;float:left;font-size:32px;box-shadow:none;display:inline-block;font-size:16px;padding:0 4px;vertical-align:middle;background-repeat:repeat;overflow:hidden;padding:0;cursor:pointer;box-sizing:content-box\"><svg style=\"display:block;border-radius:999px;\" focusable=\"false\" aria-hidden=\"true\" xmlns=\"http:\/\/www.w3.org\/2000\/svg\" width=\"100%\" height=\"100%\" viewBox=\"0 0 32 32\"><path fill=\"#ffffff\" d=\"M28 16c0-6.627-5.373-12-12-12S4 9.373 4 16c0 5.628 3.875 10.35 9.101 11.647v-7.98h-2.474V16H13.1v-1.58c0-4.085 1.849-5.978 5.859-5.978.76 0 2.072.15 2.608.298v3.325c-.283-.03-.775-.045-1.386-.045-1.967 0-2.728.745-2.728 2.683V16h3.92l-.673 3.667h-3.247v8.245C23.395 27.195 28 22.135 28 16Z\"><\/path><\/svg><\/span><\/a><a aria-label=\"X\" class=\"heateor_sss_button_x\" href=\"https:\/\/twitter.com\/intent\/tweet?text=D%C3%ADa%20de%20campo%20en%20Buenos%20Aires&url=https%3A%2F%2Fviewbuenosaires.com%2Fes%2Fdia-de-campo-en-buenos-aires%2F\" title=\"X\" rel=\"nofollow noopener\" target=\"_blank\" style=\"font-size:32px!important;box-shadow:none;display:inline-block;vertical-align:middle\"><span class=\"heateor_sss_svg heateor_sss_s__default heateor_sss_s_x\" style=\"background-color:#2a2a2a;width:33px;height:33px;border-radius:999px;display:inline-block;opacity:1;float:left;font-size:32px;box-shadow:none;display:inline-block;font-size:16px;padding:0 4px;vertical-align:middle;background-repeat:repeat;overflow:hidden;padding:0;cursor:pointer;box-sizing:content-box\"><svg width=\"100%\" height=\"100%\" style=\"display:block;border-radius:999px;\" focusable=\"false\" aria-hidden=\"true\" xmlns=\"http:\/\/www.w3.org\/2000\/svg\" viewBox=\"0 0 32 32\"><path fill=\"#ffffff\" d=\"M21.751 7h3.067l-6.7 7.658L26 25.078h-6.172l-4.833-6.32-5.531 6.32h-3.07l7.167-8.19L6 7h6.328l4.37 5.777L21.75 7Zm-1.076 16.242h1.7L11.404 8.74H9.58l11.094 14.503Z\"><\/path><\/svg><\/span><\/a><a aria-label=\"Pinterest\" class=\"heateor_sss_button_pinterest\" href=\"https:\/\/viewbuenosaires.com\/es\/dia-de-campo-en-buenos-aires\/\" onclick=\"event.preventDefault();javascript:void( (function() {var e=document.createElement('script' );e.setAttribute('type','text\/javascript' );e.setAttribute('charset','UTF-8' );e.setAttribute('src','\/\/assets.pinterest.com\/js\/pinmarklet.js?r='+Math.random()*99999999);document.body.appendChild(e)})());\" title=\"Pinterest\" rel=\"noopener\" style=\"font-size:32px!important;box-shadow:none;display:inline-block;vertical-align:middle\"><span class=\"heateor_sss_svg heateor_sss_s__default heateor_sss_s_pinterest\" style=\"background-color:#cc2329;width:33px;height:33px;border-radius:999px;display:inline-block;opacity:1;float:left;font-size:32px;box-shadow:none;display:inline-block;font-size:16px;padding:0 4px;vertical-align:middle;background-repeat:repeat;overflow:hidden;padding:0;cursor:pointer;box-sizing:content-box\"><svg style=\"display:block;border-radius:999px;\" focusable=\"false\" aria-hidden=\"true\" xmlns=\"http:\/\/www.w3.org\/2000\/svg\" width=\"100%\" height=\"100%\" viewBox=\"-2 -2 35 35\"><path fill=\"#ffffff\" d=\"M16.539 4.5c-6.277 0-9.442 4.5-9.442 8.253 0 2.272.86 4.293 2.705 5.046.303.125.574.005.662-.33.061-.231.205-.816.27-1.06.088-.331.053-.447-.191-.736-.532-.627-.873-1.439-.873-2.591 0-3.338 2.498-6.327 6.505-6.327 3.548 0 5.497 2.168 5.497 5.062 0 3.81-1.686 7.025-4.188 7.025-1.382 0-2.416-1.142-2.085-2.545.397-1.674 1.166-3.48 1.166-4.689 0-1.081-.581-1.983-1.782-1.983-1.413 0-2.548 1.462-2.548 3.419 0 1.247.421 2.091.421 2.091l-1.699 7.199c-.505 2.137-.076 4.755-.039 5.019.021.158.223.196.314.077.13-.17 1.813-2.247 2.384-4.324.162-.587.929-3.631.929-3.631.46.876 1.801 1.646 3.227 1.646 4.247 0 7.128-3.871 7.128-9.053.003-3.918-3.317-7.568-8.361-7.568z\"\/><\/svg><\/span><\/a><a aria-label=\"Whatsapp\" class=\"heateor_sss_whatsapp\" href=\"https:\/\/api.whatsapp.com\/send?text=D%C3%ADa%20de%20campo%20en%20Buenos%20Aires%20https%3A%2F%2Fviewbuenosaires.com%2Fes%2Fdia-de-campo-en-buenos-aires%2F\" title=\"Whatsapp\" rel=\"nofollow noopener\" target=\"_blank\" style=\"font-size:32px!important;box-shadow:none;display:inline-block;vertical-align:middle\"><span class=\"heateor_sss_svg\" style=\"background-color:#55eb4c;width:33px;height:33px;border-radius:999px;display:inline-block;opacity:1;float:left;font-size:32px;box-shadow:none;display:inline-block;font-size:16px;padding:0 4px;vertical-align:middle;background-repeat:repeat;overflow:hidden;padding:0;cursor:pointer;box-sizing:content-box\"><svg style=\"display:block;border-radius:999px;\" focusable=\"false\" aria-hidden=\"true\" xmlns=\"http:\/\/www.w3.org\/2000\/svg\" width=\"100%\" height=\"100%\" viewBox=\"-6 -5 40 40\"><path class=\"heateor_sss_svg_stroke heateor_sss_no_fill\" stroke=\"#ffffff\" stroke-width=\"2\" fill=\"none\" d=\"M 11.579798566743314 24.396926207859085 A 10 10 0 1 0 6.808479557110079 20.73576436351046\"><\/path><path d=\"M 7 19 l -1 6 l 6 -1\" class=\"heateor_sss_no_fill heateor_sss_svg_stroke\" stroke=\"#ffffff\" stroke-width=\"2\" fill=\"none\"><\/path><path d=\"M 10 10 q -1 8 8 11 c 5 -1 0 -6 -1 -3 q -4 -3 -5 -5 c 4 -2 -1 -5 -1 -4\" fill=\"#ffffff\"><\/path><\/svg><\/span><\/a><a aria-label=\"Email\" class=\"heateor_sss_email\" href=\"https:\/\/viewbuenosaires.com\/es\/dia-de-campo-en-buenos-aires\/\" onclick=\"event.preventDefault();window.open('mailto:?subject=' + decodeURIComponent('D%C3%ADa%20de%20campo%20en%20Buenos%20Aires').replace('&', '%26') + '&body=https%3A%2F%2Fviewbuenosaires.com%2Fes%2Fdia-de-campo-en-buenos-aires%2F', '_blank')\" title=\"Email\" rel=\"noopener\" style=\"font-size:32px!important;box-shadow:none;display:inline-block;vertical-align:middle\"><span class=\"heateor_sss_svg\" style=\"background-color:#649a3f;width:33px;height:33px;border-radius:999px;display:inline-block;opacity:1;float:left;font-size:32px;box-shadow:none;display:inline-block;font-size:16px;padding:0 4px;vertical-align:middle;background-repeat:repeat;overflow:hidden;padding:0;cursor:pointer;box-sizing:content-box\"><svg style=\"display:block;border-radius:999px;\" focusable=\"false\" aria-hidden=\"true\" xmlns=\"http:\/\/www.w3.org\/2000\/svg\" width=\"100%\" height=\"100%\" viewBox=\"-.75 -.5 36 36\"><path d=\"M 5.5 11 h 23 v 1 l -11 6 l -11 -6 v -1 m 0 2 l 11 6 l 11 -6 v 11 h -22 v -11\" stroke-width=\"1\" fill=\"#ffffff\"><\/path><\/svg><\/span><\/a><\/div><div class=\"heateorSssClear\"><\/div><\/div><div class=\"et_pb_module pac_divi_table_of_contents pac_divi_table_of_contents_0\">\n\t\t\t\t\n\t\t\t\t\n\t\t\t\t\n\t\t\t\t\n\t\t\t\t\n\t\t\t\t\n\t\t\t\t<div class=\"et_pb_module_inner\">\n\t\t\t\t\t\n        <div class=\"pac_dtoc_main_container\"\n        data-allow_collapse_minimize=\"on\"\n        data-allow_collapse_minimize_tablet=\"on\"\n        data-allow_collapse_minimize_phone=\"on\"\n        data-ss=\"2000\"\n        data-sah=\"100\"\n        data-collapse_when_sticky=\"off\"\n        data-collapse_when_sticky_tablet=\"off\"\n        data-collapse_when_sticky_phone=\"off\"\n        data-skh=\"off\"\n        data-mtocai=\"off\"\n        data-mtocai_tablet=\"off\"\n        data-mtocai_phone=\"off\"\n        data-alh=\"off\"\n        data-ds=\"\u00bbclosed\u00bb\"\n        data-dst=\"\u00bbclosed\u00bb\"\n        data-dsp=\"\u00bbclosed\u00bb\">\n            <div class=\"pac_dtoc_title_area click_on click_tablet_on click_phone_on\">\n                <div role=\"heading\" aria-level=\"2\" id=\"pac_dtocm_title\" class=\"pac_dtoc_title\">Table of Contents<\/div>\n                \n                <div class=\"pac_dtoc_icon_responsive\">\n                    <div class=\"pac_dtoc_opened_icon\"><\/div>\n                    <div class=\"pac_dtoc_closed_icon\"><\/div>\n                <\/div>\n                \n            <\/div>\n            <div role=\"navigation\" aria-labelledby=\"pac_dtocm_title\" class=\"pac_dtoc_body_area inside\">\n                \n                <div class='divi_table_of_contents' role=\"tree\" ><\/div>\n            <\/div>\n        <\/div>\n        \n\t\t\t\t<\/div>\n\t\t\t<\/div><\/p>\n","protected":false},"author":2,"featured_media":254320,"comment_status":"open","ping_status":"open","sticky":false,"template":"","format":"standard","meta":{"_et_pb_use_builder":"on","_et_pb_old_content":"","_et_gb_content_width":"","_lmt_disableupdate":"no","_lmt_disable":"","footnotes":""},"categories":[38],"tags":[],"class_list":["post-254324","post","type-post","status-publish","format-standard","has-post-thumbnail","hentry","category-aire-libre"],"modified_by":"Nadia","_links":{"self":[{"href":"https:\/\/viewbuenosaires.com\/es\/wp-json\/wp\/v2\/posts\/254324","targetHints":{"allow":["GET"]}}],"collection":[{"href":"https:\/\/viewbuenosaires.com\/es\/wp-json\/wp\/v2\/posts"}],"about":[{"href":"https:\/\/viewbuenosaires.com\/es\/wp-json\/wp\/v2\/types\/post"}],"author":[{"embeddable":true,"href":"https:\/\/viewbuenosaires.com\/es\/wp-json\/wp\/v2\/users\/2"}],"replies":[{"embeddable":true,"href":"https:\/\/viewbuenosaires.com\/es\/wp-json\/wp\/v2\/comments?post=254324"}],"version-history":[{"count":21,"href":"https:\/\/viewbuenosaires.com\/es\/wp-json\/wp\/v2\/posts\/254324\/revisions"}],"predecessor-version":[{"id":257359,"href":"https:\/\/viewbuenosaires.com\/es\/wp-json\/wp\/v2\/posts\/254324\/revisions\/257359"}],"wp:featuredmedia":[{"embeddable":true,"href":"https:\/\/viewbuenosaires.com\/es\/wp-json\/wp\/v2\/media\/254320"}],"wp:attachment":[{"href":"https:\/\/viewbuenosaires.com\/es\/wp-json\/wp\/v2\/media?parent=254324"}],"wp:term":[{"taxonomy":"category","embeddable":true,"href":"https:\/\/viewbuenosaires.com\/es\/wp-json\/wp\/v2\/categories?post=254324"},{"taxonomy":"post_tag","embeddable":true,"href":"https:\/\/viewbuenosaires.com\/es\/wp-json\/wp\/v2\/tags?post=254324"}],"curies":[{"name":"wp","href":"https:\/\/api.w.org\/{rel}","templated":true}]}}