{"id":254196,"date":"2024-12-11T22:48:27","date_gmt":"2024-12-12T01:48:27","guid":{"rendered":"https:\/\/viewbuenosaires.com\/notables-bars-buenos-aires\/"},"modified":"2026-03-19T08:03:37","modified_gmt":"2026-03-19T11:03:37","slug":"cafes-notables-de-buenos-aires","status":"publish","type":"post","link":"https:\/\/viewbuenosaires.com\/es\/cafes-notables-de-buenos-aires\/","title":{"rendered":"Caf\u00e9s notables en Buenos Aires"},"content":{"rendered":"<p>[et_pb_section fb_built=\u00bb1&#8243; fullwidth=\u00bbon\u00bb _builder_version=\u00bb4.22.2&#8243; _module_preset=\u00bbdefault\u00bb global_colors_info=\u00bb{}\u00bb][et_pb_fullwidth_header title=\u00bbCaf\u00e9s notables de Buenos Aires\u00bb subhead=\u00bb GU\u00cdA PARA SUMERGIRTE EN LA CULTURA PORTE\u00d1A\u00bb text_orientation=\u00bbcenter\u00bb header_fullscreen=\u00bbon\u00bb header_scroll_down=\u00bbon\u00bb scroll_down_icon=\u00bb%%7%%\u00bb scroll_down_icon_size=\u00bb54px\u00bb _builder_version=\u00bb4.27.4&#8243; _dynamic_attributes=\u00bbcontent\u00bb _module_preset=\u00bbdefault\u00bb title_font=\u00bb&#8211;et_global_heading_font|700|||||||\u00bb title_font_size=\u00bb80px\u00bb title_line_height=\u00bb1.3em\u00bb subhead_font=\u00bb|600|||||||\u00bb subhead_font_size=\u00bb32px\u00bb subhead_line_height=\u00bb1.3em\u00bb content_link_font=\u00bb||||||||\u00bb content_link_text_align=\u00bbcenter\u00bb content_link_text_color=\u00bb#FFFFFF\u00bb content_link_line_height=\u00bb1.3em\u00bb background_enable_color=\u00bboff\u00bb background_image=\u00bbhttps:\/\/viewbuenosaires.com\/wp-content\/uploads\/2024\/12\/cafes-notables-main.jpg\u00bb title_font_size_tablet=\u00bb72px\u00bb title_font_size_phone=\u00bb42px\u00bb title_font_size_last_edited=\u00bbon|phone\u00bb subhead_font_size_tablet=\u00bb28px\u00bb subhead_font_size_phone=\u00bb24px\u00bb subhead_font_size_last_edited=\u00bbon|phone\u00bb background_last_edited=\u00bbon|phone\u00bb background_image_phone=\u00bbhttps:\/\/viewbuenosaires.com\/wp-content\/uploads\/2024\/12\/cafe-mobile.jpg\u00bb background_enable_image_phone=\u00bbon\u00bb custom_css_content=\u00bbbackground-color: #000;||padding: 8px 15px 8px 15px;||border-radius: 3px;||display: inline-block;\u00bb custom_css_subtitle=\u00bbmargin-bottom: 40px;\u00bb global_colors_info=\u00bb{}\u00bb custom_css_content__hover_enabled=\u00bbon|hover\u00bb custom_css_content__hover=\u00bbbackground-color: #5c8cb2;\u00bb]@ET-DC@eyJkeW5hbWljIjp0cnVlLCJjb250ZW50IjoicG9zdF9jYXRlZ29yaWVzIiwic2V0dGluZ3MiOnsiYmVmb3JlIjoiIiwiYWZ0ZXIiOiIiLCJsaW5rX3RvX3Rlcm1fcGFnZSI6Im9uIiwic2VwYXJhdG9yIjoiIHwgIiwiY2F0ZWdvcnlfdHlwZSI6ImNhdGVnb3J5In19@[\/et_pb_fullwidth_header][\/et_pb_section][et_pb_section fb_built=\u00bb1&#8243; _builder_version=\u00bb4.22.2&#8243; _module_preset=\u00bbdefault\u00bb custom_padding=\u00bb0px||0px||false|false\u00bb saved_tabs=\u00bball\u00bb global_colors_info=\u00bb{}\u00bb][et_pb_row _builder_version=\u00bb4.22.2&#8243; _module_preset=\u00bbdefault\u00bb custom_padding=\u00bb||0px||false|false\u00bb global_colors_info=\u00bb{}\u00bb][et_pb_column type=\u00bb4_4&#8243; _builder_version=\u00bb4.22.2&#8243; _module_preset=\u00bbdefault\u00bb global_colors_info=\u00bb{}\u00bb][et_pb_dmb_breadcrumbs home_icon=\u00bb&#xe074;||divi||400&#8243; use_home_text=\u00bbon\u00bb _builder_version=\u00bb4.22.2&#8243; _module_preset=\u00bbdefault\u00bb body_font=\u00bb|800||on|||||\u00bb body_text_color=\u00bb#999999&#8243; body_font_size=\u00bb14px\u00bb body_letter_spacing=\u00bb1px\u00bb body_line_height=\u00bb1.7em\u00bb separator_text_color=\u00bb#bbbbbb\u00bb separator_line_height=\u00bb1.7em\u00bb link_font=\u00bb|800||on|||||\u00bb link_text_color=\u00bb#bbbbbb\u00bb link_font_size=\u00bb14px\u00bb link_letter_spacing=\u00bb1px\u00bb link_line_height=\u00bb1.7em\u00bb linkhover_font=\u00bb|800||on|||||\u00bb linkhover_text_color=\u00bb#5c8cb2&#8243; linkhover_font_size=\u00bb14px\u00bb linkhover_letter_spacing=\u00bb1px\u00bb linkhover_line_height=\u00bb1.5em\u00bb global_colors_info=\u00bb{}\u00bb][\/et_pb_dmb_breadcrumbs][\/et_pb_column][\/et_pb_row][\/et_pb_section][et_pb_section fb_built=\u00bb1&#8243; specialty=\u00bbon\u00bb custom_padding_last_edited=\u00bboff|desktop\u00bb module_class_2=\u00bbsticky\u00bb _builder_version=\u00bb4.27.2&#8243; _module_preset=\u00bbdefault\u00bb custom_padding=\u00bb0px||||false|true\u00bb custom_padding_tablet=\u00bb|0px||0px|false|true\u00bb global_colors_info=\u00bb{}\u00bb][et_pb_column type=\u00bb2_3&#8243; specialty_columns=\u00bb2&#8243; _builder_version=\u00bb4.16&#8243; custom_padding=\u00bb|||\u00bb global_colors_info=\u00bb{}\u00bb custom_padding__hover=\u00bb|||\u00bb][et_pb_row_inner _builder_version=\u00bb4.22.2&#8243; _module_preset=\u00bbdefault\u00bb global_colors_info=\u00bb{}\u00bb][et_pb_column_inner saved_specialty_column_type=\u00bb2_3&#8243; _builder_version=\u00bb4.22.2&#8243; _module_preset=\u00bbdefault\u00bb global_colors_info=\u00bb{}\u00bb][et_pb_text admin_label=\u00bbIntro\u00bb _builder_version=\u00bb4.27.4&#8243; _module_preset=\u00bbdefault\u00bb text_font=\u00bb|600|||||||\u00bb text_font_size=\u00bb24px\u00bb text_line_height=\u00bb1.3em\u00bb link_font=\u00bb|800||on|||||\u00bb link_text_color=\u00bb#EDF000&#8243; global_colors_info=\u00bb{}\u00bb]<\/p>\n<p><strong>Existen lugares que muestran la historia de una ciudad y reflejan su esp\u00edritu. Este es el caso de los caf\u00e9s notables de Buenos Aires, donde convergen la historia, la cultura y los encuentros de amigos. En ellos podr\u00e1s disfrutar de la gastronom\u00eda argentina y conocer un poco de la vida de personajes famosos que dieron forma a la cultura del pa\u00eds.<\/strong><\/p>\n<p>[\/et_pb_text][\/et_pb_column_inner][\/et_pb_row_inner][et_pb_row_inner column_structure=\u00bb1_2,1_2&#8243; _builder_version=\u00bb4.22.2&#8243; _module_preset=\u00bbdefault\u00bb custom_padding=\u00bb0px||||false|false\u00bb saved_tabs=\u00bball\u00bb global_colors_info=\u00bb{}\u00bb][et_pb_column_inner type=\u00bb1_2&#8243; _builder_version=\u00bb4.22.2&#8243; _module_preset=\u00bbdefault\u00bb global_colors_info=\u00bb{}\u00bb][et_pb_text admin_label=\u00bbLast updated\u00bb _builder_version=\u00bb4.27.2&#8243; _module_preset=\u00bbdefault\u00bb text_font=\u00bb|||on|||||\u00bb text_text_color=\u00bb#5c8cb2&#8243; global_colors_info=\u00bb{}\u00bb]<\/p>\n<strong>Actualizaci\u00f3n: <\/strong>marzo 19, 2026\n<p>[\/et_pb_text][\/et_pb_column_inner][et_pb_column_inner type=\u00bb1_2&#8243; _builder_version=\u00bb4.22.2&#8243; _module_preset=\u00bbdefault\u00bb global_colors_info=\u00bb{}\u00bb][et_pb_text admin_label=\u00bbSocial sharing\u00bb _builder_version=\u00bb4.22.2&#8243; _module_preset=\u00bbdefault\u00bb custom_margin=\u00bb-10px||||false|false\u00bb custom_padding=\u00bb||||false|false\u00bb global_colors_info=\u00bb{}\u00bb]<div class=\"heateor_sss_sharing_container heateor_sss_horizontal_sharing\" data-heateor-ss-offset=\"0\" data-heateor-sss-href='https:\/\/viewbuenosaires.com\/es\/cafes-notables-de-buenos-aires\/'><div class=\"heateor_sss_sharing_ul\"><a aria-label=\"Facebook\" class=\"heateor_sss_facebook\" href=\"https:\/\/www.facebook.com\/sharer\/sharer.php?u=https%3A%2F%2Fviewbuenosaires.com%2Fes%2Fcafes-notables-de-buenos-aires%2F\" title=\"Facebook\" rel=\"nofollow noopener\" target=\"_blank\" style=\"font-size:32px!important;box-shadow:none;display:inline-block;vertical-align:middle\"><span class=\"heateor_sss_svg\" style=\"background-color:#0765FE;width:33px;height:33px;border-radius:999px;display:inline-block;opacity:1;float:left;font-size:32px;box-shadow:none;display:inline-block;font-size:16px;padding:0 4px;vertical-align:middle;background-repeat:repeat;overflow:hidden;padding:0;cursor:pointer;box-sizing:content-box\"><svg style=\"display:block;border-radius:999px;\" focusable=\"false\" aria-hidden=\"true\" xmlns=\"http:\/\/www.w3.org\/2000\/svg\" width=\"100%\" height=\"100%\" viewBox=\"0 0 32 32\"><path fill=\"#ffffff\" d=\"M28 16c0-6.627-5.373-12-12-12S4 9.373 4 16c0 5.628 3.875 10.35 9.101 11.647v-7.98h-2.474V16H13.1v-1.58c0-4.085 1.849-5.978 5.859-5.978.76 0 2.072.15 2.608.298v3.325c-.283-.03-.775-.045-1.386-.045-1.967 0-2.728.745-2.728 2.683V16h3.92l-.673 3.667h-3.247v8.245C23.395 27.195 28 22.135 28 16Z\"><\/path><\/svg><\/span><\/a><a aria-label=\"X\" class=\"heateor_sss_button_x\" href=\"https:\/\/twitter.com\/intent\/tweet?text=Caf%C3%A9s%20notables%20en%20Buenos%20Aires&url=https%3A%2F%2Fviewbuenosaires.com%2Fes%2Fcafes-notables-de-buenos-aires%2F\" title=\"X\" rel=\"nofollow noopener\" target=\"_blank\" style=\"font-size:32px!important;box-shadow:none;display:inline-block;vertical-align:middle\"><span class=\"heateor_sss_svg heateor_sss_s__default heateor_sss_s_x\" style=\"background-color:#2a2a2a;width:33px;height:33px;border-radius:999px;display:inline-block;opacity:1;float:left;font-size:32px;box-shadow:none;display:inline-block;font-size:16px;padding:0 4px;vertical-align:middle;background-repeat:repeat;overflow:hidden;padding:0;cursor:pointer;box-sizing:content-box\"><svg width=\"100%\" height=\"100%\" style=\"display:block;border-radius:999px;\" focusable=\"false\" aria-hidden=\"true\" xmlns=\"http:\/\/www.w3.org\/2000\/svg\" viewBox=\"0 0 32 32\"><path fill=\"#ffffff\" d=\"M21.751 7h3.067l-6.7 7.658L26 25.078h-6.172l-4.833-6.32-5.531 6.32h-3.07l7.167-8.19L6 7h6.328l4.37 5.777L21.75 7Zm-1.076 16.242h1.7L11.404 8.74H9.58l11.094 14.503Z\"><\/path><\/svg><\/span><\/a><a aria-label=\"Pinterest\" class=\"heateor_sss_button_pinterest\" href=\"https:\/\/viewbuenosaires.com\/es\/cafes-notables-de-buenos-aires\/\" onclick=\"event.preventDefault();javascript:void( (function() {var e=document.createElement('script' );e.setAttribute('type','text\/javascript' );e.setAttribute('charset','UTF-8' );e.setAttribute('src','\/\/assets.pinterest.com\/js\/pinmarklet.js?r='+Math.random()*99999999);document.body.appendChild(e)})());\" title=\"Pinterest\" rel=\"noopener\" style=\"font-size:32px!important;box-shadow:none;display:inline-block;vertical-align:middle\"><span class=\"heateor_sss_svg heateor_sss_s__default heateor_sss_s_pinterest\" style=\"background-color:#cc2329;width:33px;height:33px;border-radius:999px;display:inline-block;opacity:1;float:left;font-size:32px;box-shadow:none;display:inline-block;font-size:16px;padding:0 4px;vertical-align:middle;background-repeat:repeat;overflow:hidden;padding:0;cursor:pointer;box-sizing:content-box\"><svg style=\"display:block;border-radius:999px;\" focusable=\"false\" aria-hidden=\"true\" xmlns=\"http:\/\/www.w3.org\/2000\/svg\" width=\"100%\" height=\"100%\" viewBox=\"-2 -2 35 35\"><path fill=\"#ffffff\" d=\"M16.539 4.5c-6.277 0-9.442 4.5-9.442 8.253 0 2.272.86 4.293 2.705 5.046.303.125.574.005.662-.33.061-.231.205-.816.27-1.06.088-.331.053-.447-.191-.736-.532-.627-.873-1.439-.873-2.591 0-3.338 2.498-6.327 6.505-6.327 3.548 0 5.497 2.168 5.497 5.062 0 3.81-1.686 7.025-4.188 7.025-1.382 0-2.416-1.142-2.085-2.545.397-1.674 1.166-3.48 1.166-4.689 0-1.081-.581-1.983-1.782-1.983-1.413 0-2.548 1.462-2.548 3.419 0 1.247.421 2.091.421 2.091l-1.699 7.199c-.505 2.137-.076 4.755-.039 5.019.021.158.223.196.314.077.13-.17 1.813-2.247 2.384-4.324.162-.587.929-3.631.929-3.631.46.876 1.801 1.646 3.227 1.646 4.247 0 7.128-3.871 7.128-9.053.003-3.918-3.317-7.568-8.361-7.568z\"\/><\/svg><\/span><\/a><a aria-label=\"Whatsapp\" class=\"heateor_sss_whatsapp\" href=\"https:\/\/api.whatsapp.com\/send?text=Caf%C3%A9s%20notables%20en%20Buenos%20Aires%20https%3A%2F%2Fviewbuenosaires.com%2Fes%2Fcafes-notables-de-buenos-aires%2F\" title=\"Whatsapp\" rel=\"nofollow noopener\" target=\"_blank\" style=\"font-size:32px!important;box-shadow:none;display:inline-block;vertical-align:middle\"><span class=\"heateor_sss_svg\" style=\"background-color:#55eb4c;width:33px;height:33px;border-radius:999px;display:inline-block;opacity:1;float:left;font-size:32px;box-shadow:none;display:inline-block;font-size:16px;padding:0 4px;vertical-align:middle;background-repeat:repeat;overflow:hidden;padding:0;cursor:pointer;box-sizing:content-box\"><svg style=\"display:block;border-radius:999px;\" focusable=\"false\" aria-hidden=\"true\" xmlns=\"http:\/\/www.w3.org\/2000\/svg\" width=\"100%\" height=\"100%\" viewBox=\"-6 -5 40 40\"><path class=\"heateor_sss_svg_stroke heateor_sss_no_fill\" stroke=\"#ffffff\" stroke-width=\"2\" fill=\"none\" d=\"M 11.579798566743314 24.396926207859085 A 10 10 0 1 0 6.808479557110079 20.73576436351046\"><\/path><path d=\"M 7 19 l -1 6 l 6 -1\" class=\"heateor_sss_no_fill heateor_sss_svg_stroke\" stroke=\"#ffffff\" stroke-width=\"2\" fill=\"none\"><\/path><path d=\"M 10 10 q -1 8 8 11 c 5 -1 0 -6 -1 -3 q -4 -3 -5 -5 c 4 -2 -1 -5 -1 -4\" fill=\"#ffffff\"><\/path><\/svg><\/span><\/a><a aria-label=\"Email\" class=\"heateor_sss_email\" href=\"https:\/\/viewbuenosaires.com\/es\/cafes-notables-de-buenos-aires\/\" onclick=\"event.preventDefault();window.open('mailto:?subject=' + decodeURIComponent('Caf%C3%A9s%20notables%20en%20Buenos%20Aires').replace('&', '%26') + '&body=https%3A%2F%2Fviewbuenosaires.com%2Fes%2Fcafes-notables-de-buenos-aires%2F', '_blank')\" title=\"Email\" rel=\"noopener\" style=\"font-size:32px!important;box-shadow:none;display:inline-block;vertical-align:middle\"><span class=\"heateor_sss_svg\" style=\"background-color:#649a3f;width:33px;height:33px;border-radius:999px;display:inline-block;opacity:1;float:left;font-size:32px;box-shadow:none;display:inline-block;font-size:16px;padding:0 4px;vertical-align:middle;background-repeat:repeat;overflow:hidden;padding:0;cursor:pointer;box-sizing:content-box\"><svg style=\"display:block;border-radius:999px;\" focusable=\"false\" aria-hidden=\"true\" xmlns=\"http:\/\/www.w3.org\/2000\/svg\" width=\"100%\" height=\"100%\" viewBox=\"-.75 -.5 36 36\"><path d=\"M 5.5 11 h 23 v 1 l -11 6 l -11 -6 v -1 m 0 2 l 11 6 l 11 -6 v 11 h -22 v -11\" stroke-width=\"1\" fill=\"#ffffff\"><\/path><\/svg><\/span><\/a><\/div><div class=\"heateorSssClear\"><\/div><\/div>[\/et_pb_text][\/et_pb_column_inner][\/et_pb_row_inner][et_pb_row_inner _builder_version=\u00bb4.22.2&#8243; _module_preset=\u00bbdefault\u00bb custom_padding=\u00bb0px||||false|false\u00bb global_colors_info=\u00bb{}\u00bb][et_pb_column_inner saved_specialty_column_type=\u00bb2_3&#8243; _builder_version=\u00bb4.22.2&#8243; _module_preset=\u00bbdefault\u00bb global_colors_info=\u00bb{}\u00bb][pac_divi_table_of_contents default_state=\u00bbclosed\u00bb opened_icon=\u00bb&#xe043;||divi||400&#8243; closed_icon=\u00bb&#xe044;||divi||400&#8243; exclude_headings_by_class=\u00bbon\u00bb included_headings=\u00bboff|on|off|off|off|off\u00bb active_link_highlight=\u00bbon\u00bb level_markers_2=\u00bbnone\u00bb title_container_bg_color=\u00bb#f3f3f3&#8243; open_icon_color=\u00bb#333333&#8243; open_icon_size=\u00bb24px\u00bb close_icon_color=\u00bb#333333&#8243; close_icon_size=\u00bb24px\u00bb body_area_scroll_color=\u00bb#333333&#8243; body_area_padding=\u00bb15px|23px|15px|0px|false|false\u00bb body_area_bg_color=\u00bb#f3f3f3&#8243; body_area_text_link_color=\u00bb#333333&#8243; body_area_text_link_underline=\u00bb#5c8cb2&#8243; body_area_text_link_padding=\u00bb0px|0px|20px|0px|false|false\u00bb body_area_text_link_color_active=\u00bb#5c8cb2&#8243; body_area_text_link_underline_active=\u00bb#5c8cb2&#8243; body_area_text_link_padding_active=\u00bb0px|0px|20px|0px|false|false\u00bb disabled_on=\u00bboff|off|on\u00bb admin_label=\u00bbrow\u00bb _builder_version=\u00bb4.16&#8243; _module_preset=\u00bbdefault\u00bb title_font_font=\u00bb|600|||||||\u00bb title_text_color=\u00bb#333333&#8243; title_font_size=\u00bb20px\u00bb title_line_height=\u00bb1.3em\u00bb heading_all_font_size=\u00bb20px\u00bb heading_all_active_font=\u00bb||||||||\u00bb heading_all_active_font_size=\u00bb20px\u00bb heading_all_active_line_height=\u00bb1.3em\u00bb marker_all_font_size=\u00bb18px\u00bb custom_padding=\u00bb|||\u00bb border_radii_title_container=\u00bbon||||\u00bb border_color_all_body_area_heading_text_active=\u00bb#dddddd\u00bb global_module=\u00bb253476&#8243; saved_tabs=\u00bball\u00bb global_colors_info=\u00bb{}\u00bb body_area_text_link_color__hover_enabled=\u00bbon|desktop\u00bb body_area_text_link_color__hover=\u00bb#5c8cb2&#8243;][\/pac_divi_table_of_contents][et_pb_text admin_label=\u00bbGeneral text\u00bb module_class=\u00bbcontent pac-dtocm-exclude\u00bb _builder_version=\u00bb4.27.2&#8243; _module_preset=\u00bbdefault\u00bb header_2_font_size=\u00bb34px\u00bb header_2_font_size_tablet=\u00bb30px\u00bb header_2_font_size_phone=\u00bb26px\u00bb header_2_font_size_last_edited=\u00bbon|phone\u00bb global_colors_info=\u00bb{}\u00bb]<\/p>\n<p><span style=\"font-weight: 400;\">Desde el a\u00f1o 1998 existe la categor\u00eda de Caf\u00e9s Notables de Buenos Aires que denomina una lista de bares, caf\u00e9s y billares que se han destacado en la cultura porte\u00f1a. Mediante una ley de la Legislatura Porte\u00f1a, se busc\u00f3 homenajear estos espacios de encuentro, ya sea por su dise\u00f1o arquitect\u00f3nico o por los personajes de la pol\u00edtica, deporte, espect\u00e1culo o literatura que los frecuentaban.<\/span><\/p>\n<p><span style=\"font-weight: 400;\">Te invitamos a hacer una recorrida por algunos de estos caf\u00e9s y bares notables de Buenos Aires\u2026<\/span><\/p>\n<p>[\/et_pb_text][et_pb_icon font_icon=\u00bb&#x22;||divi||400&#8243; icon_color=\u00bb#5c8cb2&#8243; icon_width=\u00bb48px\u00bb admin_label=\u00bbArrow\u00bb _builder_version=\u00bb4.27.2&#8243; _module_preset=\u00bbdefault\u00bb global_colors_info=\u00bb{}\u00bb][\/et_pb_icon][\/et_pb_column_inner][\/et_pb_row_inner][et_pb_row_inner _builder_version=\u00bb4.22.2&#8243; _module_preset=\u00bbdefault\u00bb custom_margin=\u00bb20px||||false|false\u00bb global_colors_info=\u00bb{}\u00bb][et_pb_column_inner saved_specialty_column_type=\u00bb2_3&#8243; _builder_version=\u00bb4.22.2&#8243; _module_preset=\u00bbdefault\u00bb global_colors_info=\u00bb{}\u00bb][et_pb_dp_dmb_module_a582e994 guide_item_icon=\u00bbhttps:\/\/viewbuenosaires.com\/wp-content\/uploads\/2024\/10\/icon-cafes-category-hover.svg\u00bb guide_item_name=\u00bbLas Violetas\u00bb admin_label=\u00bbLas Violetas\u00bb _builder_version=\u00bb4.27.2&#8243; _module_preset=\u00bbdefault\u00bb guide_item_name_font=\u00bb|700|||||||\u00bb guide_item_name_font_size=\u00bb36px\u00bb guide_item_name_line_height=\u00bb1em\u00bb text_orientation=\u00bbcenter\u00bb guide_item_name_font_size_tablet=\u00bb32px\u00bb guide_item_name_font_size_phone=\u00bb28px\u00bb guide_item_name_font_size_last_edited=\u00bbon|phone\u00bb global_colors_info=\u00bb{}\u00bb][\/et_pb_dp_dmb_module_a582e994][et_pb_text admin_label=\u00bbText\u00bb module_class=\u00bbcontent\u00bb _builder_version=\u00bb4.27.4&#8243; _module_preset=\u00bbdefault\u00bb global_colors_info=\u00bb{}\u00bb]<\/p>\n<p><span style=\"font-weight: 400;\">Este caf\u00e9 notable, inaugurado el 21 de septiembre de 1884, fue construido sin escatimar esfuerzos ni gastos. Magn\u00edficos vitraux, fina boiserie, m\u00e1rmoles italianos y muebles tra\u00eddos de Par\u00eds son parte de los atractivos de esta cl\u00e1sica confiter\u00eda, lo que la convierte en una aut\u00e9ntica joya porte\u00f1a. La poetisa argentina Alfonsina Storni fue una de sus clientas favoritas, al igual que Roberto Arlt e Irineo Leguisamo, que frecuentaban mucho sus salones. El ex presidente Carlos Pellegrini fue tambi\u00e9n un cliente asiduo de esta hermosa confiter\u00eda.<\/span><\/p>\n<p><span style=\"font-weight: 400;\">La Legislatura de la Ciudad lo declar\u00f3 sitio de inter\u00e9s cultural y en 2001 fue reinaugurado, luego de un breve cierre de tres a\u00f1os, incluyendo ciertas modificaciones: a las impecables piezas de m\u00e1rmol de Carrara en la barra y las mesas, se le suman las suntuosas ara\u00f1as de bronce original.<\/span><\/p>\n<p><a href=\"https:\/\/www.instagram.com\/lasvioletasconfiteriaok\/?hl=es\" rel=\"nofollow noopener\" target=\"_blank\"><span style=\"font-weight: 400;\">Las Violetas<\/span><\/a><span style=\"font-weight: 400;\"> cuenta con una amplia carta, pero el sello distintivo de este lugar son sus abundantes y deliciosas meriendas, raz\u00f3n por la cual por las tardes se hacen largas filas de espera. Adem\u00e1s, este caf\u00e9 notable se destaca por su atenci\u00f3n al p\u00fablico que siempre es muy buena.<\/span><\/p>\n<p><span style=\"font-weight: 400;\">El edificio fue declarado Lugar hist\u00f3rico de la Ciudad en 1998 por la Legislatura de la Ciudad de Buenos Aires y, en el a\u00f1o 2017, Las Violetas fue elegido como el mejor Caf\u00e9 Notable de la Ciudad.<\/span><\/p>\n<p>[\/et_pb_text][\/et_pb_column_inner][\/et_pb_row_inner][et_pb_row_inner column_structure=\u00bb1_2,1_2&#8243; _builder_version=\u00bb4.22.2&#8243; _module_preset=\u00bbdefault\u00bb custom_margin=\u00bb-30px||||false|false\u00bb global_colors_info=\u00bb{}\u00bb][et_pb_column_inner type=\u00bb1_2&#8243; saved_specialty_column_type=\u00bb2_3&#8243; _builder_version=\u00bb4.22.2&#8243; _module_preset=\u00bbdefault\u00bb global_colors_info=\u00bb{}\u00bb][et_pb_blurb use_icon=\u00bbon\u00bb font_icon=\u00bb&#xe081;||divi||400&#8243; icon_color=\u00bb#5c8cb2&#8243; icon_placement=\u00bbleft\u00bb image_icon_width=\u00bb28px\u00bb content_max_width=\u00bb100%\u00bb admin_label=\u00bbStreet Address\u00bb _builder_version=\u00bb4.27.2&#8243; _module_preset=\u00bbdefault\u00bb width_last_edited=\u00bboff|desktop\u00bb animation=\u00bboff\u00bb global_colors_info=\u00bb{}\u00bb custom_css_main_element_last_edited=\u00bboff|phone\u00bb width__hover_enabled=\u00bboff|desktop\u00bb]<\/p>\n<p><span style=\"font-weight: 400;\">Rivadavia 3899. Almagro<\/span><\/p>\n<p>[\/et_pb_blurb][\/et_pb_column_inner][et_pb_column_inner type=\u00bb1_2&#8243; saved_specialty_column_type=\u00bb2_3&#8243; _builder_version=\u00bb4.22.2&#8243; _module_preset=\u00bbdefault\u00bb global_colors_info=\u00bb{}\u00bb][et_pb_blurb use_icon=\u00bbon\u00bb font_icon=\u00bb&#xe074;||divi||400&#8243; icon_color=\u00bb#5c8cb2&#8243; icon_placement=\u00bbleft\u00bb image_icon_width=\u00bb28px\u00bb content_max_width=\u00bb100%\u00bb admin_label=\u00bbWebsite\u00bb _builder_version=\u00bb4.27.2&#8243; _module_preset=\u00bbdefault\u00bb body_link_text_color=\u00bb#333333&#8243; width_last_edited=\u00bboff|desktop\u00bb custom_margin_last_edited=\u00bboff|desktop\u00bb custom_padding_tablet=\u00bb||||false|false\u00bb custom_padding_last_edited=\u00bboff|desktop\u00bb animation=\u00bboff\u00bb global_colors_info=\u00bb{}\u00bb custom_css_main_element_last_edited=\u00bboff|phone\u00bb]<\/p>\n<p><a href=\"https:\/\/www.instagram.com\/lasvioletasconfiteriaok\/\" rel=\"nofollow noopener\" target=\"_blank\"><span style=\"font-weight: 400;\">@lasvioletasconfiteriaok<\/span><\/a><\/p>\n<p>[\/et_pb_blurb][\/et_pb_column_inner][\/et_pb_row_inner][et_pb_row_inner _builder_version=\u00bb4.22.2&#8243; _module_preset=\u00bbdefault\u00bb custom_margin=\u00bb20px||||false|false\u00bb global_colors_info=\u00bb{}\u00bb][et_pb_column_inner saved_specialty_column_type=\u00bb2_3&#8243; _builder_version=\u00bb4.22.2&#8243; _module_preset=\u00bbdefault\u00bb global_colors_info=\u00bb{}\u00bb][et_pb_dp_dmb_module_a582e994 guide_item_icon=\u00bbhttps:\/\/viewbuenosaires.com\/wp-content\/uploads\/2024\/10\/icon-cafes-category-hover.svg\u00bb guide_item_name=\u00bbEl Tortoni\u00bb admin_label=\u00bbEl Tortoni\u00bb _builder_version=\u00bb4.27.2&#8243; _module_preset=\u00bbdefault\u00bb guide_item_name_font=\u00bb|700|||||||\u00bb guide_item_name_font_size=\u00bb36px\u00bb guide_item_name_line_height=\u00bb1em\u00bb text_orientation=\u00bbcenter\u00bb guide_item_name_font_size_tablet=\u00bb32px\u00bb guide_item_name_font_size_phone=\u00bb28px\u00bb guide_item_name_font_size_last_edited=\u00bbon|phone\u00bb global_colors_info=\u00bb{}\u00bb][\/et_pb_dp_dmb_module_a582e994][et_pb_text module_class=\u00bbcontent\u00bb _builder_version=\u00bb4.27.2&#8243; _module_preset=\u00bbdefault\u00bb global_colors_info=\u00bb{}\u00bb]<\/p>\n<p><span style=\"font-weight: 400;\">El Tortoni es el Bar Notable m\u00e1s antiguo de la Ciudad de Buenos Aires. En sus mesas se sentaron personalidades argentinas como Carlos Gardel, Jorge Luis Borges y Julio Cort\u00e1zar.<\/span><\/p>\n<p><span style=\"font-weight: 400;\">Un hist\u00f3rico caf\u00e9 de Buenos Aires ubicado en el centro. Por lo general tienes que hacer fila para ingresar. Un lugar imperdible en un paso por Buenos Aires.<\/span><\/p>\n<p><span style=\"font-weight: 400;\">Ubicado en\u00a0 el barrio de Monserrat,<\/span><a href=\"https:\/\/www.cafetortoni.com.ar\/\" rel=\"nofollow noopener\" target=\"_blank\"><span style=\"font-weight: 400;\"> Caf\u00e9 Tortoni<\/span><\/a><span style=\"font-weight: 400;\"> fue fundado en el a\u00f1o 1858 y constituye una verdadera atracci\u00f3n para quienes lo visitan. Su fundador, Monsieur Jean Touan, eligi\u00f3 el nombre en homenaje al c\u00e9lebre Tortoni de Par\u00eds.<\/span><\/p>\n<p><span style=\"font-weight: 400;\">En sus mesas de m\u00e1rmol y sus paredes est\u00e1 presente una parte importante de la historia de Buenos Aires, ya que entre sus clientes m\u00e1s destacados se encontraban los escritores tambi\u00e9n Luigi Pirandello, Federico Garc\u00eda Lorca y Alfonsina Storni.<\/span><\/p>\n<p><span style=\"font-weight: 400;\">El bar notable Tortoni es uno de los pocos lugares en Buenos Aires donde a\u00fan hoy se puede pedir el helado de leche merengada. Otros imperdibles a probar en su carta son el exquisito chocolate con churros, las tablas de quesos, sus carnes y s\u00e1ndwiches. Adem\u00e1s cuenta con desayunos y meriendas completos para disfrutar entre varias personas.<\/span><\/p>\n<p><span style=\"font-weight: 400;\">El Caf\u00e9 Tortoni es un \u00edcono en la Ciudad de Buenos Aires, declarado de Inter\u00e9s Tur\u00edstico y Cultural por la Legislatura porte\u00f1a.<\/span><\/p>\n<p>[\/et_pb_text][\/et_pb_column_inner][\/et_pb_row_inner][et_pb_row_inner column_structure=\u00bb1_2,1_2&#8243; _builder_version=\u00bb4.22.2&#8243; _module_preset=\u00bbdefault\u00bb custom_margin=\u00bb-30px||||false|false\u00bb locked=\u00bboff\u00bb global_colors_info=\u00bb{}\u00bb][et_pb_column_inner type=\u00bb1_2&#8243; saved_specialty_column_type=\u00bb2_3&#8243; _builder_version=\u00bb4.22.2&#8243; _module_preset=\u00bbdefault\u00bb global_colors_info=\u00bb{}\u00bb][et_pb_blurb use_icon=\u00bbon\u00bb font_icon=\u00bb&#xe081;||divi||400&#8243; icon_color=\u00bb#5c8cb2&#8243; icon_placement=\u00bbleft\u00bb image_icon_width=\u00bb28px\u00bb content_max_width=\u00bb100%\u00bb admin_label=\u00bbStreet Address\u00bb _builder_version=\u00bb4.27.2&#8243; _module_preset=\u00bbdefault\u00bb width_last_edited=\u00bboff|desktop\u00bb animation=\u00bboff\u00bb global_colors_info=\u00bb{}\u00bb custom_css_main_element_last_edited=\u00bboff|phone\u00bb width__hover_enabled=\u00bboff|desktop\u00bb]<\/p>\n<p><span style=\"font-weight: 400;\">Av. de Mayo 825, Monserrat<\/span><\/p>\n<p>[\/et_pb_blurb][\/et_pb_column_inner][et_pb_column_inner type=\u00bb1_2&#8243; saved_specialty_column_type=\u00bb2_3&#8243; _builder_version=\u00bb4.22.2&#8243; _module_preset=\u00bbdefault\u00bb global_colors_info=\u00bb{}\u00bb][et_pb_blurb use_icon=\u00bbon\u00bb font_icon=\u00bb&#xe074;||divi||400&#8243; icon_color=\u00bb#5c8cb2&#8243; icon_placement=\u00bbleft\u00bb image_icon_width=\u00bb28px\u00bb content_max_width=\u00bb100%\u00bb admin_label=\u00bbWebsite\u00bb _builder_version=\u00bb4.27.2&#8243; _module_preset=\u00bbdefault\u00bb body_link_text_color=\u00bb#333333&#8243; width_last_edited=\u00bboff|desktop\u00bb custom_margin_last_edited=\u00bboff|desktop\u00bb custom_padding_tablet=\u00bb||||false|false\u00bb custom_padding_last_edited=\u00bboff|desktop\u00bb animation=\u00bboff\u00bb global_colors_info=\u00bb{}\u00bb custom_css_main_element_last_edited=\u00bboff|phone\u00bb]<\/p>\n<p><a href=\"http:\/\/cafetortoni.com.ar\" rel=\"nofollow noopener\" target=\"_blank\"><span style=\"font-weight: 400;\">cafetortoni.com.ar<\/span><\/a><\/p>\n<p>[\/et_pb_blurb][\/et_pb_column_inner][\/et_pb_row_inner][et_pb_row_inner _builder_version=\u00bb4.22.2&#8243; _module_preset=\u00bbdefault\u00bb custom_margin=\u00bb20px||||false|false\u00bb global_colors_info=\u00bb{}\u00bb][et_pb_column_inner saved_specialty_column_type=\u00bb2_3&#8243; _builder_version=\u00bb4.22.2&#8243; _module_preset=\u00bbdefault\u00bb global_colors_info=\u00bb{}\u00bb][et_pb_image src=\u00bbhttps:\/\/viewbuenosaires.com\/wp-content\/uploads\/2024\/12\/cafe-notables-content-ok.jpg\u00bb alt=\u00bbFachada Caf\u00e9 Tortoni\u00bb title_text=\u00bbcafe-notables-content-ok\u00bb align=\u00bbcenter\u00bb _builder_version=\u00bb4.27.4&#8243; _module_preset=\u00bbdefault\u00bb global_colors_info=\u00bb{}\u00bb][\/et_pb_image][et_pb_text admin_label=\u00bbImage caption\u00bb _builder_version=\u00bb4.27.4&#8243; _module_preset=\u00bbdefault\u00bb text_font=\u00bb||on||||||\u00bb text_font_size=\u00bb16px\u00bb text_line_height=\u00bb1.4em\u00bb text_orientation=\u00bbcenter\u00bb custom_margin=\u00bb-15px||||false|false\u00bb global_colors_info=\u00bb{}\u00bb]<\/p>\n<p><i><span style=\"font-weight: 400;\">Caf\u00e9 Tortoni, \u00edcono de la Cuidad de Buenos Aires. F<\/span><\/i><span style=\"font-weight: 400;\">oto: <\/span><a href=\"http:\/\/shutterstock.com\" rel=\"nofollow noopener\" target=\"_blank\"><span style=\"font-weight: 400;\">shutterstock.com<\/span><\/a><\/p>\n<p>[\/et_pb_text][\/et_pb_column_inner][\/et_pb_row_inner][et_pb_row_inner _builder_version=\u00bb4.22.2&#8243; _module_preset=\u00bbdefault\u00bb custom_margin=\u00bb20px||||false|false\u00bb global_colors_info=\u00bb{}\u00bb][et_pb_column_inner saved_specialty_column_type=\u00bb2_3&#8243; _builder_version=\u00bb4.22.2&#8243; _module_preset=\u00bbdefault\u00bb global_colors_info=\u00bb{}\u00bb][et_pb_dp_dmb_module_a582e994 guide_item_icon=\u00bbhttps:\/\/viewbuenosaires.com\/wp-content\/uploads\/2024\/10\/icon-cafes-category-hover.svg\u00bb guide_item_name=\u00bb36 Billares\u00bb admin_label=\u00bb36 Billares\u00bb _builder_version=\u00bb4.27.2&#8243; _module_preset=\u00bbdefault\u00bb guide_item_name_font=\u00bb|700|||||||\u00bb guide_item_name_font_size=\u00bb36px\u00bb guide_item_name_line_height=\u00bb1em\u00bb text_orientation=\u00bbcenter\u00bb guide_item_name_font_size_tablet=\u00bb32px\u00bb guide_item_name_font_size_phone=\u00bb28px\u00bb guide_item_name_font_size_last_edited=\u00bbon|phone\u00bb locked=\u00bboff\u00bb global_colors_info=\u00bb{}\u00bb][\/et_pb_dp_dmb_module_a582e994][et_pb_text admin_label=\u00bbText\u00bb module_class=\u00bbcontent\u00bb _builder_version=\u00bb4.27.2&#8243; _module_preset=\u00bbdefault\u00bb global_colors_info=\u00bb{}\u00bb]<\/p>\n<p><span style=\"font-weight: 400;\">Los 36 Billares es uno de los caf\u00e9s m\u00e1s emblem\u00e1ticos de la ciudad y uno de los m\u00e1s antiguos, ya que abri\u00f3 sus puertas por primera vez en 1894.\u00a0\u00a0<\/span><\/p>\n<p><span style=\"font-weight: 400;\">Ubicado en planta baja y un subsuelo en el barrio de Monserrat, este caf\u00e9 notable cuenta con mesas de billar, como su nombre lo indica, y con mesas de pool y snooker. Dentro de <\/span><a href=\"https:\/\/www.los36billares.com.ar\/\" rel=\"nofollow noopener\" target=\"_blank\"><span style=\"font-weight: 400;\">36 Billares<\/span><\/a><span style=\"font-weight: 400;\"> funciona, tambi\u00e9n, una escuela para aprender a jugar al billar, tanto para grandes como para ni\u00f1os. Adem\u00e1s, pod\u00e9s encontrar otros tipos de juegos de mesa como dados, cartas, ajedrez y backgammon.<\/span><\/p>\n<p><span style=\"font-weight: 400;\">Este ic\u00f3nico lugar, del que fueron habitu\u00e9s Federico Garc\u00eda Lorca, Abelardo Arias y Miguel \u00c1ngel Bavio Esqui\u00fa, fue reestructurado luego de cerrar sus puertas en 2013, conservando la fachada y el perfil porte\u00f1o del caf\u00e9 notable.<\/span><\/p>\n<p><span style=\"font-weight: 400;\">Entre las especialidades de la casa se destacan las pizzas y las empanadas (su carta cuenta con m\u00e1s de 40 variedades). Tambi\u00e9n, se puede disfrutar de otros platos como pastas y saborear postres cl\u00e1sicos como la sopa inglesa, la torta Balcarce y la tarta de ricota.<\/span><\/p>\n<p>[\/et_pb_text][\/et_pb_column_inner][\/et_pb_row_inner][et_pb_row_inner column_structure=\u00bb1_2,1_2&#8243; _builder_version=\u00bb4.22.2&#8243; _module_preset=\u00bbdefault\u00bb custom_margin=\u00bb-30px||||false|false\u00bb locked=\u00bboff\u00bb global_colors_info=\u00bb{}\u00bb][et_pb_column_inner type=\u00bb1_2&#8243; saved_specialty_column_type=\u00bb2_3&#8243; _builder_version=\u00bb4.22.2&#8243; _module_preset=\u00bbdefault\u00bb global_colors_info=\u00bb{}\u00bb][et_pb_blurb use_icon=\u00bbon\u00bb font_icon=\u00bb&#xe081;||divi||400&#8243; icon_color=\u00bb#5c8cb2&#8243; icon_placement=\u00bbleft\u00bb image_icon_width=\u00bb28px\u00bb content_max_width=\u00bb100%\u00bb admin_label=\u00bbStreet Address\u00bb _builder_version=\u00bb4.27.2&#8243; _module_preset=\u00bbdefault\u00bb width_last_edited=\u00bboff|desktop\u00bb animation=\u00bboff\u00bb global_colors_info=\u00bb{}\u00bb custom_css_main_element_last_edited=\u00bboff|phone\u00bb width__hover_enabled=\u00bboff|desktop\u00bb]<\/p>\n<p><span style=\"font-weight: 400;\">Av. de Mayo 1271, Monserrat<\/span><\/p>\n<p>[\/et_pb_blurb][\/et_pb_column_inner][et_pb_column_inner type=\u00bb1_2&#8243; saved_specialty_column_type=\u00bb2_3&#8243; _builder_version=\u00bb4.22.2&#8243; _module_preset=\u00bbdefault\u00bb global_colors_info=\u00bb{}\u00bb][et_pb_blurb use_icon=\u00bbon\u00bb font_icon=\u00bb&#xe074;||divi||400&#8243; icon_color=\u00bb#5c8cb2&#8243; icon_placement=\u00bbleft\u00bb image_icon_width=\u00bb28px\u00bb content_max_width=\u00bb100%\u00bb admin_label=\u00bbWebsite\u00bb _builder_version=\u00bb4.27.2&#8243; _module_preset=\u00bbdefault\u00bb body_link_text_color=\u00bb#333333&#8243; width_last_edited=\u00bboff|desktop\u00bb custom_margin_last_edited=\u00bboff|desktop\u00bb custom_padding_tablet=\u00bb||||false|false\u00bb custom_padding_last_edited=\u00bboff|desktop\u00bb animation=\u00bboff\u00bb global_colors_info=\u00bb{}\u00bb custom_css_main_element_last_edited=\u00bboff|phone\u00bb]<\/p>\n<p><a href=\"http:\/\/los36billares.com.ar\" rel=\"nofollow noopener\" target=\"_blank\"><span style=\"font-weight: 400;\">los36billares.com.ar<\/span><\/a><\/p>\n<p>[\/et_pb_blurb][\/et_pb_column_inner][\/et_pb_row_inner][et_pb_row_inner _builder_version=\u00bb4.22.2&#8243; _module_preset=\u00bbdefault\u00bb custom_margin=\u00bb20px||||false|false\u00bb global_colors_info=\u00bb{}\u00bb][et_pb_column_inner saved_specialty_column_type=\u00bb2_3&#8243; _builder_version=\u00bb4.22.2&#8243; _module_preset=\u00bbdefault\u00bb global_colors_info=\u00bb{}\u00bb][et_pb_dp_dmb_module_a582e994 guide_item_icon=\u00bbhttps:\/\/viewbuenosaires.com\/wp-content\/uploads\/2024\/10\/icon-cafes-category-hover.svg\u00bb guide_item_name=\u00bbMontecarlo Bar &#038; Despensa\u00bb admin_label=\u00bbMontecarlo Bar &#038; Despensa\u00bb _builder_version=\u00bb4.27.2&#8243; _module_preset=\u00bbdefault\u00bb guide_item_name_font=\u00bb|700|||||||\u00bb guide_item_name_font_size=\u00bb36px\u00bb guide_item_name_line_height=\u00bb1em\u00bb text_orientation=\u00bbcenter\u00bb guide_item_name_font_size_tablet=\u00bb32px\u00bb guide_item_name_font_size_phone=\u00bb28px\u00bb guide_item_name_font_size_last_edited=\u00bbon|phone\u00bb locked=\u00bboff\u00bb global_colors_info=\u00bb{}\u00bb][\/et_pb_dp_dmb_module_a582e994][et_pb_text admin_label=\u00bbText\u00bb module_class=\u00bbcontent\u00bb _builder_version=\u00bb4.27.2&#8243; _module_preset=\u00bbdefault\u00bb global_colors_info=\u00bb{}\u00bb]<\/p>\n<p><span style=\"font-weight: 400;\">Este bar es testigo de los \u00faltimos 100 a\u00f1os de historia del Viejo Palermo. Montecarlo se encuentra ubicado en la esquina de Paraguay y Ravignani y, por sus mesas, pasaron artistas, pintores, escritores y m\u00fasicos, que supieron hacer de este bar notable un nido de amores, poemas, retratos, proyectos y\u00a0 revoluciones.<\/span><\/p>\n<p><a href=\"https:\/\/www.instagram.com\/montecarlo.ba\/?hl=es\" rel=\"nofollow noopener\" target=\"_blank\"><span style=\"font-weight: 400;\">Montecarlo<\/span><\/a><span style=\"font-weight: 400;\"> fue fundado por una familia de inmigrantes gallegos que, en el a\u00f1o 1922, pudieron hacer su sue\u00f1o realidad. Durante muchos a\u00f1os fue manejado por la familia Lorenzo y hoy est\u00e1 puesto en valor y resignificado por la chef Paula Comparatore y el arquitecto Jos\u00e9 Fern\u00e1ndez, quienes siguen la tradici\u00f3n de reunir e inspirar al barrio. Incluso se contin\u00faa produciendo el famoso bud\u00edn de pan, siguiendo la receta de su anterior due\u00f1o, Gerardo Lorenzo, quien hered\u00f3 de su padre Jos\u00e9 el bar que antes era de su abuelo. Tambi\u00e9n, en Montecarlo contin\u00faa vigente su marca personal: las tazas de caf\u00e9 monumentales, de casi medio litro.\u00a0<\/span><\/p>\n<p><span style=\"font-weight: 400;\">Algunos de los personajes m\u00e1s famosos que disfrutaron este bar fueron Ernesto \u201cChe\u201d Guevara, China Zorrilla, Jorge Fern\u00e1ndez D\u00edas, Jorge Lanata, Julio Ch\u00e1vez y cientos de personalidades destacadas de nuestra ciudad. Desde 2015 es uno de los bares notables de la Ciudad de Buenos Aires.<\/span><\/p>\n<p>[\/et_pb_text][\/et_pb_column_inner][\/et_pb_row_inner][et_pb_row_inner column_structure=\u00bb1_2,1_2&#8243; _builder_version=\u00bb4.22.2&#8243; _module_preset=\u00bbdefault\u00bb custom_margin=\u00bb-30px||||false|false\u00bb locked=\u00bboff\u00bb global_colors_info=\u00bb{}\u00bb][et_pb_column_inner type=\u00bb1_2&#8243; saved_specialty_column_type=\u00bb2_3&#8243; _builder_version=\u00bb4.22.2&#8243; _module_preset=\u00bbdefault\u00bb global_colors_info=\u00bb{}\u00bb][et_pb_blurb use_icon=\u00bbon\u00bb font_icon=\u00bb&#xe081;||divi||400&#8243; icon_color=\u00bb#5c8cb2&#8243; icon_placement=\u00bbleft\u00bb image_icon_width=\u00bb28px\u00bb content_max_width=\u00bb100%\u00bb admin_label=\u00bbStreet Address\u00bb _builder_version=\u00bb4.27.2&#8243; _module_preset=\u00bbdefault\u00bb width_last_edited=\u00bboff|desktop\u00bb animation=\u00bboff\u00bb global_colors_info=\u00bb{}\u00bb custom_css_main_element_last_edited=\u00bboff|phone\u00bb width__hover_enabled=\u00bboff|desktop\u00bb]<\/p>\n<p><span style=\"font-weight: 400;\">Paraguay 5499, Palermo<\/span><\/p>\n<p>[\/et_pb_blurb][\/et_pb_column_inner][et_pb_column_inner type=\u00bb1_2&#8243; saved_specialty_column_type=\u00bb2_3&#8243; _builder_version=\u00bb4.22.2&#8243; _module_preset=\u00bbdefault\u00bb global_colors_info=\u00bb{}\u00bb][et_pb_blurb use_icon=\u00bbon\u00bb font_icon=\u00bb&#xe074;||divi||400&#8243; icon_color=\u00bb#5c8cb2&#8243; icon_placement=\u00bbleft\u00bb image_icon_width=\u00bb28px\u00bb content_max_width=\u00bb100%\u00bb admin_label=\u00bbWebsite\u00bb _builder_version=\u00bb4.27.2&#8243; _module_preset=\u00bbdefault\u00bb body_link_text_color=\u00bb#333333&#8243; width_last_edited=\u00bboff|desktop\u00bb custom_margin_last_edited=\u00bboff|desktop\u00bb custom_padding_tablet=\u00bb||||false|false\u00bb custom_padding_last_edited=\u00bboff|desktop\u00bb animation=\u00bboff\u00bb global_colors_info=\u00bb{}\u00bb custom_css_main_element_last_edited=\u00bboff|phone\u00bb]<\/p>\n<p><a href=\"https:\/\/www.instagram.com\/montecarlo.ba\/?hl=es\" rel=\"nofollow noopener\" target=\"_blank\"><span style=\"font-weight: 400;\">@montecarlo.ba<\/span><\/a><\/p>\n<p>[\/et_pb_blurb][\/et_pb_column_inner][\/et_pb_row_inner][et_pb_row_inner _builder_version=\u00bb4.22.2&#8243; _module_preset=\u00bbdefault\u00bb custom_margin=\u00bb20px||||false|false\u00bb global_colors_info=\u00bb{}\u00bb][et_pb_column_inner saved_specialty_column_type=\u00bb2_3&#8243; _builder_version=\u00bb4.22.2&#8243; _module_preset=\u00bbdefault\u00bb global_colors_info=\u00bb{}\u00bb][et_pb_dp_dmb_module_a582e994 guide_item_icon=\u00bbhttps:\/\/viewbuenosaires.com\/wp-content\/uploads\/2024\/10\/icon-cafes-category-hover.svg\u00bb guide_item_name=\u00bbLa Biela\u00bb admin_label=\u00bbLa Biela\u00bb _builder_version=\u00bb4.27.2&#8243; _module_preset=\u00bbdefault\u00bb guide_item_name_font=\u00bb|700|||||||\u00bb guide_item_name_font_size=\u00bb36px\u00bb guide_item_name_line_height=\u00bb1em\u00bb text_orientation=\u00bbcenter\u00bb guide_item_name_font_size_tablet=\u00bb32px\u00bb guide_item_name_font_size_phone=\u00bb28px\u00bb guide_item_name_font_size_last_edited=\u00bbon|phone\u00bb locked=\u00bboff\u00bb global_colors_info=\u00bb{}\u00bb][\/et_pb_dp_dmb_module_a582e994][et_pb_text admin_label=\u00bbText\u00bb module_class=\u00bbcontent\u00bb _builder_version=\u00bb4.27.2&#8243; _module_preset=\u00bbdefault\u00bb global_colors_info=\u00bb{}\u00bb]<\/p>\n<p><span style=\"font-weight: 400;\">La Biela se encuentra situado en una esquina ic\u00f3nica del barrio Recoleta, a cien metros del cementerio y de la Iglesia del Pilar. Este caf\u00e9 notable funciona desde 1942 en lo que antes era la pulper\u00eda del Vasco Michelena.<\/span><\/p>\n<p><span style=\"font-weight: 400;\">Sus picadas son uno de los cl\u00e1sicos que no fallan. Los mozos, hist\u00f3ricos, saben y conocen a la perfecci\u00f3n las an\u00e9cdotas de sus visitantes.<\/span><\/p>\n<p><span style=\"font-weight: 400;\">Recibi\u00f3 a intelectuales de la talla de Jorge Luis Borges, Ernesto S\u00e1bato, Adolfo Bioy Casares y Silvina Ocampo, as\u00ed como tambi\u00e9n amantes del automovilismo como Froil\u00e1n Gonz\u00e1lez, Charly Menditeguy, Rolo Alzaga, Eduardo Copello y Gast\u00f3n Perkins. La Biela fue visitado por los reyes em\u00e9ritos de Espa\u00f1a, Juan Carlos y Sof\u00eda, Joan Manuel Serrat, Joaqu\u00edn Sabina, Facundo Cabral, P\u00e9rez Celis y Francis Ford Coppola, entre otros.<\/span><\/p>\n<p><span style=\"font-weight: 400;\">Este tradicional e hist\u00f3rico caf\u00e9 es un punto de encuentro para muchos habitantes de Buenos Aires, quienes se re\u00fanen a compartir historias, saborear deliciosos platos y degustar un caf\u00e9 en el hist\u00f3rico sal\u00f3n o en la magn\u00edfica terraza bajo los \u00e1rboles, mirando a la Iglesia del Pilar.<\/span><a href=\"https:\/\/www.instagram.com\/labielacafe\/?hl=es\" rel=\"nofollow noopener\" target=\"_blank\"><span style=\"font-weight: 400;\"> La Biela<\/span><\/a><span style=\"font-weight: 400;\">, adem\u00e1s de formar parte de la lista de bares notables por su historia y belleza, funciona como punto de encuentro para iniciar o finalizar el recorrido por la zona de Recoleta y Palermo.<\/span><\/p>\n<p>[\/et_pb_text][\/et_pb_column_inner][\/et_pb_row_inner][et_pb_row_inner column_structure=\u00bb1_2,1_2&#8243; _builder_version=\u00bb4.22.2&#8243; _module_preset=\u00bbdefault\u00bb custom_margin=\u00bb-30px||||false|false\u00bb locked=\u00bboff\u00bb global_colors_info=\u00bb{}\u00bb][et_pb_column_inner type=\u00bb1_2&#8243; saved_specialty_column_type=\u00bb2_3&#8243; _builder_version=\u00bb4.22.2&#8243; _module_preset=\u00bbdefault\u00bb global_colors_info=\u00bb{}\u00bb][et_pb_blurb use_icon=\u00bbon\u00bb font_icon=\u00bb&#xe081;||divi||400&#8243; icon_color=\u00bb#5c8cb2&#8243; icon_placement=\u00bbleft\u00bb image_icon_width=\u00bb28px\u00bb content_max_width=\u00bb100%\u00bb admin_label=\u00bbStreet Address\u00bb _builder_version=\u00bb4.27.2&#8243; _module_preset=\u00bbdefault\u00bb width_last_edited=\u00bboff|desktop\u00bb animation=\u00bboff\u00bb global_colors_info=\u00bb{}\u00bb custom_css_main_element_last_edited=\u00bboff|phone\u00bb width__hover_enabled=\u00bboff|desktop\u00bb]<\/p>\n<p><span style=\"font-weight: 400;\">Av Pres. Manuel Quintana 596, Recoleta.<\/span><\/p>\n<p>[\/et_pb_blurb][\/et_pb_column_inner][et_pb_column_inner type=\u00bb1_2&#8243; saved_specialty_column_type=\u00bb2_3&#8243; _builder_version=\u00bb4.22.2&#8243; _module_preset=\u00bbdefault\u00bb global_colors_info=\u00bb{}\u00bb][et_pb_blurb use_icon=\u00bbon\u00bb font_icon=\u00bb&#xe074;||divi||400&#8243; icon_color=\u00bb#5c8cb2&#8243; icon_placement=\u00bbleft\u00bb image_icon_width=\u00bb28px\u00bb content_max_width=\u00bb100%\u00bb admin_label=\u00bbWebsite\u00bb _builder_version=\u00bb4.27.2&#8243; _module_preset=\u00bbdefault\u00bb body_link_text_color=\u00bb#333333&#8243; width_last_edited=\u00bboff|desktop\u00bb custom_margin_last_edited=\u00bboff|desktop\u00bb custom_padding_tablet=\u00bb||||false|false\u00bb custom_padding_last_edited=\u00bboff|desktop\u00bb animation=\u00bboff\u00bb global_colors_info=\u00bb{}\u00bb custom_css_main_element_last_edited=\u00bboff|phone\u00bb]<\/p>\n<p><a href=\"https:\/\/www.instagram.com\/labielacafe\/?hl=es\" rel=\"nofollow noopener\" target=\"_blank\"><span style=\"font-weight: 400;\">@labielacafe<\/span><\/a><\/p>\n<p>[\/et_pb_blurb][\/et_pb_column_inner][\/et_pb_row_inner][et_pb_row_inner _builder_version=\u00bb4.22.2&#8243; _module_preset=\u00bbdefault\u00bb custom_margin=\u00bb20px||||false|false\u00bb global_colors_info=\u00bb{}\u00bb][et_pb_column_inner saved_specialty_column_type=\u00bb2_3&#8243; _builder_version=\u00bb4.22.2&#8243; _module_preset=\u00bbdefault\u00bb global_colors_info=\u00bb{}\u00bb][et_pb_dp_dmb_module_a582e994 guide_item_icon=\u00bbhttps:\/\/viewbuenosaires.com\/wp-content\/uploads\/2024\/10\/icon-cafes-category-hover.svg\u00bb guide_item_name=\u00bbLondon City\u00bb admin_label=\u00bbLondon City\u00bb _builder_version=\u00bb4.27.2&#8243; _module_preset=\u00bbdefault\u00bb guide_item_name_font=\u00bb|700|||||||\u00bb guide_item_name_font_size=\u00bb36px\u00bb guide_item_name_line_height=\u00bb1em\u00bb text_orientation=\u00bbcenter\u00bb guide_item_name_font_size_tablet=\u00bb32px\u00bb guide_item_name_font_size_phone=\u00bb28px\u00bb guide_item_name_font_size_last_edited=\u00bbon|phone\u00bb locked=\u00bboff\u00bb global_colors_info=\u00bb{}\u00bb][\/et_pb_dp_dmb_module_a582e994][et_pb_text admin_label=\u00bbText\u00bb module_class=\u00bbcontent\u00bb _builder_version=\u00bb4.27.2&#8243; _module_preset=\u00bbdefault\u00bb global_colors_info=\u00bb{}\u00bb]<\/p>\n<p><span style=\"font-weight: 400;\">\u201cLa London\u201d, como es conocida por todos los porte\u00f1os, es uno de los caf\u00e9s notables de Buenos Aires. Est\u00e1 ubicado en la esquina de Per\u00fa y Avenida de Mayo, en la planta baja de un edificio construido por Edwin Merry para la familia Ort\u00edz Basualdo, a finales de 1800. M\u00e1s tarde, fue vendido a la firma Gath y Ch\u00e1vez, que lo convirti\u00f3 en una gran tienda, despu\u00e9s de 1910.<\/span><\/p>\n<p><span style=\"font-weight: 400;\">Reci\u00e9n a mediados de 1950, el caf\u00e9 London City comenz\u00f3 a funcionar como lo conocemos hoy. La historia de la segunda mitad del siglo XX transcurri\u00f3 delante de sus ventanales y el famoso escritor argentino Julio Cort\u00e1zar es la estrella del sal\u00f3n, gracias a la menci\u00f3n que hizo del caf\u00e9 en su primera novela, en Los Premios.<\/span><\/p>\n<p><span style=\"font-weight: 400;\">Desde su apertura el 28 de septiembre de 1954, <\/span><a href=\"https:\/\/londoncity.com.ar\/\" rel=\"nofollow noopener\" target=\"_blank\"><span style=\"font-weight: 400;\">London City <\/span><\/a><span style=\"font-weight: 400;\">ofrece un hermoso ambiente para disfrutar de un buen caf\u00e9 y de un ambiente bello y c\u00e1lido.<\/span><\/p>\n<p>[\/et_pb_text][\/et_pb_column_inner][\/et_pb_row_inner][et_pb_row_inner column_structure=\u00bb1_2,1_2&#8243; _builder_version=\u00bb4.22.2&#8243; _module_preset=\u00bbdefault\u00bb custom_margin=\u00bb-30px||||false|false\u00bb locked=\u00bboff\u00bb global_colors_info=\u00bb{}\u00bb][et_pb_column_inner type=\u00bb1_2&#8243; saved_specialty_column_type=\u00bb2_3&#8243; _builder_version=\u00bb4.22.2&#8243; _module_preset=\u00bbdefault\u00bb global_colors_info=\u00bb{}\u00bb][et_pb_blurb use_icon=\u00bbon\u00bb font_icon=\u00bb&#xe081;||divi||400&#8243; icon_color=\u00bb#5c8cb2&#8243; icon_placement=\u00bbleft\u00bb image_icon_width=\u00bb28px\u00bb content_max_width=\u00bb100%\u00bb admin_label=\u00bbStreet Address\u00bb _builder_version=\u00bb4.27.2&#8243; _module_preset=\u00bbdefault\u00bb width_last_edited=\u00bboff|desktop\u00bb animation=\u00bboff\u00bb global_colors_info=\u00bb{}\u00bb custom_css_main_element_last_edited=\u00bboff|phone\u00bb width__hover_enabled=\u00bboff|desktop\u00bb]<\/p>\n<p><span style=\"font-weight: 400;\">Av. de Mayo 591, Monserrat<\/span><\/p>\n<p>[\/et_pb_blurb][\/et_pb_column_inner][et_pb_column_inner type=\u00bb1_2&#8243; saved_specialty_column_type=\u00bb2_3&#8243; _builder_version=\u00bb4.22.2&#8243; _module_preset=\u00bbdefault\u00bb global_colors_info=\u00bb{}\u00bb][et_pb_blurb use_icon=\u00bbon\u00bb font_icon=\u00bb&#xe074;||divi||400&#8243; icon_color=\u00bb#5c8cb2&#8243; icon_placement=\u00bbleft\u00bb image_icon_width=\u00bb28px\u00bb content_max_width=\u00bb100%\u00bb admin_label=\u00bbWebsite\u00bb _builder_version=\u00bb4.27.2&#8243; _module_preset=\u00bbdefault\u00bb body_link_text_color=\u00bb#333333&#8243; width_last_edited=\u00bboff|desktop\u00bb custom_margin_last_edited=\u00bboff|desktop\u00bb custom_padding_tablet=\u00bb||||false|false\u00bb custom_padding_last_edited=\u00bboff|desktop\u00bb animation=\u00bboff\u00bb global_colors_info=\u00bb{}\u00bb custom_css_main_element_last_edited=\u00bboff|phone\u00bb]<\/p>\n<p><a href=\"http:\/\/londoncity.com.ar\" rel=\"nofollow noopener\" target=\"_blank\"><span style=\"font-weight: 400;\">londoncity.com.ar<\/span><\/a><\/p>\n<p>[\/et_pb_blurb][\/et_pb_column_inner][\/et_pb_row_inner][et_pb_row_inner _builder_version=\u00bb4.22.2&#8243; _module_preset=\u00bbdefault\u00bb custom_margin=\u00bb20px||||false|false\u00bb global_colors_info=\u00bb{}\u00bb][et_pb_column_inner saved_specialty_column_type=\u00bb2_3&#8243; _builder_version=\u00bb4.22.2&#8243; _module_preset=\u00bbdefault\u00bb global_colors_info=\u00bb{}\u00bb][et_pb_dp_dmb_module_a582e994 guide_item_icon=\u00bbhttps:\/\/viewbuenosaires.com\/wp-content\/uploads\/2024\/10\/icon-cafes-category-hover.svg\u00bb guide_item_name=\u00bbLos Galgos\u00bb admin_label=\u00bbLos Galgos\u00bb _builder_version=\u00bb4.27.2&#8243; _module_preset=\u00bbdefault\u00bb guide_item_name_font=\u00bb|700|||||||\u00bb guide_item_name_font_size=\u00bb36px\u00bb guide_item_name_line_height=\u00bb1em\u00bb text_orientation=\u00bbcenter\u00bb guide_item_name_font_size_tablet=\u00bb32px\u00bb guide_item_name_font_size_phone=\u00bb28px\u00bb guide_item_name_font_size_last_edited=\u00bbon|phone\u00bb locked=\u00bboff\u00bb global_colors_info=\u00bb{}\u00bb][\/et_pb_dp_dmb_module_a582e994][et_pb_text admin_label=\u00bbText\u00bb module_class=\u00bbcontent\u00bb _builder_version=\u00bb4.27.2&#8243; _module_preset=\u00bbdefault\u00bb global_colors_info=\u00bb{}\u00bb]<\/p>\n<p><span style=\"font-weight: 400;\">Este bar notable es uno de los cl\u00e1sicos del centro porte\u00f1o. Ubicado en la planta baja del edificio de la esquina noreste de Lavalle y avenida Callao, que originalmente fue la residencia de la familia Lezama.<\/span><\/p>\n<p><span style=\"font-weight: 400;\">El <\/span><a href=\"https:\/\/barlosgalgos.com.ar\/\" rel=\"nofollow noopener\" target=\"_blank\"><span style=\"font-weight: 400;\">caf\u00e9 Los Galgos<\/span><\/a><span style=\"font-weight: 400;\"> inici\u00f3 su actividad en el a\u00f1o 1930, de la mano de un inmigrante espa\u00f1ol, asturiano m\u00e1s precisamente, quien instal\u00f3 el almac\u00e9n y despacho de bebidas Los Galgos. En 1948, otro espa\u00f1ol, don Jos\u00e9 Ramos, adquiri\u00f3 el local y respet\u00f3 su nombre.<\/span><\/p>\n<p><span style=\"font-weight: 400;\">Este bar notable fue el elegido de muchos cl\u00e1sicos del tango como Disc\u00e9polo, Pugliese, de Caro y Troilo, y as\u00ed se convirti\u00f3 en leyenda. Sin embargo, luego de d\u00e9cadas desde su apertura las puertas de Los Galgos cerraron un tiempo, pero para volver a abrirse y reiniciar la historia de la mano del gastron\u00f3mico Juli\u00e1n D\u00edaz y la dise\u00f1adora e ilustradora Flor Capella, en el a\u00f1o 2015.<\/span><\/p>\n<p><span style=\"font-weight: 400;\">No s\u00f3lo fue reconstruido el local con materiales originales, sino que se busc\u00f3 crear un espacio nuevo con esp\u00edritu renovado, pero con la m\u00edstica de siempre. El primer piso es ideal para trabajar, con mesas muy c\u00f3modas y mucha tranquilidad.<\/span><\/p>\n<p><span style=\"font-weight: 400;\">Adem\u00e1s, Los Galgos es un excelente lugar para disfrutar de su men\u00fa de bebidas, porque cada una de ellas tiene una historia detr\u00e1s.<\/span><\/p>\n<p>[\/et_pb_text][\/et_pb_column_inner][\/et_pb_row_inner][et_pb_row_inner column_structure=\u00bb1_2,1_2&#8243; _builder_version=\u00bb4.22.2&#8243; _module_preset=\u00bbdefault\u00bb custom_margin=\u00bb-30px||||false|false\u00bb locked=\u00bboff\u00bb global_colors_info=\u00bb{}\u00bb][et_pb_column_inner type=\u00bb1_2&#8243; saved_specialty_column_type=\u00bb2_3&#8243; _builder_version=\u00bb4.22.2&#8243; _module_preset=\u00bbdefault\u00bb global_colors_info=\u00bb{}\u00bb][et_pb_blurb use_icon=\u00bbon\u00bb font_icon=\u00bb&#xe081;||divi||400&#8243; icon_color=\u00bb#5c8cb2&#8243; icon_placement=\u00bbleft\u00bb image_icon_width=\u00bb28px\u00bb content_max_width=\u00bb100%\u00bb admin_label=\u00bbStreet Address\u00bb _builder_version=\u00bb4.27.2&#8243; _module_preset=\u00bbdefault\u00bb width_last_edited=\u00bboff|desktop\u00bb animation=\u00bboff\u00bb global_colors_info=\u00bb{}\u00bb custom_css_main_element_last_edited=\u00bboff|phone\u00bb width__hover_enabled=\u00bboff|desktop\u00bb]<\/p>\n<p><span style=\"font-weight: 400;\">Av. Callao 501, San Nicol\u00e1s.<\/span><\/p>\n<p>[\/et_pb_blurb][\/et_pb_column_inner][et_pb_column_inner type=\u00bb1_2&#8243; saved_specialty_column_type=\u00bb2_3&#8243; _builder_version=\u00bb4.22.2&#8243; _module_preset=\u00bbdefault\u00bb global_colors_info=\u00bb{}\u00bb][et_pb_blurb use_icon=\u00bbon\u00bb font_icon=\u00bb&#xe074;||divi||400&#8243; icon_color=\u00bb#5c8cb2&#8243; icon_placement=\u00bbleft\u00bb image_icon_width=\u00bb28px\u00bb content_max_width=\u00bb100%\u00bb admin_label=\u00bbWebsite\u00bb _builder_version=\u00bb4.27.2&#8243; _module_preset=\u00bbdefault\u00bb body_link_text_color=\u00bb#333333&#8243; width_last_edited=\u00bboff|desktop\u00bb custom_margin_last_edited=\u00bboff|desktop\u00bb custom_padding_tablet=\u00bb||||false|false\u00bb custom_padding_last_edited=\u00bboff|desktop\u00bb animation=\u00bboff\u00bb global_colors_info=\u00bb{}\u00bb custom_css_main_element_last_edited=\u00bboff|phone\u00bb]<\/p>\n<p><a href=\"http:\/\/barlosgalgos.com.ar\" rel=\"nofollow noopener\" target=\"_blank\"><span style=\"font-weight: 400;\">barlosgalgos.com.ar<\/span><\/a><\/p>\n<p>[\/et_pb_blurb][\/et_pb_column_inner][\/et_pb_row_inner][et_pb_row_inner _builder_version=\u00bb4.22.2&#8243; _module_preset=\u00bbdefault\u00bb custom_margin=\u00bb20px||||false|false\u00bb global_colors_info=\u00bb{}\u00bb][et_pb_column_inner saved_specialty_column_type=\u00bb2_3&#8243; _builder_version=\u00bb4.22.2&#8243; _module_preset=\u00bbdefault\u00bb global_colors_info=\u00bb{}\u00bb][et_pb_dp_dmb_module_a582e994 guide_item_icon=\u00bbhttps:\/\/viewbuenosaires.com\/wp-content\/uploads\/2024\/10\/icon-cafes-category-hover.svg\u00bb guide_item_name=\u00bbFlorida Garden\u00bb admin_label=\u00bbFlorida Garden\u00bb _builder_version=\u00bb4.27.2&#8243; _module_preset=\u00bbdefault\u00bb guide_item_name_font=\u00bb|700|||||||\u00bb guide_item_name_font_size=\u00bb36px\u00bb guide_item_name_line_height=\u00bb1em\u00bb text_orientation=\u00bbcenter\u00bb guide_item_name_font_size_tablet=\u00bb32px\u00bb guide_item_name_font_size_phone=\u00bb28px\u00bb guide_item_name_font_size_last_edited=\u00bbon|phone\u00bb locked=\u00bboff\u00bb global_colors_info=\u00bb{}\u00bb][\/et_pb_dp_dmb_module_a582e994][et_pb_text admin_label=\u00bbText\u00bb module_class=\u00bbcontent\u00bb _builder_version=\u00bb4.27.2&#8243; _module_preset=\u00bbdefault\u00bb global_colors_info=\u00bb{}\u00bb]<\/p>\n<p><span style=\"font-weight: 400;\">Este bar es un cl\u00e1sico de la calle Florida. Por \u00e9l han pasado muchas personas, incluso figuras de la talla de Jorge Luis Borges o Diego Maradona.<\/span><\/p>\n<p><span style=\"font-weight: 400;\">Este bar notable es un cl\u00e1sico, ya que era el punto de reuni\u00f3n de diferentes artistas del Happening Porte\u00f1o de los a\u00f1os 60 (o el Flower Power Criollo). Las manifestaciones art\u00edsticas atrevidas de este per\u00edodo han tenido por escenario de reuni\u00f3n a este bar, as\u00ed como tambi\u00e9n \u201cel Florida\u201d era el punto de encuentro cuando los artistas sal\u00edan de la Galer\u00eda del Este o del Instituto Di Tella para tomar algo y conversar.<\/span><\/p>\n<p><span style=\"font-weight: 400;\">Quienes conocen el lugar desde siempre afirman que todo se encuentra tal cual como en 1962, cuando fue inaugurado el Florida Garden. Por este motivo, junto al Caf\u00e9 Tortoni y Los Galgos, es uno de los bares notables mejor conservados de Buenos Aires.<\/span><\/p>\n<p><a href=\"https:\/\/www.instagram.com\/floridagarden_oficial\/?hl=es\" rel=\"nofollow noopener\" target=\"_blank\"><span style=\"font-weight: 400;\">El Florida<\/span><\/a><span style=\"font-weight: 400;\"> es una de las confiter\u00edas m\u00e1s emblem\u00e1ticas de Buenos Aires, con productos tradicionales y de calidad. Su cl\u00e1sico imbatible es la Torta de queso, la cual no debe ser confundida con un cheesecake o una torta de ricota. Su receta es \u00fanica y un secreto bien guardado.<\/span><\/p>\n<p><span style=\"font-weight: 400;\">Adem\u00e1s, en el Florida Garden pod\u00e9s encontrar un libro de visitas en el que los clientes dejan sus comentarios. Este archivo hist\u00f3rico cuenta con firmas y comentarios de celebridades que pasaron por aqu\u00ed desde sus inicios en la d\u00e9cada del 60.<\/span><\/p>\n<p>[\/et_pb_text][\/et_pb_column_inner][\/et_pb_row_inner][et_pb_row_inner column_structure=\u00bb1_2,1_2&#8243; _builder_version=\u00bb4.22.2&#8243; _module_preset=\u00bbdefault\u00bb custom_margin=\u00bb-30px||||false|false\u00bb locked=\u00bboff\u00bb global_colors_info=\u00bb{}\u00bb][et_pb_column_inner type=\u00bb1_2&#8243; saved_specialty_column_type=\u00bb2_3&#8243; _builder_version=\u00bb4.22.2&#8243; _module_preset=\u00bbdefault\u00bb global_colors_info=\u00bb{}\u00bb][et_pb_blurb use_icon=\u00bbon\u00bb font_icon=\u00bb&#xe081;||divi||400&#8243; icon_color=\u00bb#5c8cb2&#8243; icon_placement=\u00bbleft\u00bb image_icon_width=\u00bb28px\u00bb content_max_width=\u00bb100%\u00bb admin_label=\u00bbStreet Address\u00bb _builder_version=\u00bb4.27.2&#8243; _module_preset=\u00bbdefault\u00bb width_last_edited=\u00bboff|desktop\u00bb animation=\u00bboff\u00bb global_colors_info=\u00bb{}\u00bb custom_css_main_element_last_edited=\u00bboff|phone\u00bb width__hover_enabled=\u00bboff|desktop\u00bb]<\/p>\n<p><span style=\"font-weight: 400;\">Florida 899, San Nicol\u00e1s<\/span><\/p>\n<p>[\/et_pb_blurb][\/et_pb_column_inner][et_pb_column_inner type=\u00bb1_2&#8243; saved_specialty_column_type=\u00bb2_3&#8243; _builder_version=\u00bb4.22.2&#8243; _module_preset=\u00bbdefault\u00bb global_colors_info=\u00bb{}\u00bb][et_pb_blurb use_icon=\u00bbon\u00bb font_icon=\u00bb&#xe074;||divi||400&#8243; icon_color=\u00bb#5c8cb2&#8243; icon_placement=\u00bbleft\u00bb image_icon_width=\u00bb28px\u00bb content_max_width=\u00bb100%\u00bb admin_label=\u00bbWebsite\u00bb _builder_version=\u00bb4.27.2&#8243; _module_preset=\u00bbdefault\u00bb body_link_text_color=\u00bb#333333&#8243; width_last_edited=\u00bboff|desktop\u00bb custom_margin_last_edited=\u00bboff|desktop\u00bb custom_padding_tablet=\u00bb||||false|false\u00bb custom_padding_last_edited=\u00bboff|desktop\u00bb animation=\u00bboff\u00bb global_colors_info=\u00bb{}\u00bb custom_css_main_element_last_edited=\u00bboff|phone\u00bb]<\/p>\n<p><a href=\"https:\/\/www.instagram.com\/floridagarden_oficial\/?hl=es\" rel=\"nofollow noopener\" target=\"_blank\"><span style=\"font-weight: 400;\">@floridagarden_oficial<\/span><\/a><\/p>\n<p>[\/et_pb_blurb][\/et_pb_column_inner][\/et_pb_row_inner][et_pb_row_inner _builder_version=\u00bb4.27.4&#8243; _module_preset=\u00bbdefault\u00bb background_color=\u00bb#eeeeee\u00bb custom_margin=\u00bb20px||||false|false\u00bb custom_padding=\u00bb15px|15px|15px|15px|true|true\u00bb border_width_left=\u00bb8px\u00bb border_color_left=\u00bb#5c8cb2&#8243; global_colors_info=\u00bb{}\u00bb][et_pb_column_inner saved_specialty_column_type=\u00bb2_3&#8243; _builder_version=\u00bb4.27.4&#8243; _module_preset=\u00bbdefault\u00bb global_colors_info=\u00bb{}\u00bb][et_pb_text admin_label=\u00bbGu\u00edas contacto\u00bb _builder_version=\u00bb4.27.4&#8243; _module_preset=\u00bbdefault\u00bb text_font=\u00bb|700|||||||\u00bb text_line_height=\u00bb1.3em\u00bb link_font=\u00bb|700|||||||\u00bb link_text_color=\u00bb#5c8cb2&#8243; link_line_height=\u00bb1.3em\u00bb global_colors_info=\u00bb{}\u00bb]<\/p>\n<p>\u00bfFalta alg\u00fan caf\u00e9 notable en la gu\u00eda? <a href=\"https:\/\/viewbuenosaires.com\/es\/guias-contacto\/\" rel=\"nofollow\">\u00a1Haz clic aqu\u00ed!<\/a><\/p>\n<p>[\/et_pb_text][\/et_pb_column_inner][\/et_pb_row_inner][et_pb_row_inner disabled_on=\u00bboff|off|off\u00bb _builder_version=\u00bb4.27.2&#8243; _module_preset=\u00bbdefault\u00bb custom_margin=\u00bb30px||||false|false\u00bb border_width_top=\u00bb2px\u00bb border_color_top=\u00bb#dddddd\u00bb global_colors_info=\u00bb{}\u00bb][et_pb_column_inner saved_specialty_column_type=\u00bb2_3&#8243; _builder_version=\u00bb4.22.2&#8243; _module_preset=\u00bbdefault\u00bb global_colors_info=\u00bb{}\u00bb][et_pb_text admin_label=\u00bbEnding\u00bb module_class=\u00bbpac-dtocm-exclude\u00bb _builder_version=\u00bb4.27.4&#8243; _module_preset=\u00bbdefault\u00bb header_2_font_size_tablet=\u00bb30px\u00bb header_2_font_size_phone=\u00bb26px\u00bb header_2_font_size_last_edited=\u00bbon|phone\u00bb global_colors_info=\u00bb{}\u00bb]<\/p>\n<h2><strong>Un caf\u00e9 en cada rinc\u00f3n de Bueno Aires<\/strong><\/h2>\n<hr \/>\n<p><span style=\"font-weight: 400;\">En cada uno de estos hermosos lugares vas a encontrar fragmentos de la cultura argentina y de su historia. Si bien estos son s\u00f3lo algunos de la larga lista de caf\u00e9s y bares notables de Buenos Aires, esperamos que te sirvan de gu\u00eda e incentivo para recorrerlos todos.<\/span><\/p>\n<p>[\/et_pb_text][\/et_pb_column_inner][\/et_pb_row_inner][\/et_pb_column][et_pb_column type=\u00bb1_3&#8243; _builder_version=\u00bb4.16&#8243; custom_padding=\u00bb|||\u00bb global_colors_info=\u00bb{}\u00bb custom_padding__hover=\u00bb|||\u00bb][pac_divi_table_of_contents default_state=\u00bbclosed\u00bb opened_icon=\u00bb&#xe043;||divi||400&#8243; closed_icon=\u00bb&#xe044;||divi||400&#8243; exclude_headings_by_class=\u00bbon\u00bb included_headings=\u00bboff|on|off|off|off|off\u00bb active_link_highlight=\u00bbon\u00bb level_markers_2=\u00bbnone\u00bb title_container_bg_color=\u00bb#f3f3f3&#8243; open_icon_color=\u00bb#333333&#8243; open_icon_size=\u00bb24px\u00bb close_icon_color=\u00bb#333333&#8243; close_icon_size=\u00bb24px\u00bb body_area_scroll_color=\u00bb#333333&#8243; body_area_padding=\u00bb15px|23px|15px|0px|false|false\u00bb body_area_bg_color=\u00bb#f3f3f3&#8243; body_area_text_link_color=\u00bb#333333&#8243; body_area_text_link_underline=\u00bb#5c8cb2&#8243; body_area_text_link_padding=\u00bb0px|0px|20px|0px|false|false\u00bb body_area_text_link_color_active=\u00bb#5c8cb2&#8243; body_area_text_link_underline_active=\u00bb#5c8cb2&#8243; body_area_text_link_padding_active=\u00bb0px|0px|20px||false|false\u00bb disabled_on=\u00bbon|on|off\u00bb admin_label=\u00bbrow\u00bb _builder_version=\u00bb4.16&#8243; _module_preset=\u00bbdefault\u00bb title_font_font=\u00bb|600|||||||\u00bb title_text_color=\u00bb#333333&#8243; title_font_size=\u00bb20px\u00bb title_line_height=\u00bb1.3em\u00bb heading_all_font_size=\u00bb20px\u00bb heading_all_active_font=\u00bb||||||||\u00bb heading_all_active_font_size=\u00bb20px\u00bb heading_all_active_line_height=\u00bb1.3em\u00bb marker_all_font_size=\u00bb18px\u00bb custom_padding=\u00bb|||\u00bb border_radii_title_container=\u00bbon||||\u00bb border_color_all_body_area_heading_text_active=\u00bb#dddddd\u00bb global_module=\u00bb253475&#8243; saved_tabs=\u00bball\u00bb global_colors_info=\u00bb{}\u00bb body_area_text_link_color__hover_enabled=\u00bbon|desktop\u00bb body_area_text_link_color__hover=\u00bb#5c8cb2&#8243;][\/pac_divi_table_of_contents][et_pb_text admin_label=\u00bbMap &#8211; Headline\u00bb _builder_version=\u00bb4.27.4&#8243; _module_preset=\u00bbdefault\u00bb text_font=\u00bb||||||||\u00bb text_line_height=\u00bb1.4em\u00bb text_orientation=\u00bbcenter\u00bb custom_padding=\u00bb||||false|false\u00bb global_colors_info=\u00bb{}\u00bb]<\/p>\n<p>Encontr\u00e1 los caf\u00e9s notables de Buenos Aires en el mapa<\/p>\n<p>[\/et_pb_text][et_pb_code admin_label=\u00bbMap\u00bb module_class=\u00bbmap-mobile\u00bb _builder_version=\u00bb4.27.2&#8243; _module_preset=\u00bbdefault\u00bb custom_margin=\u00bb-20px||||false|false\u00bb global_colors_info=\u00bb{}\u00bb]<iframe loading=\"lazy\" src=\"https:\/\/www.google.com\/maps\/d\/u\/0\/embed?mid=1vY8NMwan8lVQEdGHAryzoxF6Qc4JEaM&#038;ehbc=2E312F&#038;noprof=1\" width=\"100%\" height=\"500\"><\/iframe>[\/et_pb_code][\/et_pb_column][\/et_pb_section][et_pb_section fb_built=\u00bb1&#8243; admin_label=\u00bbsection\u00bb _builder_version=\u00bb4.16&#8243; _module_preset=\u00bbdefault\u00bb background_color=\u00bb#f3f3f3&#8243; custom_margin=\u00bb||-82px||false|false\u00bb global_module=\u00bb253461&#8243; saved_tabs=\u00bball\u00bb global_colors_info=\u00bb{}\u00bb][et_pb_row admin_label=\u00bbrow\u00bb _builder_version=\u00bb4.16&#8243; background_size=\u00bbinitial\u00bb background_position=\u00bbtop_left\u00bb background_repeat=\u00bbrepeat\u00bb global_colors_info=\u00bb{}\u00bb][et_pb_column type=\u00bb4_4&#8243; _builder_version=\u00bb4.16&#8243; custom_padding=\u00bb|||\u00bb global_colors_info=\u00bb{}\u00bb custom_padding__hover=\u00bb|||\u00bb][\/et_pb_column][\/et_pb_row][\/et_pb_section]<\/p>\n","protected":false},"excerpt":{"rendered":"<p>Existen lugares que muestran la historia de una ciudad y reflejan su esp\u00edritu. Este es el caso de los caf\u00e9s notables de Buenos Aires, donde convergen la historia, la cultura y los encuentros de amigos. En ellos podr\u00e1s disfrutar de la gastronom\u00eda argentina y conocer un poco de la vida de personajes famosos que dieron [&hellip;]<\/p>\n","protected":false},"author":2,"featured_media":254190,"comment_status":"open","ping_status":"open","sticky":false,"template":"","format":"standard","meta":{"_et_pb_use_builder":"on","_et_pb_old_content":"","_et_gb_content_width":"","_lmt_disableupdate":"no","_lmt_disable":"","footnotes":""},"categories":[43],"tags":[],"class_list":["post-254196","post","type-post","status-publish","format-standard","has-post-thumbnail","hentry","category-cafes"],"modified_by":"Nadia","_links":{"self":[{"href":"https:\/\/viewbuenosaires.com\/es\/wp-json\/wp\/v2\/posts\/254196","targetHints":{"allow":["GET"]}}],"collection":[{"href":"https:\/\/viewbuenosaires.com\/es\/wp-json\/wp\/v2\/posts"}],"about":[{"href":"https:\/\/viewbuenosaires.com\/es\/wp-json\/wp\/v2\/types\/post"}],"author":[{"embeddable":true,"href":"https:\/\/viewbuenosaires.com\/es\/wp-json\/wp\/v2\/users\/2"}],"replies":[{"embeddable":true,"href":"https:\/\/viewbuenosaires.com\/es\/wp-json\/wp\/v2\/comments?post=254196"}],"version-history":[{"count":3,"href":"https:\/\/viewbuenosaires.com\/es\/wp-json\/wp\/v2\/posts\/254196\/revisions"}],"predecessor-version":[{"id":258191,"href":"https:\/\/viewbuenosaires.com\/es\/wp-json\/wp\/v2\/posts\/254196\/revisions\/258191"}],"wp:featuredmedia":[{"embeddable":true,"href":"https:\/\/viewbuenosaires.com\/es\/wp-json\/wp\/v2\/media\/254190"}],"wp:attachment":[{"href":"https:\/\/viewbuenosaires.com\/es\/wp-json\/wp\/v2\/media?parent=254196"}],"wp:term":[{"taxonomy":"category","embeddable":true,"href":"https:\/\/viewbuenosaires.com\/es\/wp-json\/wp\/v2\/categories?post=254196"},{"taxonomy":"post_tag","embeddable":true,"href":"https:\/\/viewbuenosaires.com\/es\/wp-json\/wp\/v2\/tags?post=254196"}],"curies":[{"name":"wp","href":"https:\/\/api.w.org\/{rel}","templated":true}]}}