{"id":253914,"date":"2024-11-29T18:18:27","date_gmt":"2024-11-29T21:18:27","guid":{"rendered":"https:\/\/viewbuenosaires.com\/mar-del-plata-atlantic-coast\/"},"modified":"2026-04-02T19:20:25","modified_gmt":"2026-04-02T22:20:25","slug":"mar-del-plata-costa-atlantica","status":"publish","type":"post","link":"https:\/\/viewbuenosaires.com\/es\/mar-del-plata-costa-atlantica\/","title":{"rendered":"Mar de Plata y la Costa Atl\u00e1ntica"},"content":{"rendered":"<p>[et_pb_section fb_built=\u00bb1&#8243; fullwidth=\u00bbon\u00bb _builder_version=\u00bb4.22.2&#8243; _module_preset=\u00bbdefault\u00bb global_colors_info=\u00bb{}\u00bb][et_pb_fullwidth_header title=\u00bbMar del Plata y la Costa Atl\u00e1ntica\u00bb subhead=\u00bbUN RECORRIDO POR LOS LUGARES M\u00c1S EMBLEM\u00c1TICOS DE LA COSTA\u00bb text_orientation=\u00bbcenter\u00bb header_fullscreen=\u00bbon\u00bb header_scroll_down=\u00bbon\u00bb scroll_down_icon=\u00bb%%7%%\u00bb scroll_down_icon_size=\u00bb54px\u00bb admin_label=\u00bbMar del Plata y la costa Atl\u00e1ntica\u00bb _builder_version=\u00bb4.27.4&#8243; _dynamic_attributes=\u00bbcontent\u00bb _module_preset=\u00bbdefault\u00bb title_font=\u00bb&#8211;et_global_heading_font|700|||||||\u00bb title_font_size=\u00bb80px\u00bb title_line_height=\u00bb1.3em\u00bb subhead_font=\u00bb|600|||||||\u00bb subhead_font_size=\u00bb32px\u00bb subhead_line_height=\u00bb1.3em\u00bb content_link_font=\u00bb||||||||\u00bb content_link_text_align=\u00bbcenter\u00bb content_link_text_color=\u00bb#FFFFFF\u00bb content_link_line_height=\u00bb1.3em\u00bb background_enable_color=\u00bboff\u00bb background_image=\u00bbhttps:\/\/viewbuenosaires.com\/wp-content\/uploads\/2024\/11\/mar-del-plata.jpg\u00bb title_font_size_tablet=\u00bb72px\u00bb title_font_size_phone=\u00bb42px\u00bb title_font_size_last_edited=\u00bbon|phone\u00bb subhead_font_size_tablet=\u00bb28px\u00bb subhead_font_size_phone=\u00bb24px\u00bb subhead_font_size_last_edited=\u00bbon|phone\u00bb background_last_edited=\u00bbon|phone\u00bb background_image_phone=\u00bbhttps:\/\/viewbuenosaires.com\/wp-content\/uploads\/2024\/11\/mar-del-plata-mobile.jpg\u00bb background_enable_image_phone=\u00bbon\u00bb custom_css_content=\u00bbbackground-color: #000;||padding: 8px 15px 8px 15px;||border-radius: 3px;||display: inline-block;\u00bb custom_css_subtitle=\u00bbmargin-bottom: 40px;\u00bb global_colors_info=\u00bb{}\u00bb custom_css_content__hover_enabled=\u00bbon|hover\u00bb custom_css_content__hover=\u00bbbackground-color: #5c8cb2;\u00bb]@ET-DC@eyJkeW5hbWljIjp0cnVlLCJjb250ZW50IjoicG9zdF9jYXRlZ29yaWVzIiwic2V0dGluZ3MiOnsiYmVmb3JlIjoiIiwiYWZ0ZXIiOiIiLCJsaW5rX3RvX3Rlcm1fcGFnZSI6Im9uIiwic2VwYXJhdG9yIjoiIHwgIiwiY2F0ZWdvcnlfdHlwZSI6ImNhdGVnb3J5In19@[\/et_pb_fullwidth_header][\/et_pb_section][et_pb_section fb_built=\u00bb1&#8243; admin_label=\u00bbsection\u00bb _builder_version=\u00bb4.16&#8243; _module_preset=\u00bbdefault\u00bb custom_padding=\u00bb0px||0px||false|false\u00bb global_module=\u00bb253492&#8243; saved_tabs=\u00bball\u00bb global_colors_info=\u00bb{}\u00bb][et_pb_row admin_label=\u00bbrow\u00bb _builder_version=\u00bb4.16&#8243; background_size=\u00bbinitial\u00bb background_position=\u00bbtop_left\u00bb background_repeat=\u00bbrepeat\u00bb global_colors_info=\u00bb{}\u00bb][et_pb_column type=\u00bb4_4&#8243; _builder_version=\u00bb4.16&#8243; custom_padding=\u00bb|||\u00bb global_colors_info=\u00bb{}\u00bb custom_padding__hover=\u00bb|||\u00bb][et_pb_dmb_breadcrumbs home_icon=\u00bb&#xe074;||divi||400&#8243; use_home_text=\u00bbon\u00bb _builder_version=\u00bb4.22.2&#8243; _module_preset=\u00bbdefault\u00bb body_font=\u00bb|800||on|||||\u00bb body_text_color=\u00bb#999999&#8243; body_font_size=\u00bb14px\u00bb body_letter_spacing=\u00bb1px\u00bb body_line_height=\u00bb1.7em\u00bb separator_text_color=\u00bb#bbbbbb\u00bb separator_line_height=\u00bb1.7em\u00bb link_font=\u00bb|800||on|||||\u00bb link_text_color=\u00bb#bbbbbb\u00bb link_font_size=\u00bb14px\u00bb link_letter_spacing=\u00bb1px\u00bb link_line_height=\u00bb1.7em\u00bb linkhover_font=\u00bb|800||on|||||\u00bb linkhover_text_color=\u00bb#5c8cb2&#8243; linkhover_font_size=\u00bb14px\u00bb linkhover_letter_spacing=\u00bb1px\u00bb linkhover_line_height=\u00bb1.5em\u00bb global_colors_info=\u00bb{}\u00bb][\/et_pb_dmb_breadcrumbs][\/et_pb_column][\/et_pb_row][\/et_pb_section][et_pb_section fb_built=\u00bb1&#8243; specialty=\u00bbon\u00bb custom_padding_last_edited=\u00bboff|desktop\u00bb module_class_2=\u00bbsticky\u00bb _builder_version=\u00bb4.27.2&#8243; _module_preset=\u00bbdefault\u00bb custom_padding=\u00bb0px||||false|true\u00bb custom_padding_tablet=\u00bb|0px||0px|false|true\u00bb global_colors_info=\u00bb{}\u00bb][et_pb_column type=\u00bb2_3&#8243; specialty_columns=\u00bb2&#8243; _builder_version=\u00bb4.16&#8243; custom_padding=\u00bb|||\u00bb global_colors_info=\u00bb{}\u00bb custom_padding__hover=\u00bb|||\u00bb][et_pb_row_inner _builder_version=\u00bb4.22.2&#8243; _module_preset=\u00bbdefault\u00bb global_colors_info=\u00bb{}\u00bb][et_pb_column_inner saved_specialty_column_type=\u00bb2_3&#8243; _builder_version=\u00bb4.22.2&#8243; _module_preset=\u00bbdefault\u00bb global_colors_info=\u00bb{}\u00bb][et_pb_text admin_label=\u00bbIntro\u00bb _builder_version=\u00bb4.27.4&#8243; _module_preset=\u00bbdefault\u00bb text_font=\u00bb|600|||||||\u00bb text_font_size=\u00bb24px\u00bb text_line_height=\u00bb1.3em\u00bb link_font=\u00bb|800||on|||||\u00bb link_text_color=\u00bb#EDF000&#8243; global_colors_info=\u00bb{}\u00bb]<\/p>\n<p><strong>Esta reconocida ciudad es el principal centro tur\u00edstico de playa del pa\u00eds. Con diferentes opciones para recorrer y actividades recreativas para disfrutar, los balnearios de las Costa Atl\u00e1ntica son los elegidos por excelencia.<\/strong><\/p>\n<p>[\/et_pb_text][\/et_pb_column_inner][\/et_pb_row_inner][et_pb_row_inner column_structure=\u00bb1_2,1_2&#8243; _builder_version=\u00bb4.22.2&#8243; _module_preset=\u00bbdefault\u00bb custom_padding=\u00bb0px||||false|false\u00bb saved_tabs=\u00bball\u00bb global_colors_info=\u00bb{}\u00bb][et_pb_column_inner type=\u00bb1_2&#8243; _builder_version=\u00bb4.22.2&#8243; _module_preset=\u00bbdefault\u00bb global_colors_info=\u00bb{}\u00bb][et_pb_text admin_label=\u00bbLast updated\u00bb _builder_version=\u00bb4.27.2&#8243; _module_preset=\u00bbdefault\u00bb text_font=\u00bb|||on|||||\u00bb text_text_color=\u00bb#5c8cb2&#8243; global_colors_info=\u00bb{}\u00bb]<\/p>\n<strong>Actualizaci\u00f3n: <\/strong>abril 2, 2026\n<p>[\/et_pb_text][\/et_pb_column_inner][et_pb_column_inner type=\u00bb1_2&#8243; _builder_version=\u00bb4.22.2&#8243; _module_preset=\u00bbdefault\u00bb global_colors_info=\u00bb{}\u00bb][et_pb_text admin_label=\u00bbSocial sharing\u00bb _builder_version=\u00bb4.22.2&#8243; _module_preset=\u00bbdefault\u00bb custom_margin=\u00bb-10px||||false|false\u00bb custom_padding=\u00bb||||false|false\u00bb global_colors_info=\u00bb{}\u00bb]<div class=\"heateor_sss_sharing_container heateor_sss_horizontal_sharing\" data-heateor-ss-offset=\"0\" data-heateor-sss-href='https:\/\/viewbuenosaires.com\/es\/mar-del-plata-costa-atlantica\/'><div class=\"heateor_sss_sharing_ul\"><a aria-label=\"Facebook\" class=\"heateor_sss_facebook\" href=\"https:\/\/www.facebook.com\/sharer\/sharer.php?u=https%3A%2F%2Fviewbuenosaires.com%2Fes%2Fmar-del-plata-costa-atlantica%2F\" title=\"Facebook\" rel=\"nofollow noopener\" target=\"_blank\" style=\"font-size:32px!important;box-shadow:none;display:inline-block;vertical-align:middle\"><span class=\"heateor_sss_svg\" style=\"background-color:#0765FE;width:33px;height:33px;border-radius:999px;display:inline-block;opacity:1;float:left;font-size:32px;box-shadow:none;display:inline-block;font-size:16px;padding:0 4px;vertical-align:middle;background-repeat:repeat;overflow:hidden;padding:0;cursor:pointer;box-sizing:content-box\"><svg style=\"display:block;border-radius:999px;\" focusable=\"false\" aria-hidden=\"true\" xmlns=\"http:\/\/www.w3.org\/2000\/svg\" width=\"100%\" height=\"100%\" viewBox=\"0 0 32 32\"><path fill=\"#ffffff\" d=\"M28 16c0-6.627-5.373-12-12-12S4 9.373 4 16c0 5.628 3.875 10.35 9.101 11.647v-7.98h-2.474V16H13.1v-1.58c0-4.085 1.849-5.978 5.859-5.978.76 0 2.072.15 2.608.298v3.325c-.283-.03-.775-.045-1.386-.045-1.967 0-2.728.745-2.728 2.683V16h3.92l-.673 3.667h-3.247v8.245C23.395 27.195 28 22.135 28 16Z\"><\/path><\/svg><\/span><\/a><a aria-label=\"X\" class=\"heateor_sss_button_x\" href=\"https:\/\/twitter.com\/intent\/tweet?text=Mar%20de%20Plata%20y%20la%20Costa%20Atl%C3%A1ntica&amp;url=https%3A%2F%2Fviewbuenosaires.com%2Fes%2Fmar-del-plata-costa-atlantica%2F\" title=\"X\" rel=\"nofollow noopener\" target=\"_blank\" style=\"font-size:32px!important;box-shadow:none;display:inline-block;vertical-align:middle\"><span class=\"heateor_sss_svg heateor_sss_s__default heateor_sss_s_x\" style=\"background-color:#2a2a2a;width:33px;height:33px;border-radius:999px;display:inline-block;opacity:1;float:left;font-size:32px;box-shadow:none;display:inline-block;font-size:16px;padding:0 4px;vertical-align:middle;background-repeat:repeat;overflow:hidden;padding:0;cursor:pointer;box-sizing:content-box\"><svg width=\"100%\" height=\"100%\" style=\"display:block;border-radius:999px;\" focusable=\"false\" aria-hidden=\"true\" xmlns=\"http:\/\/www.w3.org\/2000\/svg\" viewBox=\"0 0 32 32\"><path fill=\"#ffffff\" d=\"M21.751 7h3.067l-6.7 7.658L26 25.078h-6.172l-4.833-6.32-5.531 6.32h-3.07l7.167-8.19L6 7h6.328l4.37 5.777L21.75 7Zm-1.076 16.242h1.7L11.404 8.74H9.58l11.094 14.503Z\"><\/path><\/svg><\/span><\/a><a aria-label=\"Pinterest\" class=\"heateor_sss_button_pinterest\" href=\"https:\/\/viewbuenosaires.com\/es\/mar-del-plata-costa-atlantica\/\" onclick=\"event.preventDefault();javascript:void( (function() {var e=document.createElement(&#039;script&#039; );e.setAttribute(&#039;type&#039;,&#039;text\/javascript&#039; );e.setAttribute(&#039;charset&#039;,&#039;UTF-8&#039; );e.setAttribute(&#039;src&#039;,&#039;\/\/assets.pinterest.com\/js\/pinmarklet.js?r=&#039;+Math.random()*99999999);document.body.appendChild(e)})());\" title=\"Pinterest\" rel=\"noopener\" style=\"font-size:32px!important;box-shadow:none;display:inline-block;vertical-align:middle\"><span class=\"heateor_sss_svg heateor_sss_s__default heateor_sss_s_pinterest\" style=\"background-color:#cc2329;width:33px;height:33px;border-radius:999px;display:inline-block;opacity:1;float:left;font-size:32px;box-shadow:none;display:inline-block;font-size:16px;padding:0 4px;vertical-align:middle;background-repeat:repeat;overflow:hidden;padding:0;cursor:pointer;box-sizing:content-box\"><svg style=\"display:block;border-radius:999px;\" focusable=\"false\" aria-hidden=\"true\" xmlns=\"http:\/\/www.w3.org\/2000\/svg\" width=\"100%\" height=\"100%\" viewBox=\"-2 -2 35 35\"><path fill=\"#ffffff\" d=\"M16.539 4.5c-6.277 0-9.442 4.5-9.442 8.253 0 2.272.86 4.293 2.705 5.046.303.125.574.005.662-.33.061-.231.205-.816.27-1.06.088-.331.053-.447-.191-.736-.532-.627-.873-1.439-.873-2.591 0-3.338 2.498-6.327 6.505-6.327 3.548 0 5.497 2.168 5.497 5.062 0 3.81-1.686 7.025-4.188 7.025-1.382 0-2.416-1.142-2.085-2.545.397-1.674 1.166-3.48 1.166-4.689 0-1.081-.581-1.983-1.782-1.983-1.413 0-2.548 1.462-2.548 3.419 0 1.247.421 2.091.421 2.091l-1.699 7.199c-.505 2.137-.076 4.755-.039 5.019.021.158.223.196.314.077.13-.17 1.813-2.247 2.384-4.324.162-.587.929-3.631.929-3.631.46.876 1.801 1.646 3.227 1.646 4.247 0 7.128-3.871 7.128-9.053.003-3.918-3.317-7.568-8.361-7.568z\"\/><\/svg><\/span><\/a><a aria-label=\"Whatsapp\" class=\"heateor_sss_whatsapp\" href=\"https:\/\/api.whatsapp.com\/send?text=Mar%20de%20Plata%20y%20la%20Costa%20Atl%C3%A1ntica%20https%3A%2F%2Fviewbuenosaires.com%2Fes%2Fmar-del-plata-costa-atlantica%2F\" title=\"Whatsapp\" rel=\"nofollow noopener\" target=\"_blank\" style=\"font-size:32px!important;box-shadow:none;display:inline-block;vertical-align:middle\"><span class=\"heateor_sss_svg\" style=\"background-color:#55eb4c;width:33px;height:33px;border-radius:999px;display:inline-block;opacity:1;float:left;font-size:32px;box-shadow:none;display:inline-block;font-size:16px;padding:0 4px;vertical-align:middle;background-repeat:repeat;overflow:hidden;padding:0;cursor:pointer;box-sizing:content-box\"><svg style=\"display:block;border-radius:999px;\" focusable=\"false\" aria-hidden=\"true\" xmlns=\"http:\/\/www.w3.org\/2000\/svg\" width=\"100%\" height=\"100%\" viewBox=\"-6 -5 40 40\"><path class=\"heateor_sss_svg_stroke heateor_sss_no_fill\" stroke=\"#ffffff\" stroke-width=\"2\" fill=\"none\" d=\"M 11.579798566743314 24.396926207859085 A 10 10 0 1 0 6.808479557110079 20.73576436351046\"><\/path><path d=\"M 7 19 l -1 6 l 6 -1\" class=\"heateor_sss_no_fill heateor_sss_svg_stroke\" stroke=\"#ffffff\" stroke-width=\"2\" fill=\"none\"><\/path><path d=\"M 10 10 q -1 8 8 11 c 5 -1 0 -6 -1 -3 q -4 -3 -5 -5 c 4 -2 -1 -5 -1 -4\" fill=\"#ffffff\"><\/path><\/svg><\/span><\/a><a aria-label=\"Email\" class=\"heateor_sss_email\" href=\"https:\/\/viewbuenosaires.com\/es\/mar-del-plata-costa-atlantica\/\" onclick=\"event.preventDefault();window.open(&#039;mailto:?subject=&#039; + decodeURIComponent(&#039;Mar%20de%20Plata%20y%20la%20Costa%20Atl%C3%A1ntica&#039;).replace(&#039;&amp;&#039;, &#039;%26&#039;) + &#039;&amp;body=https%3A%2F%2Fviewbuenosaires.com%2Fes%2Fmar-del-plata-costa-atlantica%2F&#039;, &#039;_blank&#039;)\" title=\"Email\" rel=\"noopener\" style=\"font-size:32px!important;box-shadow:none;display:inline-block;vertical-align:middle\"><span class=\"heateor_sss_svg\" style=\"background-color:#649a3f;width:33px;height:33px;border-radius:999px;display:inline-block;opacity:1;float:left;font-size:32px;box-shadow:none;display:inline-block;font-size:16px;padding:0 4px;vertical-align:middle;background-repeat:repeat;overflow:hidden;padding:0;cursor:pointer;box-sizing:content-box\"><svg style=\"display:block;border-radius:999px;\" focusable=\"false\" aria-hidden=\"true\" xmlns=\"http:\/\/www.w3.org\/2000\/svg\" width=\"100%\" height=\"100%\" viewBox=\"-.75 -.5 36 36\"><path d=\"M 5.5 11 h 23 v 1 l -11 6 l -11 -6 v -1 m 0 2 l 11 6 l 11 -6 v 11 h -22 v -11\" stroke-width=\"1\" fill=\"#ffffff\"><\/path><\/svg><\/span><\/a><\/div><div class=\"heateorSssClear\"><\/div><\/div>[\/et_pb_text][\/et_pb_column_inner][\/et_pb_row_inner][et_pb_row_inner _builder_version=\u00bb4.22.2&#8243; _module_preset=\u00bbdefault\u00bb custom_padding=\u00bb0px||||false|false\u00bb global_colors_info=\u00bb{}\u00bb][et_pb_column_inner saved_specialty_column_type=\u00bb2_3&#8243; _builder_version=\u00bb4.22.2&#8243; _module_preset=\u00bbdefault\u00bb global_colors_info=\u00bb{}\u00bb][pac_divi_table_of_contents title=\u00bb\u00cdndice de contenidos\u00bb default_state=\u00bbclosed\u00bb opened_icon=\u00bb&#xe043;||divi||400&#8243; closed_icon=\u00bb&#xe044;||divi||400&#8243; exclude_headings_by_class=\u00bbon\u00bb included_headings=\u00bboff|on|off|off|off|off\u00bb active_link_highlight=\u00bbon\u00bb level_markers_2=\u00bbnone\u00bb title_container_bg_color=\u00bb#f3f3f3&#8243; open_icon_color=\u00bb#333333&#8243; open_icon_size=\u00bb24px\u00bb close_icon_color=\u00bb#333333&#8243; close_icon_size=\u00bb24px\u00bb body_area_scroll_color=\u00bb#333333&#8243; body_area_padding=\u00bb15px|23px|15px|0px|false|false\u00bb body_area_bg_color=\u00bb#f3f3f3&#8243; body_area_text_link_color=\u00bb#333333&#8243; body_area_text_link_underline=\u00bb#5c8cb2&#8243; body_area_text_link_padding=\u00bb0px|0px|20px|0px|false|false\u00bb body_area_text_link_color_active=\u00bb#dddddd\u00bb body_area_text_link_underline_active=\u00bb#dddddd\u00bb body_area_text_link_padding_active=\u00bb0px|0px|20px|0px|false|false\u00bb disabled_on=\u00bboff|off|on\u00bb admin_label=\u00bbTable of Contents &#8211; Desktop (Spanish)\u00bb _builder_version=\u00bb4.27.6&#8243; _module_preset=\u00bbdefault\u00bb title_font_font=\u00bb|600|||||||\u00bb title_text_color=\u00bb#333333&#8243; title_font_size=\u00bb20px\u00bb title_line_height=\u00bb1.3em\u00bb heading_all_font_size=\u00bb20px\u00bb heading_all_active_font=\u00bb|700|||||||\u00bb heading_all_active_font_size=\u00bb18px\u00bb heading_all_active_line_height=\u00bb1.3em\u00bb marker_all_font_size=\u00bb18px\u00bb custom_padding=\u00bb|||\u00bb border_radii_title_container=\u00bbon||||\u00bb border_color_all_body_area_heading_text_active=\u00bb#dddddd\u00bb global_module=\u00bb253476&#8243; saved_tabs=\u00bball\u00bb global_colors_info=\u00bb{}\u00bb body_area_text_link_color__hover_enabled=\u00bbon|desktop\u00bb body_area_text_link_color__hover=\u00bb#5c8cb2&#8243; locked=\u00bboff\u00bb][\/pac_divi_table_of_contents][et_pb_text admin_label=\u00bbGeneral text\u00bb module_class=\u00bbcontent pac-dtocm-exclude\u00bb _builder_version=\u00bb4.27.4&#8243; _module_preset=\u00bbdefault\u00bb header_2_font_size=\u00bb34px\u00bb header_2_font_size_tablet=\u00bb30px\u00bb header_2_font_size_phone=\u00bb26px\u00bb header_2_font_size_last_edited=\u00bbon|phone\u00bb global_colors_info=\u00bb{}\u00bb]<\/p>\n<p><span style=\"font-weight: 400;\">Sabemos que durante todo el a\u00f1o el turismo costero encanta y atrae much\u00edsima gente, tanto por sus paisajes como por su gastronom\u00eda y actividades. Mar del Plata es el centro de turismo costero m\u00e1s reconocido en Argentina, ya que es una ciudad con una amplia oferta de lugares para conocer y de actividades para el p\u00fablico de todas las edades. Sin embargo, no es la \u00fanica opci\u00f3n si est\u00e1s pensando en vacacionar o tomar unos d\u00edas libres frente al mar. A lo largo de la Costa Atl\u00e1ntica pod\u00e9s encontrar diferentes balnearios, cada uno con su impronta particular, para conocer una opci\u00f3n distinta a La Feliz.<\/span><\/p>\n<p><span style=\"font-weight: 400;\">Vamos a hacer un recorrido por Mardel y por las playas del Atl\u00e1ntico. \u00bfVamos?<\/span><\/p>\n<h2><strong>Mar del Plata<\/strong><\/h2>\n<hr \/>\n<p><span style=\"font-weight: 400;\">Esta maravillosa ciudad costera es uno de los balnearios m\u00e1s reconocidos y est\u00e1 a tan s\u00f3lo 4 horas de la Ciudad de Buenos Aires. Con sus imponentes acantilados, su reconocido puerto y una amplia oferta de actividades para el turismo, Mar del Plata es la elegida por la mayor\u00eda durante la temporada de verano.<\/span><\/p>\n<p><span style=\"font-weight: 400;\">De hecho, la ciudad es conocida como La Feliz por este motivo, ya que cada verano llegan hasta 3 millones de visitantes para vacacionar. Adem\u00e1s, all\u00ed se concentra tambi\u00e9n una espectacular cartelera teatral, las m\u00e1s destacadas exposiciones de arte y diferentes expresiones culturales del pa\u00eds.<\/span><\/p>\n<p><span style=\"font-weight: 400;\">Es una de las ciudades mejor comunicadas de Argentina: recibe cuatro servicios de trenes diarios desde Buenos Aires y m\u00e1s de 50 micros durante las 24 horas del d\u00eda. Tambi\u00e9n se puede volar hasta el Aeropuerto Brigadier Bartolom\u00e9 de la Colina ubicado a tan s\u00f3lo 10 minutos de la ciudad de Mar del Plata, o bien tomar la Ruta Provincial 11 y recorrer las diferentes playas con sus respectivos balnearios para disfrutar del turismo costero argentino.<\/span><\/p>\n<p><span style=\"font-weight: 400;\">Conozcamos los imperdibles de esta maravillosa ciudad:<\/span><\/p>\n<p>[\/et_pb_text][et_pb_text admin_label=\u00bbPlayas\u00bb module_class=\u00bbcontent pac-dtocm-exclude\u00bb _builder_version=\u00bb4.27.4&#8243; _module_preset=\u00bbdefault\u00bb header_2_font_size=\u00bb34px\u00bb header_2_font_size_tablet=\u00bb30px\u00bb header_2_font_size_phone=\u00bb26px\u00bb header_2_font_size_last_edited=\u00bbon|phone\u00bb global_colors_info=\u00bb{}\u00bb]<\/p>\n<h2><strong>Playas<\/strong><\/h2>\n<hr \/>\n<p><span style=\"font-weight: 400;\">Mardel cuenta con diferentes opciones para pasar tu d\u00eda de playa: para familias tradicionales, j\u00f3venes y artistas, amantes de los veh\u00edculos 4&#215;4 y deportistas n\u00e1uticos, para los pescadores y los que buscan calma e incluso para nudistas. Todos tienen su lugar frente al mar que conforma la costa de La Feliz.<\/span><\/p>\n<p><span style=\"font-weight: 400;\">La oferta es m\u00faltiple y variada, como para recorrer y conocer. Va a encontrar modernos balnearios con c\u00f3modos vestuarios y espacios gastron\u00f3micos, con playas limpias y seguras, gracias al servicio de los guardavidas. Entre la m\u00e1s conocidas de la ciudad marplatense est\u00e1n:<\/span><\/p>\n<p><b>Las playas de Camet:<\/b><span style=\"font-weight: 400;\"> ubicadas en la zona norte y enmarcadas con escolleras para moderar el oleaje. Este es apenas el comienzo de la zona balnearia y suelen ser m\u00e1s tranquilas que las de pleno centro.<\/span><\/p>\n<p><b>Playa La Perla:<\/b><span style=\"font-weight: 400;\"> cuenta con una vista panor\u00e1mica del centro de la ciudad y sus hermosos balnearios fueron dise\u00f1ados por el arquitecto Clorindo Testa.<\/span><\/p>\n<p><b>Playa Bristol:<\/b><span style=\"font-weight: 400;\"> es una de las m\u00e1s famosas y est\u00e1 situada en el centro de la ciudad. Es grande y ancha, perfecta para tomar sol o jugar al voleibol de playa. Tambi\u00e9n hay muchos bares y restaurantes cerca donde disfrutar de la gastronom\u00eda marplatense.<\/span><\/p>\n<p><b>Playa Varese:<\/b><span style=\"font-weight: 400;\"> gracias a la implementaci\u00f3n de dos largos espigones de piedra, se forma una bah\u00eda tranquila en esta playa. Ah\u00ed se practican actividades de pesca deportiva y deportes n\u00e1uticos.<\/span><\/p>\n<p><b>Playa Grande:<\/b><span style=\"font-weight: 400;\"> es conocida por su ambiente tranquilo, porque se encuentra un poco m\u00e1s alejada del centro de la ciudad y su impresionante vista. Tambi\u00e9n es un lugar popular para los amantes del surf porque tiene uno de los mejores oleajes de la zona.<\/span><\/p>\n<p>[\/et_pb_text][et_pb_image src=\u00bbhttps:\/\/viewbuenosaires.com\/wp-content\/uploads\/2024\/11\/surf.jpg\u00bb alt=\u00bbSurf en Mar del Plata\u00bb title_text=\u00bbsurf\u00bb align=\u00bbcenter\u00bb _builder_version=\u00bb4.27.4&#8243; _module_preset=\u00bbdefault\u00bb global_colors_info=\u00bb{}\u00bb][\/et_pb_image][et_pb_text admin_label=\u00bbImage caption\u00bb _builder_version=\u00bb4.27.4&#8243; _module_preset=\u00bbdefault\u00bb text_font=\u00bb||on||||||\u00bb text_font_size=\u00bb16px\u00bb text_line_height=\u00bb1.4em\u00bb text_orientation=\u00bbcenter\u00bb custom_margin=\u00bb-15px||||false|false\u00bb global_colors_info=\u00bb{}\u00bb]<\/p>\n<p><i><span style=\"font-weight: 400;\">Surf en Mar del Plata. Foto: <a href=\"http:\/\/shutterstock.com\" rel=\"nofollow noopener\" target=\"_blank\">shutterstock.com<\/a><\/span><\/i><\/p>\n<p>[\/et_pb_text][et_pb_text admin_label=\u00bbEl Faro\u00bb module_class=\u00bbcontent pac-dtocm-exclude\u00bb _builder_version=\u00bb4.27.4&#8243; _module_preset=\u00bbdefault\u00bb header_2_font_size=\u00bb34px\u00bb header_2_font_size_tablet=\u00bb30px\u00bb header_2_font_size_phone=\u00bb26px\u00bb header_2_font_size_last_edited=\u00bbon|phone\u00bb global_colors_info=\u00bb{}\u00bb]<\/p>\n<h2><strong>El Faro<\/strong><\/h2>\n<hr \/>\n<p><span style=\"font-weight: 400;\">Esta zona se llama as\u00ed debido a que contiene un faro de 35 metros de altura, que posee un encendido por c\u00e9lula fotoel\u00e9ctrica.<\/span><\/p>\n<p><span style=\"font-weight: 400;\">Situado al sur de Punta Cantera desde principios de 1890, El Faro fue creado en Francia, luego tra\u00eddo a Mar del Plata y, finalmente, ensamblado pieza por pieza en su ubicaci\u00f3n actual. Est\u00e1 construido con planchas de hierro y en la parte superior contin\u00faa con un vano cil\u00edndrico de vidrio para la iluminaci\u00f3n.<\/span><\/p>\n<p><span style=\"font-weight: 400;\">Al Faro se puede ascender por medio de una escalera que tiene 160 escalones y puede ser visitado con gu\u00edas lugare\u00f1os que nos contar\u00e1n su historia, la cual data de 1891, aunque su equipo fue totalmente renovado en el a\u00f1o 1975. Este lugar tiene un triste pasado como ex-centro clandestino de detenci\u00f3n y actualmente funciona como espacio de la memoria.<\/span><\/p>\n<p>[\/et_pb_text][et_pb_text admin_label=\u00bbEl Puerto\u00bb module_class=\u00bbcontent pac-dtocm-exclude\u00bb _builder_version=\u00bb4.27.4&#8243; _module_preset=\u00bbdefault\u00bb header_2_font_size=\u00bb34px\u00bb header_2_font_size_tablet=\u00bb30px\u00bb header_2_font_size_phone=\u00bb26px\u00bb header_2_font_size_last_edited=\u00bbon|phone\u00bb global_colors_info=\u00bb{}\u00bb]<\/p>\n<h2><strong>El Puerto<\/strong><\/h2>\n<hr \/>\n<p><span style=\"font-weight: 400;\">Sin duda el puerto es una de las principales atracciones tur\u00edsticas en la ciudad, ya que Mar del Plata es uno de los centros pesqueros m\u00e1s importantes de Argentina, con un \u00e1rea portuaria de 8 km al sur del centro de la ciudad, que merece una visita.<\/span><\/p>\n<p><span style=\"font-weight: 400;\">Este lugar posee incre\u00edbles vistas y paseos inolvidables, como as\u00ed tambi\u00e9n contacto con la naturaleza gracias a su reserva de lobos marinos, que dormitan y juegan en el muelle, muy cerquita de los turistas.<\/span><\/p>\n<p><span style=\"font-weight: 400;\">Sin embargo, el acceso p\u00fablico al embarcadero y su cementerio de barcos en ruinas, medio hundidos y oxidados por el sol, ahora est\u00e1 restringido.<\/span><\/p>\n<p><span style=\"font-weight: 400;\">\u00a0A su vez el puerto cuenta con un centro comercial, el cual es ideal para pasar una tarde en familia y poder degustar los mejores platos de la gastronom\u00eda costera. El cl\u00e1sico imperdible: los cornalitos con cerveza.<\/span><\/p>\n<p>[\/et_pb_text][et_pb_icon font_icon=\u00bb&#x22;||divi||400&#8243; icon_color=\u00bb#5c8cb2&#8243; icon_width=\u00bb48px\u00bb admin_label=\u00bbArrow\u00bb _builder_version=\u00bb4.27.2&#8243; _module_preset=\u00bbdefault\u00bb global_colors_info=\u00bb{}\u00bb][\/et_pb_icon][\/et_pb_column_inner][\/et_pb_row_inner][et_pb_row_inner _builder_version=\u00bb4.22.2&#8243; _module_preset=\u00bbdefault\u00bb custom_margin=\u00bb20px||||false|false\u00bb global_colors_info=\u00bb{}\u00bb][et_pb_column_inner saved_specialty_column_type=\u00bb2_3&#8243; _builder_version=\u00bb4.22.2&#8243; _module_preset=\u00bbdefault\u00bb global_colors_info=\u00bb{}\u00bb][et_pb_dp_dmb_module_a582e994 guide_item_icon=\u00bbhttps:\/\/viewbuenosaires.com\/wp-content\/uploads\/2024\/10\/icon-beer.svg\u00bb guide_item_name=\u00bbF\u00e1brica Antares\u00bb admin_label=\u00bbF\u00e1brica Antares\u00bb _builder_version=\u00bb4.27.2&#8243; _module_preset=\u00bbdefault\u00bb guide_item_name_font=\u00bb|700|||||||\u00bb guide_item_name_font_size=\u00bb36px\u00bb guide_item_name_line_height=\u00bb1em\u00bb text_orientation=\u00bbcenter\u00bb guide_item_name_font_size_tablet=\u00bb32px\u00bb guide_item_name_font_size_phone=\u00bb28px\u00bb guide_item_name_font_size_last_edited=\u00bbon|phone\u00bb global_colors_info=\u00bb{}\u00bb][\/et_pb_dp_dmb_module_a582e994][et_pb_text admin_label=\u00bbText\u00bb module_class=\u00bbcontent\u00bb _builder_version=\u00bb4.27.4&#8243; _module_preset=\u00bbdefault\u00bb global_colors_info=\u00bb{}\u00bb]<\/p>\n<p><span style=\"font-weight: 400;\">La f\u00e1brica de cerveza artesanal Antares fue una de las primeras en la ciudad y tiene visitas guiadas, en las que pod\u00e9s conocer el proceso de elaboraci\u00f3n de este producto.<\/span><\/p>\n<p><span style=\"font-weight: 400;\">Adem\u00e1s, pod\u00e9s degustar todo tipo de cervezas y comer algo en el recorrido. Entre la variedad de cervezas que produce <a href=\"https:\/\/www.cervezaantares.com\/\" rel=\"nofollow noopener\" target=\"_blank\">Antares<\/a><\/span><span style=\"font-weight: 400;\">\u00a0vas a encontrar: K\u00f6lsch, Scotch, Porter, Honey Beer, Barley Wine, Imperial Stout, Cream Stout, India Pale Ale (IPA) y Playa Grande.<\/span><\/p>\n<p>[\/et_pb_text][\/et_pb_column_inner][\/et_pb_row_inner][et_pb_row_inner column_structure=\u00bb1_2,1_2&#8243; _builder_version=\u00bb4.22.2&#8243; _module_preset=\u00bbdefault\u00bb custom_margin=\u00bb-30px||||false|false\u00bb global_colors_info=\u00bb{}\u00bb][et_pb_column_inner type=\u00bb1_2&#8243; saved_specialty_column_type=\u00bb2_3&#8243; _builder_version=\u00bb4.22.2&#8243; _module_preset=\u00bbdefault\u00bb global_colors_info=\u00bb{}\u00bb][et_pb_blurb use_icon=\u00bbon\u00bb font_icon=\u00bb&#xe081;||divi||400&#8243; icon_color=\u00bb#5c8cb2&#8243; icon_placement=\u00bbleft\u00bb image_icon_width=\u00bb28px\u00bb content_max_width=\u00bb100%\u00bb admin_label=\u00bbStreet Address\u00bb _builder_version=\u00bb4.27.2&#8243; _module_preset=\u00bbdefault\u00bb width_last_edited=\u00bboff|desktop\u00bb animation=\u00bboff\u00bb global_colors_info=\u00bb{}\u00bb custom_css_main_element_last_edited=\u00bboff|phone\u00bb width__hover_enabled=\u00bboff|desktop\u00bb]<\/p>\n<p><span style=\"font-weight: 400;\">12 de Octubre 7749. Mar del Plata<\/span><\/p>\n<p>[\/et_pb_blurb][\/et_pb_column_inner][et_pb_column_inner type=\u00bb1_2&#8243; saved_specialty_column_type=\u00bb2_3&#8243; _builder_version=\u00bb4.22.2&#8243; _module_preset=\u00bbdefault\u00bb global_colors_info=\u00bb{}\u00bb][et_pb_blurb use_icon=\u00bbon\u00bb font_icon=\u00bb&#xe074;||divi||400&#8243; icon_color=\u00bb#5c8cb2&#8243; icon_placement=\u00bbleft\u00bb image_icon_width=\u00bb28px\u00bb content_max_width=\u00bb100%\u00bb admin_label=\u00bbWebsite\u00bb _builder_version=\u00bb4.27.4&#8243; _module_preset=\u00bbdefault\u00bb body_link_text_color=\u00bb#333333&#8243; width_last_edited=\u00bboff|desktop\u00bb custom_margin_last_edited=\u00bboff|desktop\u00bb custom_padding_tablet=\u00bb||||false|false\u00bb custom_padding_last_edited=\u00bboff|desktop\u00bb animation=\u00bboff\u00bb global_colors_info=\u00bb{}\u00bb custom_css_main_element_last_edited=\u00bboff|phone\u00bb]<\/p>\n<p><a href=\"https:\/\/www.cervezaantares.com\/\" rel=\"nofollow noopener\" target=\"_blank\"><span style=\"font-weight: 400;\">cervezaantares.com <\/span><\/a><\/p>\n<p>[\/et_pb_blurb][\/et_pb_column_inner][\/et_pb_row_inner][et_pb_row_inner _builder_version=\u00bb4.22.2&#8243; _module_preset=\u00bbdefault\u00bb custom_margin=\u00bb20px||||false|false\u00bb global_colors_info=\u00bb{}\u00bb][et_pb_column_inner saved_specialty_column_type=\u00bb2_3&#8243; _builder_version=\u00bb4.22.2&#8243; _module_preset=\u00bbdefault\u00bb global_colors_info=\u00bb{}\u00bb][et_pb_dp_dmb_module_a582e994 guide_item_icon=\u00bbhttps:\/\/viewbuenosaires.com\/wp-content\/uploads\/2024\/10\/icon-restaurants-category.svg\u00bb guide_item_name=\u00bbChurros Manolo\u00bb admin_label=\u00bbChurros Manolo\u00bb _builder_version=\u00bb4.27.2&#8243; _module_preset=\u00bbdefault\u00bb guide_item_name_font=\u00bb|700|||||||\u00bb guide_item_name_font_size=\u00bb36px\u00bb guide_item_name_line_height=\u00bb1em\u00bb text_orientation=\u00bbcenter\u00bb guide_item_name_font_size_tablet=\u00bb32px\u00bb guide_item_name_font_size_phone=\u00bb28px\u00bb guide_item_name_font_size_last_edited=\u00bbon|phone\u00bb global_colors_info=\u00bb{}\u00bb][\/et_pb_dp_dmb_module_a582e994][et_pb_text admin_label=\u00bbText\u00bb module_class=\u00bbcontent\u00bb _builder_version=\u00bb4.27.4&#8243; _module_preset=\u00bbdefault\u00bb global_colors_info=\u00bb{}\u00bb]<\/p>\n<p><span style=\"font-weight: 400;\">Este es uno de los restaurantes m\u00e1s ic\u00f3nicos de Mar del Plata y, sin duda alguna, es una parada obligada si est\u00e1s en la ciudad.<\/span><\/p>\n<p><span style=\"font-weight: 400;\">Si bien <a href=\"http:\/\/churrosmanolo.com\/es\/\" rel=\"nofollow noopener\" target=\"_blank\">Manolo<\/a> es famoso por sus churros (con el infaltable relleno de dulce de leche), en su carta vas a encontrar milanesas, carnes, frutos del mar, pizzas y exquisitos postres. Adem\u00e1s, tiene un delicioso brunch y opciones vegetarianas<\/span><\/p>\n<p>[\/et_pb_text][\/et_pb_column_inner][\/et_pb_row_inner][et_pb_row_inner column_structure=\u00bb1_2,1_2&#8243; _builder_version=\u00bb4.22.2&#8243; _module_preset=\u00bbdefault\u00bb custom_margin=\u00bb-30px||||false|false\u00bb locked=\u00bboff\u00bb global_colors_info=\u00bb{}\u00bb][et_pb_column_inner type=\u00bb1_2&#8243; saved_specialty_column_type=\u00bb2_3&#8243; _builder_version=\u00bb4.22.2&#8243; _module_preset=\u00bbdefault\u00bb global_colors_info=\u00bb{}\u00bb][et_pb_blurb use_icon=\u00bbon\u00bb font_icon=\u00bb&#xe081;||divi||400&#8243; icon_color=\u00bb#5c8cb2&#8243; icon_placement=\u00bbleft\u00bb image_icon_width=\u00bb28px\u00bb content_max_width=\u00bb100%\u00bb admin_label=\u00bbStreet Address\u00bb _builder_version=\u00bb4.27.4&#8243; _module_preset=\u00bbdefault\u00bb width_last_edited=\u00bboff|desktop\u00bb animation=\u00bboff\u00bb global_colors_info=\u00bb{}\u00bb custom_css_main_element_last_edited=\u00bboff|phone\u00bb width__hover_enabled=\u00bboff|desktop\u00bb]<\/p>\n<p><span style=\"font-weight: 400;\">Rivadavia 2371,Mar del Plata.<\/span><\/p>\n<p>[\/et_pb_blurb][\/et_pb_column_inner][et_pb_column_inner type=\u00bb1_2&#8243; saved_specialty_column_type=\u00bb2_3&#8243; _builder_version=\u00bb4.22.2&#8243; _module_preset=\u00bbdefault\u00bb global_colors_info=\u00bb{}\u00bb][et_pb_blurb use_icon=\u00bbon\u00bb font_icon=\u00bb&#xe074;||divi||400&#8243; icon_color=\u00bb#5c8cb2&#8243; icon_placement=\u00bbleft\u00bb image_icon_width=\u00bb28px\u00bb content_max_width=\u00bb100%\u00bb admin_label=\u00bbWebsite\u00bb _builder_version=\u00bb4.27.2&#8243; _module_preset=\u00bbdefault\u00bb body_link_text_color=\u00bb#333333&#8243; width_last_edited=\u00bboff|desktop\u00bb custom_margin_last_edited=\u00bboff|desktop\u00bb custom_padding_tablet=\u00bb||||false|false\u00bb custom_padding_last_edited=\u00bboff|desktop\u00bb animation=\u00bboff\u00bb global_colors_info=\u00bb{}\u00bb custom_css_main_element_last_edited=\u00bboff|phone\u00bb]<\/p>\n<p><a href=\"http:\/\/churrosmanolo.com\/es\/\" rel=\"nofollow noopener\" target=\"_blank\"><span style=\"font-weight: 400;\">churrosmanolo.com<\/span><\/a><\/p>\n<p>[\/et_pb_blurb][\/et_pb_column_inner][\/et_pb_row_inner][et_pb_row_inner _builder_version=\u00bb4.22.2&#8243; _module_preset=\u00bbdefault\u00bb custom_margin=\u00bb20px||||false|false\u00bb global_colors_info=\u00bb{}\u00bb][et_pb_column_inner saved_specialty_column_type=\u00bb2_3&#8243; _builder_version=\u00bb4.22.2&#8243; _module_preset=\u00bbdefault\u00bb global_colors_info=\u00bb{}\u00bb][et_pb_dp_dmb_module_a582e994 guide_item_icon=\u00bbhttps:\/\/viewbuenosaires.com\/wp-content\/uploads\/2024\/10\/icon-new-years.svg\u00bb guide_item_name=\u00bbCasino Central\u00bb admin_label=\u00bbCasino Central\u00bb _builder_version=\u00bb4.27.2&#8243; _module_preset=\u00bbdefault\u00bb guide_item_name_font=\u00bb|700|||||||\u00bb guide_item_name_font_size=\u00bb36px\u00bb guide_item_name_line_height=\u00bb1em\u00bb text_orientation=\u00bbcenter\u00bb guide_item_name_font_size_tablet=\u00bb32px\u00bb guide_item_name_font_size_phone=\u00bb28px\u00bb guide_item_name_font_size_last_edited=\u00bbon|phone\u00bb locked=\u00bboff\u00bb global_colors_info=\u00bb{}\u00bb][\/et_pb_dp_dmb_module_a582e994][et_pb_text admin_label=\u00bbText\u00bb module_class=\u00bbcontent\u00bb _builder_version=\u00bb4.27.4&#8243; _module_preset=\u00bbdefault\u00bb global_colors_info=\u00bb{}\u00bb]<\/p>\n<p><span style=\"font-weight: 400;\">Mar del Plata tiene el honor de contar con el casino m\u00e1s grande de Sudam\u00e9rica, que est\u00e1 ubicado en un hermoso edificio que data de principios del siglo XX. Su arquitectura art nouveau y decoraci\u00f3n opulenta lo convierten en algo m\u00e1s que un lugar de entretenimiento.<\/span><\/p>\n<p><span style=\"font-weight: 400;\">\u00a0En su interior, los visitantes pueden disfrutar de una variedad de juegos, que incluyen m\u00e1quinas tragamonedas, juegos de mesa como el blackjack o la ruleta, y mesas de p\u00f3ker. Adem\u00e1s, el <a href=\"http:\/\/casinodelmar.com.ar\" rel=\"nofollow noopener\" target=\"_blank\">Casino Central<\/a> ofrece otras opciones de entretenimiento, una excelente experiencia gastron\u00f3mica y m\u00fasica en vivo.<\/span><\/p>\n<p>[\/et_pb_text][\/et_pb_column_inner][\/et_pb_row_inner][et_pb_row_inner column_structure=\u00bb1_2,1_2&#8243; _builder_version=\u00bb4.22.2&#8243; _module_preset=\u00bbdefault\u00bb custom_margin=\u00bb-30px||||false|false\u00bb locked=\u00bboff\u00bb global_colors_info=\u00bb{}\u00bb][et_pb_column_inner type=\u00bb1_2&#8243; saved_specialty_column_type=\u00bb2_3&#8243; _builder_version=\u00bb4.22.2&#8243; _module_preset=\u00bbdefault\u00bb global_colors_info=\u00bb{}\u00bb][et_pb_blurb use_icon=\u00bbon\u00bb font_icon=\u00bb&#xe081;||divi||400&#8243; icon_color=\u00bb#5c8cb2&#8243; icon_placement=\u00bbleft\u00bb image_icon_width=\u00bb28px\u00bb content_max_width=\u00bb100%\u00bb admin_label=\u00bbStreet Address\u00bb _builder_version=\u00bb4.27.4&#8243; _module_preset=\u00bbdefault\u00bb width_last_edited=\u00bboff|desktop\u00bb animation=\u00bboff\u00bb global_colors_info=\u00bb{}\u00bb custom_css_main_element_last_edited=\u00bboff|phone\u00bb width__hover_enabled=\u00bboff|desktop\u00bb]<\/p>\n<p><span style=\"font-weight: 400;\">Av. Patricio Peralta Ramos 2656, Mar del Plata.<\/span><\/p>\n<p>[\/et_pb_blurb][\/et_pb_column_inner][et_pb_column_inner type=\u00bb1_2&#8243; saved_specialty_column_type=\u00bb2_3&#8243; _builder_version=\u00bb4.22.2&#8243; _module_preset=\u00bbdefault\u00bb global_colors_info=\u00bb{}\u00bb][et_pb_blurb use_icon=\u00bbon\u00bb font_icon=\u00bb&#xe074;||divi||400&#8243; icon_color=\u00bb#5c8cb2&#8243; icon_placement=\u00bbleft\u00bb image_icon_width=\u00bb28px\u00bb content_max_width=\u00bb100%\u00bb admin_label=\u00bbWebsite\u00bb _builder_version=\u00bb4.27.2&#8243; _module_preset=\u00bbdefault\u00bb body_link_text_color=\u00bb#333333&#8243; width_last_edited=\u00bboff|desktop\u00bb custom_margin_last_edited=\u00bboff|desktop\u00bb custom_padding_tablet=\u00bb||||false|false\u00bb custom_padding_last_edited=\u00bboff|desktop\u00bb animation=\u00bboff\u00bb global_colors_info=\u00bb{}\u00bb custom_css_main_element_last_edited=\u00bboff|phone\u00bb]<\/p>\n<p><a href=\"http:\/\/casinodelmar.com.ar\" rel=\"nofollow noopener\" target=\"_blank\"><span style=\"font-weight: 400;\">casinodelmar.com.ar<\/span><\/a><\/p>\n<p>[\/et_pb_blurb][\/et_pb_column_inner][\/et_pb_row_inner][et_pb_row_inner _builder_version=\u00bb4.27.4&#8243; _module_preset=\u00bbdefault\u00bb background_color=\u00bb#eeeeee\u00bb custom_margin=\u00bb20px||||false|false\u00bb custom_padding=\u00bb15px|15px|15px|15px|true|true\u00bb border_width_left=\u00bb8px\u00bb border_color_left=\u00bb#5c8cb2&#8243; global_colors_info=\u00bb{}\u00bb][et_pb_column_inner saved_specialty_column_type=\u00bb2_3&#8243; _builder_version=\u00bb4.27.4&#8243; _module_preset=\u00bbdefault\u00bb global_colors_info=\u00bb{}\u00bb][et_pb_text admin_label=\u00bbGu\u00edas contacto\u00bb _builder_version=\u00bb4.27.4&#8243; _module_preset=\u00bbdefault\u00bb text_font=\u00bb|700|||||||\u00bb text_line_height=\u00bb1.3em\u00bb link_font=\u00bb|700|||||||\u00bb link_text_color=\u00bb#5c8cb2&#8243; link_line_height=\u00bb1.3em\u00bb global_colors_info=\u00bb{}\u00bb]<\/p>\n<p>\u00bfFalta algun lugar en la zona del puerto en la gu\u00eda? <a href=\"https:\/\/viewbuenosaires.com\/es\/guias-contacto\/\" rel=\"nofollow\">\u00a1Haz clic aqu\u00ed!<\/a><\/p>\n<p>[\/et_pb_text][\/et_pb_column_inner][\/et_pb_row_inner][et_pb_row_inner _builder_version=\u00bb4.22.2&#8243; _module_preset=\u00bbdefault\u00bb custom_margin=\u00bb20px||||false|false\u00bb global_colors_info=\u00bb{}\u00bb][et_pb_column_inner saved_specialty_column_type=\u00bb2_3&#8243; _builder_version=\u00bb4.22.2&#8243; _module_preset=\u00bbdefault\u00bb global_colors_info=\u00bb{}\u00bb][et_pb_text admin_label=\u00bbLos acantilados\u00bb module_class=\u00bbcontent pac-dtocm-exclude\u00bb _builder_version=\u00bb4.27.4&#8243; _module_preset=\u00bbdefault\u00bb header_2_font_size=\u00bb34px\u00bb header_2_font_size_tablet=\u00bb30px\u00bb header_2_font_size_phone=\u00bb26px\u00bb header_2_font_size_last_edited=\u00bbon|phone\u00bb global_colors_info=\u00bb{}\u00bb]<\/p>\n<h2><strong>Los Acantilados<\/strong><\/h2>\n<hr \/>\n<p><span style=\"font-weight: 400;\">Los acantilados representan un grupo de playas y balnearios al sur del Faro de Punta Mogotes. Su nombre se debe a los grandes acantilados y playas rocosas y solitarias, en las que se aprecian la erosi\u00f3n causada por el agua y el viento desde hace miles de a\u00f1os en las elevaciones del sistema de sierras.<\/span><\/p>\n<p><span style=\"font-weight: 400;\">Ten\u00e9 en cuenta que, para llegar a ellas, s\u00f3lo pod\u00e9s acceder caminando y es ideal si te gusta la tranquilidad y para alejarte de los lugares concurridos.<\/span><\/p>\n<p>[\/et_pb_text][\/et_pb_column_inner][\/et_pb_row_inner][et_pb_row_inner _builder_version=\u00bb4.22.2&#8243; _module_preset=\u00bbdefault\u00bb custom_margin=\u00bb20px||||false|false\u00bb global_colors_info=\u00bb{}\u00bb][et_pb_column_inner saved_specialty_column_type=\u00bb2_3&#8243; _builder_version=\u00bb4.22.2&#8243; _module_preset=\u00bbdefault\u00bb global_colors_info=\u00bb{}\u00bb][et_pb_dp_dmb_module_a582e994 guide_item_icon=\u00bbhttps:\/\/viewbuenosaires.com\/wp-content\/uploads\/2024\/10\/icon-museums-category.svg\u00bb guide_item_name=\u00bbMuseo MAR\u00bb admin_label=\u00bbMuseo MAR\u00bb _builder_version=\u00bb4.27.2&#8243; _module_preset=\u00bbdefault\u00bb guide_item_name_font=\u00bb|700|||||||\u00bb guide_item_name_font_size=\u00bb36px\u00bb guide_item_name_line_height=\u00bb1em\u00bb text_orientation=\u00bbcenter\u00bb guide_item_name_font_size_tablet=\u00bb32px\u00bb guide_item_name_font_size_phone=\u00bb28px\u00bb guide_item_name_font_size_last_edited=\u00bbon|phone\u00bb locked=\u00bboff\u00bb global_colors_info=\u00bb{}\u00bb][\/et_pb_dp_dmb_module_a582e994][et_pb_text admin_label=\u00bbText\u00bb module_class=\u00bbcontent\u00bb _builder_version=\u00bb4.27.4&#8243; _module_preset=\u00bbdefault\u00bb global_colors_info=\u00bb{}\u00bb]<\/p>\n<p><span style=\"font-weight: 400;\">Inaugurado en diciembre de 2013, el Museo de arte contempor\u00e1neo de la Provincia de Buenos Aires es uno de los m\u00e1s grandes y modernos del pa\u00eds, y el primero dise\u00f1ado y construido para tal fin.<\/span><\/p>\n<p><span style=\"font-weight: 400;\">Este edificio, que consta de 3 salas de exhibici\u00f3n, se convirti\u00f3 en un nuevo polo cultural de atracci\u00f3n en la zona norte de la ciudad de Mar del Plata. Su entrada es libre y gratuita y cuenta con servicios para visitantes con movilidad reducida.<\/span><\/p>\n<p>[\/et_pb_text][\/et_pb_column_inner][\/et_pb_row_inner][et_pb_row_inner column_structure=\u00bb1_2,1_2&#8243; _builder_version=\u00bb4.22.2&#8243; _module_preset=\u00bbdefault\u00bb custom_margin=\u00bb-30px||||false|false\u00bb locked=\u00bboff\u00bb global_colors_info=\u00bb{}\u00bb][et_pb_column_inner type=\u00bb1_2&#8243; saved_specialty_column_type=\u00bb2_3&#8243; _builder_version=\u00bb4.22.2&#8243; _module_preset=\u00bbdefault\u00bb global_colors_info=\u00bb{}\u00bb][et_pb_blurb use_icon=\u00bbon\u00bb font_icon=\u00bb&#xe081;||divi||400&#8243; icon_color=\u00bb#5c8cb2&#8243; icon_placement=\u00bbleft\u00bb image_icon_width=\u00bb28px\u00bb content_max_width=\u00bb100%\u00bb admin_label=\u00bbStreet Address\u00bb _builder_version=\u00bb4.27.2&#8243; _module_preset=\u00bbdefault\u00bb width_last_edited=\u00bboff|desktop\u00bb animation=\u00bboff\u00bb global_colors_info=\u00bb{}\u00bb custom_css_main_element_last_edited=\u00bboff|phone\u00bb width__hover_enabled=\u00bboff|desktop\u00bb]<\/p>\n<p><span style=\"font-weight: 400;\">Av. Felix U Camet and L\u00f3pez de Gomara, Mar del Plata<\/span><\/p>\n<p>[\/et_pb_blurb][\/et_pb_column_inner][et_pb_column_inner type=\u00bb1_2&#8243; saved_specialty_column_type=\u00bb2_3&#8243; _builder_version=\u00bb4.22.2&#8243; _module_preset=\u00bbdefault\u00bb global_colors_info=\u00bb{}\u00bb][et_pb_blurb use_icon=\u00bbon\u00bb font_icon=\u00bb&#xe074;||divi||400&#8243; icon_color=\u00bb#5c8cb2&#8243; icon_placement=\u00bbleft\u00bb image_icon_width=\u00bb28px\u00bb content_max_width=\u00bb100%\u00bb admin_label=\u00bbWebsite\u00bb _builder_version=\u00bb4.27.2&#8243; _module_preset=\u00bbdefault\u00bb body_link_text_color=\u00bb#333333&#8243; width_last_edited=\u00bboff|desktop\u00bb custom_margin_last_edited=\u00bboff|desktop\u00bb custom_padding_tablet=\u00bb||||false|false\u00bb custom_padding_last_edited=\u00bboff|desktop\u00bb animation=\u00bboff\u00bb global_colors_info=\u00bb{}\u00bb custom_css_main_element_last_edited=\u00bboff|phone\u00bb]<\/p>\n<p><a href=\"https:\/\/www.instagram.com\/marmuseo\/?hl=es\" rel=\"nofollow noopener\" target=\"_blank\"><span style=\"font-weight: 400;\">@marmuseo<\/span><\/a><\/p>\n<p>[\/et_pb_blurb][\/et_pb_column_inner][\/et_pb_row_inner][et_pb_row_inner _builder_version=\u00bb4.22.2&#8243; _module_preset=\u00bbdefault\u00bb custom_margin=\u00bb20px||||false|false\u00bb global_colors_info=\u00bb{}\u00bb][et_pb_column_inner saved_specialty_column_type=\u00bb2_3&#8243; _builder_version=\u00bb4.22.2&#8243; _module_preset=\u00bbdefault\u00bb global_colors_info=\u00bb{}\u00bb][et_pb_text admin_label=\u00bbTeatros y paseo peatonal\u00bb module_class=\u00bbcontent pac-dtocm-exclude\u00bb _builder_version=\u00bb4.27.4&#8243; _module_preset=\u00bbdefault\u00bb header_2_font_size=\u00bb34px\u00bb header_2_font_size_tablet=\u00bb30px\u00bb header_2_font_size_phone=\u00bb26px\u00bb header_2_font_size_last_edited=\u00bbon|phone\u00bb global_colors_info=\u00bb{}\u00bb]<\/p>\n<h2><strong>Teatros y paseo peatonal<\/strong><\/h2>\n<hr \/>\n<p><span style=\"font-weight: 400;\">Mardel cuenta, tambi\u00e9n, con abundantes salas teatrales y cines, que ofrecen espect\u00e1culos diversos. Las obras m\u00e1s exitosas de la avenida Corrientes Capital Federal suelen repetir sus obras aqu\u00ed en verano.<\/span><\/p>\n<p><span style=\"font-weight: 400;\">Otro atractivo veraniego es la peatonal San Mart\u00edn, la cual se extiende a lo largo de siete cuadras desde la costa hasta la zona de la catedral. Tanto de d\u00eda, como durante la noche, esta calle se llena de turistas por ser el espacio comercial por excelencia, en el que encontr\u00e1s galer\u00edas, locales de distintos rubros, bancos, restaurantes y caf\u00e9s.<\/span><\/p>\n<p>[\/et_pb_text][et_pb_blurb use_icon=\u00bbon\u00bb font_icon=\u00bb&#xe081;||divi||400&#8243; icon_color=\u00bb#5c8cb2&#8243; icon_placement=\u00bbleft\u00bb image_icon_width=\u00bb28px\u00bb content_max_width=\u00bb100%\u00bb admin_label=\u00bbStreet Address\u00bb _builder_version=\u00bb4.27.4&#8243; _module_preset=\u00bbdefault\u00bb width_last_edited=\u00bboff|desktop\u00bb animation=\u00bboff\u00bb global_colors_info=\u00bb{}\u00bb custom_css_main_element_last_edited=\u00bboff|phone\u00bb width__hover_enabled=\u00bboff|desktop\u00bb]<\/p>\n<p><span style=\"font-weight: 400;\">Calle San Mart\u00edn, Desde La Plaza San Martin hasta La Costanera 7600 Mar del Plata Buenos Aires<\/span><\/p>\n<p>[\/et_pb_blurb][et_pb_text admin_label=\u00bbBalnearios de la Costa Atl\u00e1ntica\u00bb module_class=\u00bbcontent pac-dtocm-exclude\u00bb _builder_version=\u00bb4.27.4&#8243; _module_preset=\u00bbdefault\u00bb header_2_font_size=\u00bb34px\u00bb header_2_font_size_tablet=\u00bb30px\u00bb header_2_font_size_phone=\u00bb26px\u00bb header_2_font_size_last_edited=\u00bbon|phone\u00bb global_colors_info=\u00bb{}\u00bb]<\/p>\n<h2><strong>Balnearios de la Costa Atl\u00e1ntica<\/strong><\/h2>\n<hr \/>\n<p><span style=\"font-weight: 400;\">La Costa Atl\u00e1ntica bonaerense cuenta con otras playas que convocan a una enorme cantidad de turistas. Dentro del Partido de la Costa, que cuenta con varias localidades balnearias, est\u00e1n las playas m\u00e1s cercanas a la Ciudad de Buenos Aires, comenzando en el extremo sur de la Bah\u00eda de Samboromb\u00f3n.<\/span><\/p>\n<p><span style=\"font-weight: 400;\">San Clemente del Tuy\u00fa, Las Toninas, Santa Teresita, Mar del Tuy\u00fa, Costa del Este, Aguas Verdes, La Lucila del Mar, Costa Azul, San Bernardo del Tuy\u00fa, Mar de Aj\u00f3 y Nueva Atlantis son algunos de los destinos elegidos por los amantes de la playa y del turismo costero.<\/span><\/p>\n<p><span style=\"font-weight: 400;\">Las dos primeras localidades fundadas fueron San Clemente del Tuy\u00fa y Mar de Aj\u00f3 en 1935,\u00a0 San Bernardo en 1943 y Santa Teresita en 1946. En estos balnearios vas a encontrar ciudades con comodidades y una amplia oferta gastron\u00f3mica y de entretenimiento.<\/span><\/p>\n<p><span style=\"font-weight: 400;\">En San Clemente del Tuy\u00fa est\u00e1n las c\u00e9lebres instalaciones de Mundo Marino y la Termas Marina, mientras que en Santa Teresita pod\u00e9s encontrar parques acu\u00e1ticos como Poseid\u00f3n, Tobomar y Costa Acu\u00e1tica.<\/span><\/p>\n<p>[\/et_pb_text][et_pb_image src=\u00bbhttps:\/\/viewbuenosaires.com\/wp-content\/uploads\/2024\/11\/mar-del-plata-coast-content.jpg\u00bb alt=\u00bbAtardecer en Mar del Plata\u00bb title_text=\u00bbmar-del-plata-coast-content\u00bb align=\u00bbcenter\u00bb _builder_version=\u00bb4.27.4&#8243; _module_preset=\u00bbdefault\u00bb global_colors_info=\u00bb{}\u00bb][\/et_pb_image][et_pb_text admin_label=\u00bbImage caption\u00bb _builder_version=\u00bb4.27.4&#8243; _module_preset=\u00bbdefault\u00bb text_font=\u00bb||on||||||\u00bb text_font_size=\u00bb16px\u00bb text_line_height=\u00bb1.4em\u00bb text_orientation=\u00bbcenter\u00bb custom_margin=\u00bb-15px||||false|false\u00bb global_colors_info=\u00bb{}\u00bb]<\/p>\n<p><i><span style=\"font-weight: 400;\">Playa de Villa Gesel.<\/span><\/i><span style=\"font-weight: 400;\"> Foto \u00a9 <\/span><a href=\"https:\/\/www.instagram.com\/alieniger\/\" rel=\"nofollow noopener\" target=\"_blank\"><span style=\"font-weight: 400;\">@alieniger<\/span><\/a><\/p>\n<p>[\/et_pb_text][et_pb_text admin_label=\u00bbAntes de Mar del Plata\u00bb module_class=\u00bbcontent pac-dtocm-exclude\u00bb _builder_version=\u00bb4.27.4&#8243; _module_preset=\u00bbdefault\u00bb header_2_font_size=\u00bb34px\u00bb header_2_font_size_tablet=\u00bb30px\u00bb header_2_font_size_phone=\u00bb26px\u00bb header_2_font_size_last_edited=\u00bbon|phone\u00bb global_colors_info=\u00bb{}\u00bb]<\/p>\n<h2><strong>Antes de Mar del Plata<\/strong><\/h2>\n<hr \/>\n<p><span style=\"font-weight: 400;\">M\u00e1s all\u00e1 del Partido de la Costa y sus balnearios, nos encontramos con las playas anteriores a La Feliz: Pinamar, Valeria del Mar, Caril\u00f3, Mar de las Pampas, Mar Azul y Villa Gesell.<\/span><\/p>\n<p><span style=\"font-weight: 400;\">La energ\u00eda de Pinamar y Villa Gesell es de juventud y movimiento. Son destinos elegidos por los j\u00f3venes para vacacionar (al igual que San Bernardo) y cuentan con una amplia oferta de locales bailables, actividades recreativas y eventos.\u00a0\u00a0<\/span><\/p>\n<p><span style=\"font-weight: 400;\">En cambio, Caril\u00f3 y Valeria del Mar son lugares m\u00e1s tranquilos, ideales para disfrutar en soledad de la paz de los bosques y el silencio, as\u00ed como Mar de la Pampas y Mar Azul.<\/span><\/p>\n<p>[\/et_pb_text][et_pb_text admin_label=\u00bbDespu\u00e9s de Mar del Plata\u00bb module_class=\u00bbcontent pac-dtocm-exclude\u00bb _builder_version=\u00bb4.27.4&#8243; _module_preset=\u00bbdefault\u00bb header_2_font_size=\u00bb34px\u00bb header_2_font_size_tablet=\u00bb30px\u00bb header_2_font_size_phone=\u00bb26px\u00bb header_2_font_size_last_edited=\u00bbon|phone\u00bb global_colors_info=\u00bb{}\u00bb]<\/p>\n<h2><strong>Despu\u00e9s de Mar del Plata<\/strong><\/h2>\n<hr \/>\n<p><span style=\"font-weight: 400;\">Despu\u00e9s de Chapadmalal (balneario cercano a Mardel) y yendo hacia el sur, las playas m\u00e1s importantes que convocan turistas amantes del mar y la playa son: Miramar, Necochea, Quequ\u00e9n Grande, Orense, Claromec\u00f3, Monte Hermoso y Pehu\u00e9n-Co.<\/span><\/p>\n<p><span style=\"font-weight: 400;\">Estas playas cuentan con una enorme amplitud, con arenas suaves y m\u00e1s bien ventosas, ideales para descansar en familia y muy tentadoras para los amantes de la pesca.<\/span><b>\u00a0<\/b><\/p>\n<p><span style=\"font-weight: 400;\">Miramar es un centro tur\u00edstico elegido para ir en familia y cuenta con un vivero municipal conocido como El Bosque Energ\u00e9tico, un espacio para recargar energ\u00edas y conectar con la naturaleza.<\/span><\/p>\n<p><span style=\"font-weight: 400;\">Necochea es un importante centro veraniego fundado a tres kil\u00f3metros del mar, que cuenta con enormes dunas, las cuales son una pista de sandboard inigualable, al igual que ofrecen una experiencia \u00fanica para los fan\u00e1ticos de la aventura 4 x 4.<\/span><\/p>\n<p><span style=\"font-weight: 400;\">Quequ\u00e9n presenta la particularidad de tener una arena gruesa y hermosas dunas, siendo un lugar \u00fanico para disfrutar de la tranquilidad. Este balneario es elegido como destino por surfistas y amantes de la serenidad.<\/span><\/p>\n<p>[\/et_pb_text][\/et_pb_column_inner][\/et_pb_row_inner][et_pb_row_inner disabled_on=\u00bboff|off|off\u00bb _builder_version=\u00bb4.27.2&#8243; _module_preset=\u00bbdefault\u00bb custom_margin=\u00bb30px||||false|false\u00bb border_width_top=\u00bb2px\u00bb border_color_top=\u00bb#dddddd\u00bb global_colors_info=\u00bb{}\u00bb][et_pb_column_inner saved_specialty_column_type=\u00bb2_3&#8243; _builder_version=\u00bb4.22.2&#8243; _module_preset=\u00bbdefault\u00bb global_colors_info=\u00bb{}\u00bb][et_pb_text admin_label=\u00bbEnding\u00bb module_class=\u00bbpac-dtocm-exclude\u00bb _builder_version=\u00bb4.27.4&#8243; _module_preset=\u00bbdefault\u00bb header_2_font_size_tablet=\u00bb30px\u00bb header_2_font_size_phone=\u00bb26px\u00bb header_2_font_size_last_edited=\u00bbon|phone\u00bb global_colors_info=\u00bb{}\u00bb]<\/p>\n<h2><strong>La costa argentina y su encanto<\/strong><\/h2>\n<hr \/>\n<p><span style=\"font-weight: 400;\">El recorrido por la Costa Argentina tiene un sinf\u00edn de posibilidades para descansar y disfrutar. Desde la exquisita oferta gastron\u00f3mica, hasta las diversas actividades para todo p\u00fablico, las ciudades de playa que integran el turismo costero argentino son imperdibles. Aqu\u00ed hemos hecho un paseo por algunas de ellas, pero te invitamos a que las conozcas y te maravilles con sus diferentes paisajes y la energ\u00eda de cada balneario.<\/span><\/p>\n<p>[\/et_pb_text][\/et_pb_column_inner][\/et_pb_row_inner][\/et_pb_column][et_pb_column type=\u00bb1_3&#8243; _builder_version=\u00bb4.16&#8243; custom_padding=\u00bb|||\u00bb global_colors_info=\u00bb{}\u00bb custom_padding__hover=\u00bb|||\u00bb][pac_divi_table_of_contents title=\u00bb\u00cdndice de contenidos\u00bb default_state=\u00bbclosed\u00bb opened_icon=\u00bb&#xe043;||divi||400&#8243; closed_icon=\u00bb&#xe044;||divi||400&#8243; exclude_headings_by_class=\u00bbon\u00bb included_headings=\u00bboff|on|off|off|off|off\u00bb active_link_highlight=\u00bbon\u00bb level_markers_2=\u00bbnone\u00bb title_container_bg_color=\u00bb#f3f3f3&#8243; open_icon_color=\u00bb#333333&#8243; open_icon_size=\u00bb24px\u00bb close_icon_color=\u00bb#333333&#8243; close_icon_size=\u00bb24px\u00bb body_area_scroll_color=\u00bb#333333&#8243; body_area_padding=\u00bb15px|23px|15px|0px|false|false\u00bb body_area_bg_color=\u00bb#f3f3f3&#8243; body_area_text_link_color=\u00bb#333333&#8243; body_area_text_link_underline=\u00bb#5c8cb2&#8243; body_area_text_link_padding=\u00bb0px|0px|20px|0px|false|false\u00bb body_area_text_link_color_active=\u00bb#dddddd\u00bb body_area_text_link_underline_active=\u00bb#dddddd\u00bb body_area_text_link_padding_active=\u00bb0px|0px|20px||false|false\u00bb disabled_on=\u00bbon|on|off\u00bb admin_label=\u00bbTable of Contents &#8211; Mobile (Spanish)\u00bb _builder_version=\u00bb4.27.6&#8243; _module_preset=\u00bbdefault\u00bb title_font_font=\u00bb|600|||||||\u00bb title_text_color=\u00bb#333333&#8243; title_font_size=\u00bb20px\u00bb title_line_height=\u00bb1.3em\u00bb heading_all_font_size=\u00bb20px\u00bb heading_all_active_font=\u00bb|700|||||||\u00bb heading_all_active_font_size=\u00bb18px\u00bb heading_all_active_line_height=\u00bb1.3em\u00bb marker_all_font_size=\u00bb18px\u00bb custom_padding=\u00bb|||\u00bb border_radii_title_container=\u00bbon||||\u00bb border_color_all_body_area_heading_text_active=\u00bb#dddddd\u00bb global_module=\u00bb253475&#8243; saved_tabs=\u00bball\u00bb global_colors_info=\u00bb{}\u00bb body_area_text_link_color__hover_enabled=\u00bbon|desktop\u00bb body_area_text_link_color__hover=\u00bb#5c8cb2&#8243; locked=\u00bboff\u00bb][\/pac_divi_table_of_contents][et_pb_text admin_label=\u00bbMap &#8211; Headline\u00bb _builder_version=\u00bb4.27.4&#8243; _module_preset=\u00bbdefault\u00bb text_font=\u00bb||||||||\u00bb text_line_height=\u00bb1.4em\u00bb text_orientation=\u00bbcenter\u00bb custom_padding=\u00bb||||false|false\u00bb global_colors_info=\u00bb{}\u00bb]<\/p>\n<p>Encontr\u00e1 Mar del Plata y la Costa Atl\u00e1ntica en el mapa<\/p>\n<p>[\/et_pb_text][et_pb_code admin_label=\u00bbMap\u00bb module_class=\u00bbmap-mobile\u00bb _builder_version=\u00bb4.27.2&#8243; _module_preset=\u00bbdefault\u00bb custom_margin=\u00bb-20px||||false|false\u00bb global_colors_info=\u00bb{}\u00bb]<iframe loading=\"lazy\" src=\"https:\/\/www.google.com\/maps\/d\/u\/0\/embed?mid=1G25jIDODjwVN1KaJBsEHhrDpFGVSZgk&#038;ehbc=2E312F&#038;noprof=1\" width=\"100%\" height=\"500\"><\/iframe>[\/et_pb_code][\/et_pb_column][\/et_pb_section][et_pb_section fb_built=\u00bb1&#8243; admin_label=\u00bbsection\u00bb _builder_version=\u00bb4.16&#8243; _module_preset=\u00bbdefault\u00bb background_color=\u00bb#f3f3f3&#8243; custom_margin=\u00bb||-82px||false|false\u00bb global_module=\u00bb253461&#8243; saved_tabs=\u00bball\u00bb global_colors_info=\u00bb{}\u00bb locked=\u00bboff\u00bb][et_pb_row _builder_version=\u00bb4.27.2&#8243; _module_preset=\u00bbdefault\u00bb custom_padding=\u00bb0px||0px||false|false\u00bb locked=\u00bboff\u00bb global_colors_info=\u00bb{}\u00bb][et_pb_column type=\u00bb4_4&#8243; _builder_version=\u00bb4.27.2&#8243; _module_preset=\u00bbdefault\u00bb global_colors_info=\u00bb{}\u00bb][et_pb_text admin_label=\u00bbShare\u00bb _builder_version=\u00bb4.27.6&#8243; _module_preset=\u00bbdefault\u00bb header_2_font_size=\u00bb30px\u00bb header_5_font=\u00bb|700|||||||\u00bb header_5_font_size=\u00bb30px\u00bb header_5_line_height=\u00bb1.3em\u00bb header_2_font_size_tablet=\u00bb28px\u00bb header_2_font_size_phone=\u00bb24px\u00bb header_2_font_size_last_edited=\u00bbon|desktop\u00bb header_5_font_size_tablet=\u00bb28px\u00bb header_5_font_size_phone=\u00bb24px\u00bb header_5_font_size_last_edited=\u00bbon|desktop\u00bb global_colors_info=\u00bb{}\u00bb]<\/p>\n<h2>\u00bfTe gust\u00f3 la gu\u00eda? \u00a1Compartila!<\/h2>\n<div class=\"heateor_sss_sharing_container heateor_sss_horizontal_sharing\" data-heateor-ss-offset=\"0\" data-heateor-sss-href='https:\/\/viewbuenosaires.com\/es\/mar-del-plata-costa-atlantica\/'><div class=\"heateor_sss_sharing_ul\"><a aria-label=\"Facebook\" class=\"heateor_sss_facebook\" href=\"https:\/\/www.facebook.com\/sharer\/sharer.php?u=https%3A%2F%2Fviewbuenosaires.com%2Fes%2Fmar-del-plata-costa-atlantica%2F\" title=\"Facebook\" rel=\"nofollow noopener\" target=\"_blank\" style=\"font-size:32px!important;box-shadow:none;display:inline-block;vertical-align:middle\"><span class=\"heateor_sss_svg\" style=\"background-color:#0765FE;width:33px;height:33px;border-radius:999px;display:inline-block;opacity:1;float:left;font-size:32px;box-shadow:none;display:inline-block;font-size:16px;padding:0 4px;vertical-align:middle;background-repeat:repeat;overflow:hidden;padding:0;cursor:pointer;box-sizing:content-box\"><svg style=\"display:block;border-radius:999px;\" focusable=\"false\" aria-hidden=\"true\" xmlns=\"http:\/\/www.w3.org\/2000\/svg\" width=\"100%\" height=\"100%\" viewBox=\"0 0 32 32\"><path fill=\"#ffffff\" d=\"M28 16c0-6.627-5.373-12-12-12S4 9.373 4 16c0 5.628 3.875 10.35 9.101 11.647v-7.98h-2.474V16H13.1v-1.58c0-4.085 1.849-5.978 5.859-5.978.76 0 2.072.15 2.608.298v3.325c-.283-.03-.775-.045-1.386-.045-1.967 0-2.728.745-2.728 2.683V16h3.92l-.673 3.667h-3.247v8.245C23.395 27.195 28 22.135 28 16Z\"><\/path><\/svg><\/span><\/a><a aria-label=\"X\" class=\"heateor_sss_button_x\" href=\"https:\/\/twitter.com\/intent\/tweet?text=Mar%20de%20Plata%20y%20la%20Costa%20Atl%C3%A1ntica&amp;url=https%3A%2F%2Fviewbuenosaires.com%2Fes%2Fmar-del-plata-costa-atlantica%2F\" title=\"X\" rel=\"nofollow noopener\" target=\"_blank\" style=\"font-size:32px!important;box-shadow:none;display:inline-block;vertical-align:middle\"><span class=\"heateor_sss_svg heateor_sss_s__default heateor_sss_s_x\" style=\"background-color:#2a2a2a;width:33px;height:33px;border-radius:999px;display:inline-block;opacity:1;float:left;font-size:32px;box-shadow:none;display:inline-block;font-size:16px;padding:0 4px;vertical-align:middle;background-repeat:repeat;overflow:hidden;padding:0;cursor:pointer;box-sizing:content-box\"><svg width=\"100%\" height=\"100%\" style=\"display:block;border-radius:999px;\" focusable=\"false\" aria-hidden=\"true\" xmlns=\"http:\/\/www.w3.org\/2000\/svg\" viewBox=\"0 0 32 32\"><path fill=\"#ffffff\" d=\"M21.751 7h3.067l-6.7 7.658L26 25.078h-6.172l-4.833-6.32-5.531 6.32h-3.07l7.167-8.19L6 7h6.328l4.37 5.777L21.75 7Zm-1.076 16.242h1.7L11.404 8.74H9.58l11.094 14.503Z\"><\/path><\/svg><\/span><\/a><a aria-label=\"Pinterest\" class=\"heateor_sss_button_pinterest\" href=\"https:\/\/viewbuenosaires.com\/es\/mar-del-plata-costa-atlantica\/\" onclick=\"event.preventDefault();javascript:void( (function() {var e=document.createElement(&#039;script&#039; );e.setAttribute(&#039;type&#039;,&#039;text\/javascript&#039; );e.setAttribute(&#039;charset&#039;,&#039;UTF-8&#039; );e.setAttribute(&#039;src&#039;,&#039;\/\/assets.pinterest.com\/js\/pinmarklet.js?r=&#039;+Math.random()*99999999);document.body.appendChild(e)})());\" title=\"Pinterest\" rel=\"noopener\" style=\"font-size:32px!important;box-shadow:none;display:inline-block;vertical-align:middle\"><span class=\"heateor_sss_svg heateor_sss_s__default heateor_sss_s_pinterest\" style=\"background-color:#cc2329;width:33px;height:33px;border-radius:999px;display:inline-block;opacity:1;float:left;font-size:32px;box-shadow:none;display:inline-block;font-size:16px;padding:0 4px;vertical-align:middle;background-repeat:repeat;overflow:hidden;padding:0;cursor:pointer;box-sizing:content-box\"><svg style=\"display:block;border-radius:999px;\" focusable=\"false\" aria-hidden=\"true\" xmlns=\"http:\/\/www.w3.org\/2000\/svg\" width=\"100%\" height=\"100%\" viewBox=\"-2 -2 35 35\"><path fill=\"#ffffff\" d=\"M16.539 4.5c-6.277 0-9.442 4.5-9.442 8.253 0 2.272.86 4.293 2.705 5.046.303.125.574.005.662-.33.061-.231.205-.816.27-1.06.088-.331.053-.447-.191-.736-.532-.627-.873-1.439-.873-2.591 0-3.338 2.498-6.327 6.505-6.327 3.548 0 5.497 2.168 5.497 5.062 0 3.81-1.686 7.025-4.188 7.025-1.382 0-2.416-1.142-2.085-2.545.397-1.674 1.166-3.48 1.166-4.689 0-1.081-.581-1.983-1.782-1.983-1.413 0-2.548 1.462-2.548 3.419 0 1.247.421 2.091.421 2.091l-1.699 7.199c-.505 2.137-.076 4.755-.039 5.019.021.158.223.196.314.077.13-.17 1.813-2.247 2.384-4.324.162-.587.929-3.631.929-3.631.46.876 1.801 1.646 3.227 1.646 4.247 0 7.128-3.871 7.128-9.053.003-3.918-3.317-7.568-8.361-7.568z\"\/><\/svg><\/span><\/a><a aria-label=\"Whatsapp\" class=\"heateor_sss_whatsapp\" href=\"https:\/\/api.whatsapp.com\/send?text=Mar%20de%20Plata%20y%20la%20Costa%20Atl%C3%A1ntica%20https%3A%2F%2Fviewbuenosaires.com%2Fes%2Fmar-del-plata-costa-atlantica%2F\" title=\"Whatsapp\" rel=\"nofollow noopener\" target=\"_blank\" style=\"font-size:32px!important;box-shadow:none;display:inline-block;vertical-align:middle\"><span class=\"heateor_sss_svg\" style=\"background-color:#55eb4c;width:33px;height:33px;border-radius:999px;display:inline-block;opacity:1;float:left;font-size:32px;box-shadow:none;display:inline-block;font-size:16px;padding:0 4px;vertical-align:middle;background-repeat:repeat;overflow:hidden;padding:0;cursor:pointer;box-sizing:content-box\"><svg style=\"display:block;border-radius:999px;\" focusable=\"false\" aria-hidden=\"true\" xmlns=\"http:\/\/www.w3.org\/2000\/svg\" width=\"100%\" height=\"100%\" viewBox=\"-6 -5 40 40\"><path class=\"heateor_sss_svg_stroke heateor_sss_no_fill\" stroke=\"#ffffff\" stroke-width=\"2\" fill=\"none\" d=\"M 11.579798566743314 24.396926207859085 A 10 10 0 1 0 6.808479557110079 20.73576436351046\"><\/path><path d=\"M 7 19 l -1 6 l 6 -1\" class=\"heateor_sss_no_fill heateor_sss_svg_stroke\" stroke=\"#ffffff\" stroke-width=\"2\" fill=\"none\"><\/path><path d=\"M 10 10 q -1 8 8 11 c 5 -1 0 -6 -1 -3 q -4 -3 -5 -5 c 4 -2 -1 -5 -1 -4\" fill=\"#ffffff\"><\/path><\/svg><\/span><\/a><a aria-label=\"Email\" class=\"heateor_sss_email\" href=\"https:\/\/viewbuenosaires.com\/es\/mar-del-plata-costa-atlantica\/\" onclick=\"event.preventDefault();window.open(&#039;mailto:?subject=&#039; + decodeURIComponent(&#039;Mar%20de%20Plata%20y%20la%20Costa%20Atl%C3%A1ntica&#039;).replace(&#039;&amp;&#039;, &#039;%26&#039;) + &#039;&amp;body=https%3A%2F%2Fviewbuenosaires.com%2Fes%2Fmar-del-plata-costa-atlantica%2F&#039;, &#039;_blank&#039;)\" title=\"Email\" rel=\"noopener\" style=\"font-size:32px!important;box-shadow:none;display:inline-block;vertical-align:middle\"><span class=\"heateor_sss_svg\" style=\"background-color:#649a3f;width:33px;height:33px;border-radius:999px;display:inline-block;opacity:1;float:left;font-size:32px;box-shadow:none;display:inline-block;font-size:16px;padding:0 4px;vertical-align:middle;background-repeat:repeat;overflow:hidden;padding:0;cursor:pointer;box-sizing:content-box\"><svg style=\"display:block;border-radius:999px;\" focusable=\"false\" aria-hidden=\"true\" xmlns=\"http:\/\/www.w3.org\/2000\/svg\" width=\"100%\" height=\"100%\" viewBox=\"-.75 -.5 36 36\"><path d=\"M 5.5 11 h 23 v 1 l -11 6 l -11 -6 v -1 m 0 2 l 11 6 l 11 -6 v 11 h -22 v -11\" stroke-width=\"1\" fill=\"#ffffff\"><\/path><\/svg><\/span><\/a><\/div><div class=\"heateorSssClear\"><\/div><\/div>\n<p>[\/et_pb_text][et_pb_text admin_label=\u00bbRelated guides &#8211; title\u00bb _builder_version=\u00bb4.27.6&#8243; _module_preset=\u00bbdefault\u00bb header_3_font=\u00bb|700|||||||\u00bb header_3_font_size=\u00bb30px\u00bb header_3_line_height=\u00bb1.3em\u00bb header_5_font=\u00bb|700|||||||\u00bb header_5_font_size=\u00bb30px\u00bb header_5_line_height=\u00bb1.3em\u00bb header_3_font_size_tablet=\u00bb28px\u00bb header_3_font_size_phone=\u00bb24px\u00bb header_3_font_size_last_edited=\u00bbon|phone\u00bb header_5_font_size_tablet=\u00bb28px\u00bb header_5_font_size_phone=\u00bb24px\u00bb header_5_font_size_last_edited=\u00bbon|phone\u00bb global_colors_info=\u00bb{}\u00bb]<\/p>\n<h3>Puede que tambi\u00e9n te interesen estas otras gu\u00edas<\/h3>\n<p>[\/et_pb_text][et_pb_blog fullwidth=\u00bboff\u00bb posts_number=\u00bb4&#8243; include_categories=\u00bbcurrent\u00bb show_author=\u00bboff\u00bb show_date=\u00bboff\u00bb show_categories=\u00bboff\u00bb show_excerpt=\u00bboff\u00bb show_pagination=\u00bboff\u00bb admin_label=\u00bbRelated guides feed\u00bb module_class=\u00bbdt-4-columns-blog pac-dtocm-exclude\u00bb _builder_version=\u00bb4.27.6&#8243; _module_preset=\u00bbdefault\u00bb header_level=\u00bbh4&#8243; header_font=\u00bb|600|||||||\u00bb header_font_size=\u00bb20px\u00bb header_line_height=\u00bb1.3em\u00bb text_orientation=\u00bbcenter\u00bb custom_margin=\u00bb-20px||||false|false\u00bb custom_css_title=\u00bbmargin-top: -10px;||margin-bottom: -10px;\u00bb border_radii=\u00bbon|10px|10px|10px|10px\u00bb border_width_all=\u00bb0px\u00bb global_colors_info=\u00bb{}\u00bb][\/et_pb_blog][\/et_pb_column][\/et_pb_row][\/et_pb_section]<\/p>\n","protected":false},"excerpt":{"rendered":"<p>Esta reconocida ciudad es el principal centro tur\u00edstico de playa del pa\u00eds. Con diferentes opciones para recorrer y actividades recreativas para disfrutar, los balnearios de las Costa Atl\u00e1ntica son los elegidos por excelencia.<strong>Actualizaci\u00f3n: <\/strong>abril 2, 2026<div class=\"heateor_sss_sharing_container heateor_sss_horizontal_sharing\" data-heateor-ss-offset=\"0\" data-heateor-sss-href='https:\/\/viewbuenosaires.com\/es\/mar-del-plata-costa-atlantica\/'><div class=\"heateor_sss_sharing_ul\"><a aria-label=\"Facebook\" class=\"heateor_sss_facebook\" href=\"https:\/\/www.facebook.com\/sharer\/sharer.php?u=https%3A%2F%2Fviewbuenosaires.com%2Fes%2Fmar-del-plata-costa-atlantica%2F\" title=\"Facebook\" rel=\"nofollow noopener\" target=\"_blank\" style=\"font-size:32px!important;box-shadow:none;display:inline-block;vertical-align:middle\"><span class=\"heateor_sss_svg\" style=\"background-color:#0765FE;width:33px;height:33px;border-radius:999px;display:inline-block;opacity:1;float:left;font-size:32px;box-shadow:none;display:inline-block;font-size:16px;padding:0 4px;vertical-align:middle;background-repeat:repeat;overflow:hidden;padding:0;cursor:pointer;box-sizing:content-box\"><svg style=\"display:block;border-radius:999px;\" focusable=\"false\" aria-hidden=\"true\" xmlns=\"http:\/\/www.w3.org\/2000\/svg\" width=\"100%\" height=\"100%\" viewBox=\"0 0 32 32\"><path fill=\"#ffffff\" d=\"M28 16c0-6.627-5.373-12-12-12S4 9.373 4 16c0 5.628 3.875 10.35 9.101 11.647v-7.98h-2.474V16H13.1v-1.58c0-4.085 1.849-5.978 5.859-5.978.76 0 2.072.15 2.608.298v3.325c-.283-.03-.775-.045-1.386-.045-1.967 0-2.728.745-2.728 2.683V16h3.92l-.673 3.667h-3.247v8.245C23.395 27.195 28 22.135 28 16Z\"><\/path><\/svg><\/span><\/a><a aria-label=\"X\" class=\"heateor_sss_button_x\" href=\"https:\/\/twitter.com\/intent\/tweet?text=Mar%20de%20Plata%20y%20la%20Costa%20Atl%C3%A1ntica&url=https%3A%2F%2Fviewbuenosaires.com%2Fes%2Fmar-del-plata-costa-atlantica%2F\" title=\"X\" rel=\"nofollow noopener\" target=\"_blank\" style=\"font-size:32px!important;box-shadow:none;display:inline-block;vertical-align:middle\"><span class=\"heateor_sss_svg heateor_sss_s__default heateor_sss_s_x\" style=\"background-color:#2a2a2a;width:33px;height:33px;border-radius:999px;display:inline-block;opacity:1;float:left;font-size:32px;box-shadow:none;display:inline-block;font-size:16px;padding:0 4px;vertical-align:middle;background-repeat:repeat;overflow:hidden;padding:0;cursor:pointer;box-sizing:content-box\"><svg width=\"100%\" height=\"100%\" style=\"display:block;border-radius:999px;\" focusable=\"false\" aria-hidden=\"true\" xmlns=\"http:\/\/www.w3.org\/2000\/svg\" viewBox=\"0 0 32 32\"><path fill=\"#ffffff\" d=\"M21.751 7h3.067l-6.7 7.658L26 25.078h-6.172l-4.833-6.32-5.531 6.32h-3.07l7.167-8.19L6 7h6.328l4.37 5.777L21.75 7Zm-1.076 16.242h1.7L11.404 8.74H9.58l11.094 14.503Z\"><\/path><\/svg><\/span><\/a><a aria-label=\"Pinterest\" class=\"heateor_sss_button_pinterest\" href=\"https:\/\/viewbuenosaires.com\/es\/mar-del-plata-costa-atlantica\/\" onclick=\"event.preventDefault();javascript:void( (function() {var e=document.createElement('script' );e.setAttribute('type','text\/javascript' );e.setAttribute('charset','UTF-8' );e.setAttribute('src','\/\/assets.pinterest.com\/js\/pinmarklet.js?r='+Math.random()*99999999);document.body.appendChild(e)})());\" title=\"Pinterest\" rel=\"noopener\" style=\"font-size:32px!important;box-shadow:none;display:inline-block;vertical-align:middle\"><span class=\"heateor_sss_svg heateor_sss_s__default heateor_sss_s_pinterest\" style=\"background-color:#cc2329;width:33px;height:33px;border-radius:999px;display:inline-block;opacity:1;float:left;font-size:32px;box-shadow:none;display:inline-block;font-size:16px;padding:0 4px;vertical-align:middle;background-repeat:repeat;overflow:hidden;padding:0;cursor:pointer;box-sizing:content-box\"><svg style=\"display:block;border-radius:999px;\" focusable=\"false\" aria-hidden=\"true\" xmlns=\"http:\/\/www.w3.org\/2000\/svg\" width=\"100%\" height=\"100%\" viewBox=\"-2 -2 35 35\"><path fill=\"#ffffff\" d=\"M16.539 4.5c-6.277 0-9.442 4.5-9.442 8.253 0 2.272.86 4.293 2.705 5.046.303.125.574.005.662-.33.061-.231.205-.816.27-1.06.088-.331.053-.447-.191-.736-.532-.627-.873-1.439-.873-2.591 0-3.338 2.498-6.327 6.505-6.327 3.548 0 5.497 2.168 5.497 5.062 0 3.81-1.686 7.025-4.188 7.025-1.382 0-2.416-1.142-2.085-2.545.397-1.674 1.166-3.48 1.166-4.689 0-1.081-.581-1.983-1.782-1.983-1.413 0-2.548 1.462-2.548 3.419 0 1.247.421 2.091.421 2.091l-1.699 7.199c-.505 2.137-.076 4.755-.039 5.019.021.158.223.196.314.077.13-.17 1.813-2.247 2.384-4.324.162-.587.929-3.631.929-3.631.46.876 1.801 1.646 3.227 1.646 4.247 0 7.128-3.871 7.128-9.053.003-3.918-3.317-7.568-8.361-7.568z\"\/><\/svg><\/span><\/a><a aria-label=\"Whatsapp\" class=\"heateor_sss_whatsapp\" href=\"https:\/\/api.whatsapp.com\/send?text=Mar%20de%20Plata%20y%20la%20Costa%20Atl%C3%A1ntica%20https%3A%2F%2Fviewbuenosaires.com%2Fes%2Fmar-del-plata-costa-atlantica%2F\" title=\"Whatsapp\" rel=\"nofollow noopener\" target=\"_blank\" style=\"font-size:32px!important;box-shadow:none;display:inline-block;vertical-align:middle\"><span class=\"heateor_sss_svg\" style=\"background-color:#55eb4c;width:33px;height:33px;border-radius:999px;display:inline-block;opacity:1;float:left;font-size:32px;box-shadow:none;display:inline-block;font-size:16px;padding:0 4px;vertical-align:middle;background-repeat:repeat;overflow:hidden;padding:0;cursor:pointer;box-sizing:content-box\"><svg style=\"display:block;border-radius:999px;\" focusable=\"false\" aria-hidden=\"true\" xmlns=\"http:\/\/www.w3.org\/2000\/svg\" width=\"100%\" height=\"100%\" viewBox=\"-6 -5 40 40\"><path class=\"heateor_sss_svg_stroke heateor_sss_no_fill\" stroke=\"#ffffff\" stroke-width=\"2\" fill=\"none\" d=\"M 11.579798566743314 24.396926207859085 A 10 10 0 1 0 6.808479557110079 20.73576436351046\"><\/path><path d=\"M 7 19 l -1 6 l 6 -1\" class=\"heateor_sss_no_fill heateor_sss_svg_stroke\" stroke=\"#ffffff\" stroke-width=\"2\" fill=\"none\"><\/path><path d=\"M 10 10 q -1 8 8 11 c 5 -1 0 -6 -1 -3 q -4 -3 -5 -5 c 4 -2 -1 -5 -1 -4\" fill=\"#ffffff\"><\/path><\/svg><\/span><\/a><a aria-label=\"Email\" class=\"heateor_sss_email\" href=\"https:\/\/viewbuenosaires.com\/es\/mar-del-plata-costa-atlantica\/\" onclick=\"event.preventDefault();window.open('mailto:?subject=' + decodeURIComponent('Mar%20de%20Plata%20y%20la%20Costa%20Atl%C3%A1ntica').replace('&', '%26') + '&body=https%3A%2F%2Fviewbuenosaires.com%2Fes%2Fmar-del-plata-costa-atlantica%2F', '_blank')\" title=\"Email\" rel=\"noopener\" style=\"font-size:32px!important;box-shadow:none;display:inline-block;vertical-align:middle\"><span class=\"heateor_sss_svg\" style=\"background-color:#649a3f;width:33px;height:33px;border-radius:999px;display:inline-block;opacity:1;float:left;font-size:32px;box-shadow:none;display:inline-block;font-size:16px;padding:0 4px;vertical-align:middle;background-repeat:repeat;overflow:hidden;padding:0;cursor:pointer;box-sizing:content-box\"><svg style=\"display:block;border-radius:999px;\" focusable=\"false\" aria-hidden=\"true\" xmlns=\"http:\/\/www.w3.org\/2000\/svg\" width=\"100%\" height=\"100%\" viewBox=\"-.75 -.5 36 36\"><path d=\"M 5.5 11 h 23 v 1 l -11 6 l -11 -6 v -1 m 0 2 l 11 6 l 11 -6 v 11 h -22 v -11\" stroke-width=\"1\" fill=\"#ffffff\"><\/path><\/svg><\/span><\/a><\/div><div class=\"heateorSssClear\"><\/div><\/div><div class=\"et_pb_module pac_divi_table_of_contents pac_divi_table_of_contents_0\">\n\t\t\t\t\n\t\t\t\t\n\t\t\t\t\n\t\t\t\t\n\t\t\t\t\n\t\t\t\t\n\t\t\t\t<div class=\"et_pb_module_inner\">\n\t\t\t\t\t\n        <div class=\"pac_dtoc_main_container\"\n        data-allow_collapse_minimize=\"on\"\n        data-allow_collapse_minimize_tablet=\"on\"\n        data-allow_collapse_minimize_phone=\"on\"\n        data-ss=\"2000\"\n        data-sah=\"100\"\n        data-collapse_when_sticky=\"off\"\n        data-collapse_when_sticky_tablet=\"off\"\n        data-collapse_when_sticky_phone=\"off\"\n        data-skh=\"off\"\n        data-mtocai=\"off\"\n        data-mtocai_tablet=\"off\"\n        data-mtocai_phone=\"off\"\n        data-alh=\"\u00bbon\u00bb\"\n        data-ds=\"\u00bbclosed\u00bb\"\n        data-dst=\"\u00bbclosed\u00bb\"\n        data-dsp=\"\u00bbclosed\u00bb\">\n            <div class=\"pac_dtoc_title_area click_on click_tablet_on click_phone_on\">\n                <div role=\"heading\" aria-level=\"2\" id=\"pac_dtocm_title\" class=\"pac_dtoc_title\">\u00bb\u00cdndice<\/div>\n                \n                <div class=\"pac_dtoc_icon_responsive\">\n                    <div class=\"pac_dtoc_opened_icon\"><\/div>\n                    <div class=\"pac_dtoc_closed_icon\"><\/div>\n                <\/div>\n                \n            <\/div>\n            <div role=\"navigation\" aria-labelledby=\"pac_dtocm_title\" class=\"pac_dtoc_body_area inside\">\n                \n                <div class='divi_table_of_contents' role=\"tree\" ><\/div>\n            <\/div>\n        <\/div>\n        \n\t\t\t\t<\/div>\n\t\t\t<\/div><\/p>\n","protected":false},"author":2,"featured_media":253895,"comment_status":"open","ping_status":"open","sticky":false,"template":"","format":"standard","meta":{"_et_pb_use_builder":"on","_et_pb_old_content":"","_et_gb_content_width":"","_lmt_disableupdate":"no","_lmt_disable":"","footnotes":""},"categories":[38],"tags":[],"class_list":["post-253914","post","type-post","status-publish","format-standard","has-post-thumbnail","hentry","category-aire-libre"],"modified_by":"Nadia","_links":{"self":[{"href":"https:\/\/viewbuenosaires.com\/es\/wp-json\/wp\/v2\/posts\/253914","targetHints":{"allow":["GET"]}}],"collection":[{"href":"https:\/\/viewbuenosaires.com\/es\/wp-json\/wp\/v2\/posts"}],"about":[{"href":"https:\/\/viewbuenosaires.com\/es\/wp-json\/wp\/v2\/types\/post"}],"author":[{"embeddable":true,"href":"https:\/\/viewbuenosaires.com\/es\/wp-json\/wp\/v2\/users\/2"}],"replies":[{"embeddable":true,"href":"https:\/\/viewbuenosaires.com\/es\/wp-json\/wp\/v2\/comments?post=253914"}],"version-history":[{"count":2,"href":"https:\/\/viewbuenosaires.com\/es\/wp-json\/wp\/v2\/posts\/253914\/revisions"}],"predecessor-version":[{"id":260243,"href":"https:\/\/viewbuenosaires.com\/es\/wp-json\/wp\/v2\/posts\/253914\/revisions\/260243"}],"wp:featuredmedia":[{"embeddable":true,"href":"https:\/\/viewbuenosaires.com\/es\/wp-json\/wp\/v2\/media\/253895"}],"wp:attachment":[{"href":"https:\/\/viewbuenosaires.com\/es\/wp-json\/wp\/v2\/media?parent=253914"}],"wp:term":[{"taxonomy":"category","embeddable":true,"href":"https:\/\/viewbuenosaires.com\/es\/wp-json\/wp\/v2\/categories?post=253914"},{"taxonomy":"post_tag","embeddable":true,"href":"https:\/\/viewbuenosaires.com\/es\/wp-json\/wp\/v2\/tags?post=253914"}],"curies":[{"name":"wp","href":"https:\/\/api.w.org\/{rel}","templated":true}]}}