{"id":253721,"date":"2024-11-18T16:26:07","date_gmt":"2024-11-18T19:26:07","guid":{"rendered":"https:\/\/viewbuenosaires.com\/la-boca-neighbourhood\/"},"modified":"2026-04-30T06:18:11","modified_gmt":"2026-04-30T09:18:11","slug":"el-barrio-de-la-boca","status":"publish","type":"post","link":"https:\/\/viewbuenosaires.com\/es\/el-barrio-de-la-boca\/","title":{"rendered":"El barrio de la Boca"},"content":{"rendered":"<p>[et_pb_section fb_built=\u00bb1&#8243; fullwidth=\u00bbon\u00bb _builder_version=\u00bb4.22.2&#8243; _module_preset=\u00bbdefault\u00bb global_colors_info=\u00bb{}\u00bb][et_pb_fullwidth_header title=\u00bbEl barrio de La Boca\u00bb subhead=\u00bbLA GU\u00cdA DE LOS LUGARES Y ACTIVIDADES IMPERDIBLES DE ESTE BARRIO\u00bb text_orientation=\u00bbcenter\u00bb header_fullscreen=\u00bbon\u00bb header_scroll_down=\u00bbon\u00bb scroll_down_icon=\u00bb%%7%%\u00bb scroll_down_icon_size=\u00bb54px\u00bb admin_label=\u00bbQu\u00e9 ver en el barrio de La Boca\u00bb _builder_version=\u00bb4.27.4&#8243; _dynamic_attributes=\u00bbcontent\u00bb _module_preset=\u00bbdefault\u00bb title_font=\u00bb&#8211;et_global_heading_font|700|||||||\u00bb title_font_size=\u00bb80px\u00bb title_line_height=\u00bb1.3em\u00bb subhead_font=\u00bb|600|||||||\u00bb subhead_font_size=\u00bb32px\u00bb subhead_line_height=\u00bb1.3em\u00bb content_link_font=\u00bb||||||||\u00bb content_link_text_align=\u00bbcenter\u00bb content_link_text_color=\u00bb#FFFFFF\u00bb content_link_line_height=\u00bb1.3em\u00bb background_enable_color=\u00bboff\u00bb background_image=\u00bbhttps:\/\/viewbuenosaires.com\/wp-content\/uploads\/2024\/11\/caminito-laboca-new-4.jpg\u00bb title_font_size_tablet=\u00bb72px\u00bb title_font_size_phone=\u00bb42px\u00bb title_font_size_last_edited=\u00bbon|phone\u00bb subhead_font_size_tablet=\u00bb28px\u00bb subhead_font_size_phone=\u00bb24px\u00bb subhead_font_size_last_edited=\u00bbon|phone\u00bb background_last_edited=\u00bbon|phone\u00bb background_image_phone=\u00bbhttps:\/\/viewbuenosaires.com\/wp-content\/uploads\/2024\/11\/caminito-mobile-new.jpg\u00bb background_enable_image_phone=\u00bbon\u00bb custom_css_content=\u00bbbackground-color: #000;||padding: 8px 15px 8px 15px;||border-radius: 3px;||display: inline-block;\u00bb custom_css_subtitle=\u00bbmargin-bottom: 40px;\u00bb global_colors_info=\u00bb{}\u00bb custom_css_content__hover_enabled=\u00bbon|hover\u00bb custom_css_content__hover=\u00bbbackground-color: #5c8cb2;\u00bb]@ET-DC@eyJkeW5hbWljIjp0cnVlLCJjb250ZW50IjoicG9zdF9jYXRlZ29yaWVzIiwic2V0dGluZ3MiOnsiYmVmb3JlIjoiIiwiYWZ0ZXIiOiIiLCJsaW5rX3RvX3Rlcm1fcGFnZSI6Im9uIiwic2VwYXJhdG9yIjoiIHwgIiwiY2F0ZWdvcnlfdHlwZSI6ImNhdGVnb3J5In19@[\/et_pb_fullwidth_header][\/et_pb_section][et_pb_section fb_built=\u00bb1&#8243; _builder_version=\u00bb4.22.2&#8243; _module_preset=\u00bbdefault\u00bb custom_padding=\u00bb0px||0px||false|false\u00bb saved_tabs=\u00bball\u00bb global_colors_info=\u00bb{}\u00bb][et_pb_row _builder_version=\u00bb4.22.2&#8243; _module_preset=\u00bbdefault\u00bb custom_padding=\u00bb||0px||false|false\u00bb global_colors_info=\u00bb{}\u00bb][et_pb_column type=\u00bb4_4&#8243; _builder_version=\u00bb4.22.2&#8243; _module_preset=\u00bbdefault\u00bb global_colors_info=\u00bb{}\u00bb][et_pb_dmb_breadcrumbs home_icon=\u00bb&#xe074;||divi||400&#8243; use_home_text=\u00bbon\u00bb _builder_version=\u00bb4.22.2&#8243; _module_preset=\u00bbdefault\u00bb body_font=\u00bb|800||on|||||\u00bb body_text_color=\u00bb#999999&#8243; body_font_size=\u00bb14px\u00bb body_letter_spacing=\u00bb1px\u00bb body_line_height=\u00bb1.7em\u00bb separator_text_color=\u00bb#bbbbbb\u00bb separator_line_height=\u00bb1.7em\u00bb link_font=\u00bb|800||on|||||\u00bb link_text_color=\u00bb#bbbbbb\u00bb link_font_size=\u00bb14px\u00bb link_letter_spacing=\u00bb1px\u00bb link_line_height=\u00bb1.7em\u00bb linkhover_font=\u00bb|800||on|||||\u00bb linkhover_text_color=\u00bb#5c8cb2&#8243; linkhover_font_size=\u00bb14px\u00bb linkhover_letter_spacing=\u00bb1px\u00bb linkhover_line_height=\u00bb1.5em\u00bb global_colors_info=\u00bb{}\u00bb][\/et_pb_dmb_breadcrumbs][\/et_pb_column][\/et_pb_row][\/et_pb_section][et_pb_section fb_built=\u00bb1&#8243; specialty=\u00bbon\u00bb custom_padding_last_edited=\u00bboff|desktop\u00bb module_class_2=\u00bbsticky\u00bb _builder_version=\u00bb4.27.2&#8243; _module_preset=\u00bbdefault\u00bb custom_padding=\u00bb0px||||false|true\u00bb custom_padding_tablet=\u00bb|0px||0px|false|true\u00bb global_colors_info=\u00bb{}\u00bb][et_pb_column type=\u00bb2_3&#8243; specialty_columns=\u00bb2&#8243; _builder_version=\u00bb4.16&#8243; custom_padding=\u00bb|||\u00bb global_colors_info=\u00bb{}\u00bb custom_padding__hover=\u00bb|||\u00bb][et_pb_row_inner _builder_version=\u00bb4.22.2&#8243; _module_preset=\u00bbdefault\u00bb global_colors_info=\u00bb{}\u00bb][et_pb_column_inner saved_specialty_column_type=\u00bb2_3&#8243; _builder_version=\u00bb4.22.2&#8243; _module_preset=\u00bbdefault\u00bb global_colors_info=\u00bb{}\u00bb][et_pb_text admin_label=\u00bbIntro\u00bb _builder_version=\u00bb4.27.4&#8243; _module_preset=\u00bbdefault\u00bb text_font=\u00bb|600|||||||\u00bb text_font_size=\u00bb24px\u00bb text_line_height=\u00bb1.3em\u00bb link_font=\u00bb|800||on|||||\u00bb link_text_color=\u00bb#EDF000&#8243; custom_padding=\u00bb||0px|||\u00bb global_colors_info=\u00bb{}\u00bb]<\/p>\n<p><strong>Tango, f\u00fatbol y viviendas coloridas son las se\u00f1as distintivas del barrio de La Boca, el emblem\u00e1tico vecindario en la Ciudad de Buenos Aires ubicado en la zona sur de la ciudad, cerca de la antigua zona portuaria.<\/strong><\/p>\n<p>[\/et_pb_text][\/et_pb_column_inner][\/et_pb_row_inner][et_pb_row_inner column_structure=\u00bb1_2,1_2&#8243; _builder_version=\u00bb4.22.2&#8243; _module_preset=\u00bbdefault\u00bb custom_padding=\u00bb0px||||false|false\u00bb saved_tabs=\u00bball\u00bb global_colors_info=\u00bb{}\u00bb][et_pb_column_inner type=\u00bb1_2&#8243; _builder_version=\u00bb4.22.2&#8243; _module_preset=\u00bbdefault\u00bb global_colors_info=\u00bb{}\u00bb][et_pb_text admin_label=\u00bbLast updated\u00bb _builder_version=\u00bb4.27.2&#8243; _module_preset=\u00bbdefault\u00bb text_font=\u00bb|||on|||||\u00bb text_text_color=\u00bb#5c8cb2&#8243; global_colors_info=\u00bb{}\u00bb]<\/p>\n<strong>Actualizaci\u00f3n: <\/strong>abril 30, 2026\n<p>[\/et_pb_text][\/et_pb_column_inner][et_pb_column_inner type=\u00bb1_2&#8243; _builder_version=\u00bb4.22.2&#8243; _module_preset=\u00bbdefault\u00bb global_colors_info=\u00bb{}\u00bb][et_pb_text admin_label=\u00bbSocial sharing\u00bb _builder_version=\u00bb4.22.2&#8243; _module_preset=\u00bbdefault\u00bb custom_margin=\u00bb-10px||||false|false\u00bb custom_padding=\u00bb||||false|false\u00bb global_colors_info=\u00bb{}\u00bb]<div class=\"heateor_sss_sharing_container heateor_sss_horizontal_sharing\" data-heateor-ss-offset=\"0\" data-heateor-sss-href='https:\/\/viewbuenosaires.com\/es\/el-barrio-de-la-boca\/'><div class=\"heateor_sss_sharing_ul\"><a aria-label=\"Facebook\" class=\"heateor_sss_facebook\" href=\"https:\/\/www.facebook.com\/sharer\/sharer.php?u=https%3A%2F%2Fviewbuenosaires.com%2Fes%2Fel-barrio-de-la-boca%2F\" title=\"Facebook\" rel=\"nofollow noopener\" target=\"_blank\" style=\"font-size:32px!important;box-shadow:none;display:inline-block;vertical-align:middle\"><span class=\"heateor_sss_svg\" style=\"background-color:#0765FE;width:33px;height:33px;border-radius:999px;display:inline-block;opacity:1;float:left;font-size:32px;box-shadow:none;display:inline-block;font-size:16px;padding:0 4px;vertical-align:middle;background-repeat:repeat;overflow:hidden;padding:0;cursor:pointer;box-sizing:content-box\"><svg style=\"display:block;border-radius:999px;\" focusable=\"false\" aria-hidden=\"true\" xmlns=\"http:\/\/www.w3.org\/2000\/svg\" width=\"100%\" height=\"100%\" viewBox=\"0 0 32 32\"><path fill=\"#ffffff\" d=\"M28 16c0-6.627-5.373-12-12-12S4 9.373 4 16c0 5.628 3.875 10.35 9.101 11.647v-7.98h-2.474V16H13.1v-1.58c0-4.085 1.849-5.978 5.859-5.978.76 0 2.072.15 2.608.298v3.325c-.283-.03-.775-.045-1.386-.045-1.967 0-2.728.745-2.728 2.683V16h3.92l-.673 3.667h-3.247v8.245C23.395 27.195 28 22.135 28 16Z\"><\/path><\/svg><\/span><\/a><a aria-label=\"X\" class=\"heateor_sss_button_x\" href=\"https:\/\/twitter.com\/intent\/tweet?text=El%20barrio%20de%20la%20Boca&amp;url=https%3A%2F%2Fviewbuenosaires.com%2Fes%2Fel-barrio-de-la-boca%2F\" title=\"X\" rel=\"nofollow noopener\" target=\"_blank\" style=\"font-size:32px!important;box-shadow:none;display:inline-block;vertical-align:middle\"><span class=\"heateor_sss_svg heateor_sss_s__default heateor_sss_s_x\" style=\"background-color:#2a2a2a;width:33px;height:33px;border-radius:999px;display:inline-block;opacity:1;float:left;font-size:32px;box-shadow:none;display:inline-block;font-size:16px;padding:0 4px;vertical-align:middle;background-repeat:repeat;overflow:hidden;padding:0;cursor:pointer;box-sizing:content-box\"><svg width=\"100%\" height=\"100%\" style=\"display:block;border-radius:999px;\" focusable=\"false\" aria-hidden=\"true\" xmlns=\"http:\/\/www.w3.org\/2000\/svg\" viewBox=\"0 0 32 32\"><path fill=\"#ffffff\" d=\"M21.751 7h3.067l-6.7 7.658L26 25.078h-6.172l-4.833-6.32-5.531 6.32h-3.07l7.167-8.19L6 7h6.328l4.37 5.777L21.75 7Zm-1.076 16.242h1.7L11.404 8.74H9.58l11.094 14.503Z\"><\/path><\/svg><\/span><\/a><a aria-label=\"Pinterest\" class=\"heateor_sss_button_pinterest\" href=\"https:\/\/viewbuenosaires.com\/es\/el-barrio-de-la-boca\/\" onclick=\"event.preventDefault();javascript:void( (function() {var e=document.createElement(&#039;script&#039; );e.setAttribute(&#039;type&#039;,&#039;text\/javascript&#039; );e.setAttribute(&#039;charset&#039;,&#039;UTF-8&#039; );e.setAttribute(&#039;src&#039;,&#039;\/\/assets.pinterest.com\/js\/pinmarklet.js?r=&#039;+Math.random()*99999999);document.body.appendChild(e)})());\" title=\"Pinterest\" rel=\"noopener\" style=\"font-size:32px!important;box-shadow:none;display:inline-block;vertical-align:middle\"><span class=\"heateor_sss_svg heateor_sss_s__default heateor_sss_s_pinterest\" style=\"background-color:#cc2329;width:33px;height:33px;border-radius:999px;display:inline-block;opacity:1;float:left;font-size:32px;box-shadow:none;display:inline-block;font-size:16px;padding:0 4px;vertical-align:middle;background-repeat:repeat;overflow:hidden;padding:0;cursor:pointer;box-sizing:content-box\"><svg style=\"display:block;border-radius:999px;\" focusable=\"false\" aria-hidden=\"true\" xmlns=\"http:\/\/www.w3.org\/2000\/svg\" width=\"100%\" height=\"100%\" viewBox=\"-2 -2 35 35\"><path fill=\"#ffffff\" d=\"M16.539 4.5c-6.277 0-9.442 4.5-9.442 8.253 0 2.272.86 4.293 2.705 5.046.303.125.574.005.662-.33.061-.231.205-.816.27-1.06.088-.331.053-.447-.191-.736-.532-.627-.873-1.439-.873-2.591 0-3.338 2.498-6.327 6.505-6.327 3.548 0 5.497 2.168 5.497 5.062 0 3.81-1.686 7.025-4.188 7.025-1.382 0-2.416-1.142-2.085-2.545.397-1.674 1.166-3.48 1.166-4.689 0-1.081-.581-1.983-1.782-1.983-1.413 0-2.548 1.462-2.548 3.419 0 1.247.421 2.091.421 2.091l-1.699 7.199c-.505 2.137-.076 4.755-.039 5.019.021.158.223.196.314.077.13-.17 1.813-2.247 2.384-4.324.162-.587.929-3.631.929-3.631.46.876 1.801 1.646 3.227 1.646 4.247 0 7.128-3.871 7.128-9.053.003-3.918-3.317-7.568-8.361-7.568z\"\/><\/svg><\/span><\/a><a aria-label=\"Whatsapp\" class=\"heateor_sss_whatsapp\" href=\"https:\/\/api.whatsapp.com\/send?text=El%20barrio%20de%20la%20Boca%20https%3A%2F%2Fviewbuenosaires.com%2Fes%2Fel-barrio-de-la-boca%2F\" title=\"Whatsapp\" rel=\"nofollow noopener\" target=\"_blank\" style=\"font-size:32px!important;box-shadow:none;display:inline-block;vertical-align:middle\"><span class=\"heateor_sss_svg\" style=\"background-color:#55eb4c;width:33px;height:33px;border-radius:999px;display:inline-block;opacity:1;float:left;font-size:32px;box-shadow:none;display:inline-block;font-size:16px;padding:0 4px;vertical-align:middle;background-repeat:repeat;overflow:hidden;padding:0;cursor:pointer;box-sizing:content-box\"><svg style=\"display:block;border-radius:999px;\" focusable=\"false\" aria-hidden=\"true\" xmlns=\"http:\/\/www.w3.org\/2000\/svg\" width=\"100%\" height=\"100%\" viewBox=\"-6 -5 40 40\"><path class=\"heateor_sss_svg_stroke heateor_sss_no_fill\" stroke=\"#ffffff\" stroke-width=\"2\" fill=\"none\" d=\"M 11.579798566743314 24.396926207859085 A 10 10 0 1 0 6.808479557110079 20.73576436351046\"><\/path><path d=\"M 7 19 l -1 6 l 6 -1\" class=\"heateor_sss_no_fill heateor_sss_svg_stroke\" stroke=\"#ffffff\" stroke-width=\"2\" fill=\"none\"><\/path><path d=\"M 10 10 q -1 8 8 11 c 5 -1 0 -6 -1 -3 q -4 -3 -5 -5 c 4 -2 -1 -5 -1 -4\" fill=\"#ffffff\"><\/path><\/svg><\/span><\/a><a aria-label=\"Email\" class=\"heateor_sss_email\" href=\"https:\/\/viewbuenosaires.com\/es\/el-barrio-de-la-boca\/\" onclick=\"event.preventDefault();window.open(&#039;mailto:?subject=&#039; + decodeURIComponent(&#039;El%20barrio%20de%20la%20Boca&#039;).replace(&#039;&amp;&#039;, &#039;%26&#039;) + &#039;&amp;body=https%3A%2F%2Fviewbuenosaires.com%2Fes%2Fel-barrio-de-la-boca%2F&#039;, &#039;_blank&#039;)\" title=\"Email\" rel=\"noopener\" style=\"font-size:32px!important;box-shadow:none;display:inline-block;vertical-align:middle\"><span class=\"heateor_sss_svg\" style=\"background-color:#649a3f;width:33px;height:33px;border-radius:999px;display:inline-block;opacity:1;float:left;font-size:32px;box-shadow:none;display:inline-block;font-size:16px;padding:0 4px;vertical-align:middle;background-repeat:repeat;overflow:hidden;padding:0;cursor:pointer;box-sizing:content-box\"><svg style=\"display:block;border-radius:999px;\" focusable=\"false\" aria-hidden=\"true\" xmlns=\"http:\/\/www.w3.org\/2000\/svg\" width=\"100%\" height=\"100%\" viewBox=\"-.75 -.5 36 36\"><path d=\"M 5.5 11 h 23 v 1 l -11 6 l -11 -6 v -1 m 0 2 l 11 6 l 11 -6 v 11 h -22 v -11\" stroke-width=\"1\" fill=\"#ffffff\"><\/path><\/svg><\/span><\/a><\/div><div class=\"heateorSssClear\"><\/div><\/div>[\/et_pb_text][\/et_pb_column_inner][\/et_pb_row_inner][et_pb_row_inner _builder_version=\u00bb4.22.2&#8243; _module_preset=\u00bbdefault\u00bb custom_padding=\u00bb0px||||false|false\u00bb global_colors_info=\u00bb{}\u00bb][et_pb_column_inner saved_specialty_column_type=\u00bb2_3&#8243; _builder_version=\u00bb4.22.2&#8243; _module_preset=\u00bbdefault\u00bb global_colors_info=\u00bb{}\u00bb][pac_divi_table_of_contents title=\u00bb\u00cdndice de contenidos\u00bb default_state=\u00bbclosed\u00bb opened_icon=\u00bb&#xe043;||divi||400&#8243; closed_icon=\u00bb&#xe044;||divi||400&#8243; exclude_headings_by_class=\u00bbon\u00bb included_headings=\u00bboff|on|off|off|off|off\u00bb active_link_highlight=\u00bbon\u00bb level_markers_2=\u00bbnone\u00bb title_container_bg_color=\u00bb#f3f3f3&#8243; open_icon_color=\u00bb#333333&#8243; open_icon_size=\u00bb24px\u00bb close_icon_color=\u00bb#333333&#8243; close_icon_size=\u00bb24px\u00bb body_area_scroll_color=\u00bb#333333&#8243; body_area_padding=\u00bb15px|23px|15px|0px|false|false\u00bb body_area_bg_color=\u00bb#f3f3f3&#8243; body_area_text_link_color=\u00bb#333333&#8243; body_area_text_link_underline=\u00bb#5c8cb2&#8243; body_area_text_link_padding=\u00bb0px|0px|20px|0px|false|false\u00bb body_area_text_link_color_active=\u00bb#dddddd\u00bb body_area_text_link_underline_active=\u00bb#dddddd\u00bb body_area_text_link_padding_active=\u00bb0px|0px|20px|0px|false|false\u00bb disabled_on=\u00bboff|off|on\u00bb admin_label=\u00bbTable of Contents &#8211; Desktop (Spanish)\u00bb _builder_version=\u00bb4.27.6&#8243; _module_preset=\u00bbdefault\u00bb title_font_font=\u00bb|600|||||||\u00bb title_text_color=\u00bb#333333&#8243; title_font_size=\u00bb20px\u00bb title_line_height=\u00bb1.3em\u00bb heading_all_font_size=\u00bb20px\u00bb heading_all_active_font=\u00bb|700|||||||\u00bb heading_all_active_font_size=\u00bb18px\u00bb heading_all_active_line_height=\u00bb1.3em\u00bb marker_all_font_size=\u00bb18px\u00bb custom_padding=\u00bb|||\u00bb border_radii_title_container=\u00bbon||||\u00bb border_color_all_body_area_heading_text_active=\u00bb#dddddd\u00bb global_module=\u00bb253476&#8243; saved_tabs=\u00bball\u00bb global_colors_info=\u00bb{}\u00bb body_area_text_link_color__hover_enabled=\u00bbon|desktop\u00bb body_area_text_link_color__hover=\u00bb#5c8cb2&#8243;][\/pac_divi_table_of_contents][et_pb_text admin_label=\u00bbGeneral text\u00bb module_class=\u00bbcontent pac-dtocm-exclude\u00bb _builder_version=\u00bb4.27.4&#8243; _module_preset=\u00bbdefault\u00bb header_2_font_size_tablet=\u00bb30px\u00bb header_2_font_size_phone=\u00bb26px\u00bb header_2_font_size_last_edited=\u00bbon|phone\u00bb global_colors_info=\u00bb{}\u00bb]<\/p>\n<p><span style=\"font-weight: 400;\">Vinculado hist\u00f3ricamente con la ciudad italiana de G\u00e9nova, el <\/span><span style=\"font-weight: 400;\">asentamiento en el barrio de La Boca comenz\u00f3 alrededor de 1880 ,cuando un grupo<\/span><span style=\"font-weight: 400;\"> de genoveses firm\u00f3 un documento en el cual establecieron la creaci\u00f3n de la llamada Rep\u00fablica de Boca.<\/span><\/p>\n<p><span style=\"font-weight: 400;\">El distrito a\u00fan conserva el encanto y la pasi\u00f3n por la cultura italiana y el acento genov\u00e9s est\u00e1 todav\u00eda presente en las calles de La Boca. Pero es una mezcla<\/span><span style=\"font-weight: 400;\"> de dialectos utilizados por los inmigrantes que convirtieron a esta famosa zona en parte fundamental de la creaci\u00f3n del atractivo idioma Lunfardo.<\/span><\/p>\n<p>[\/et_pb_text][et_pb_image src=\u00bbhttps:\/\/viewbuenosaires.com\/wp-content\/uploads\/2024\/11\/la-boca-caminito.jpg\u00bb alt=\u00bbCaminito en el barrio de La Boca\u00bb title_text=\u00bbla-boca-caminito\u00bb align=\u00bbcenter\u00bb _builder_version=\u00bb4.27.4&#8243; _module_preset=\u00bbdefault\u00bb global_colors_info=\u00bb{}\u00bb][\/et_pb_image][et_pb_text admin_label=\u00bbImage caption\u00bb _builder_version=\u00bb4.27.4&#8243; _module_preset=\u00bbdefault\u00bb text_font=\u00bb||on||||||\u00bb text_font_size=\u00bb16px\u00bb text_line_height=\u00bb1.4em\u00bb text_orientation=\u00bbcenter\u00bb custom_margin=\u00bb-15px||||false|false\u00bb global_colors_info=\u00bb{}\u00bb]<\/p>\n<p><i><span style=\"font-weight: 400;\">Caminito, la calle m\u00e1s colorida del barrio de La Boca- Foto:\u00a0 <\/span><\/i><i><span style=\"font-weight: 400;\">shutterstock.com<\/span><\/i><\/p>\n<p>[\/et_pb_text][et_pb_text admin_label=\u00bbLos colores vibrantes\u00bb module_class=\u00bbcontent pac-dtocm-exclude\u00bb _builder_version=\u00bb4.27.4&#8243; _module_preset=\u00bbdefault\u00bb header_2_font_size_tablet=\u00bb30px\u00bb header_2_font_size_phone=\u00bb26px\u00bb header_2_font_size_last_edited=\u00bbon|phone\u00bb global_colors_info=\u00bb{}\u00bb]<\/p>\n<p><span style=\"font-weight: 400;\">Los colores vibrantes, originalmente provenientes de restos de pintura utilizados por la Marina, empleados para alegrar las fachadas, paredes y techos de chapa,son el signo distintivo que hacen de esta zona un lugar \u00fanico.\u00a0<\/span><\/p>\n<p><span style=\"font-weight: 400;\">En sus calles han nacido infinidad de artistas, por lo que\u00a0 la Boca es un aut\u00e9ntico y pujante museo al aire libre. Benito Quinquela Mart\u00edn, quien pas\u00f3 la mayor parte de su infancia en el barrio, es el artista m\u00e1s importante y gran benefactor de la zona.<\/span><\/p>\n<p><span style=\"font-weight: 400;\">\u00a0En los a\u00f1os 50 fue \u00e9l mismo quien lider\u00f3 el renacimiento de Caminito, la calle m\u00e1s popular del distrito.<\/span><\/p>\n<p><span style=\"font-weight: 400;\">\u00bfCu\u00e1l es el origen del nombre La Boca ? Se dice que proviene de Boccadasse, un vecindario en G\u00e9nova. Sin embargo, tambi\u00e9n podr\u00eda derivar de su ubicaci\u00f3n en &#8216;La Boca&#8217; (la desembocadura) del Riachuelo, como suele llamarse al r\u00edo Matanza.<\/span><\/p>\n<p><span style=\"font-weight: 400;\">Hay mucho m\u00e1s sobre esta pintoresca zona, uno de los sitios m\u00e1s ic\u00f3nicos de Sudam\u00e9rica.<\/span><\/p>\n<p><span style=\"font-weight: 400;\">\u00a1Sorpr\u00e9ndete con la belleza de Buenos Aires, explora como un local! Nuestra gu\u00eda te ayudar\u00e1 a aprovechar al m\u00e1ximo tu visita.<\/span><\/p>\n<p>[\/et_pb_text][et_pb_text admin_label=\u00bbQue ver y hacer\u00bb module_class=\u00bbcontent pac-dtocm-exclude\u00bb _builder_version=\u00bb4.27.4&#8243; _module_preset=\u00bbdefault\u00bb header_2_font_size_tablet=\u00bb30px\u00bb header_2_font_size_phone=\u00bb26px\u00bb header_2_font_size_last_edited=\u00bbon|phone\u00bb global_colors_info=\u00bb{}\u00bb]<\/p>\n<h2 style=\"text-align: left;\"><strong>Qu\u00e9 ver y hacer en el barrio de La Boca<\/strong><\/h2>\n<hr \/>\n<p>&nbsp;<\/p>\n<p>[\/et_pb_text][\/et_pb_column_inner][\/et_pb_row_inner][et_pb_row_inner _builder_version=\u00bb4.22.2&#8243; _module_preset=\u00bbdefault\u00bb custom_margin=\u00bb20px||||false|false\u00bb locked=\u00bboff\u00bb global_colors_info=\u00bb{}\u00bb][et_pb_column_inner saved_specialty_column_type=\u00bb2_3&#8243; _builder_version=\u00bb4.22.2&#8243; _module_preset=\u00bbdefault\u00bb global_colors_info=\u00bb{}\u00bb][et_pb_dp_dmb_module_a582e994 guide_item_icon=\u00bbhttps:\/\/viewbuenosaires.com\/wp-content\/uploads\/2024\/10\/icon-street.svg\u00bb guide_item_name=\u00bbCaminito\u00bb admin_label=\u00bbCaminito\u00bb _builder_version=\u00bb4.27.4&#8243; _module_preset=\u00bbdefault\u00bb guide_item_name_font=\u00bb|700|||||||\u00bb guide_item_name_font_size=\u00bb36px\u00bb guide_item_name_line_height=\u00bb1em\u00bb text_orientation=\u00bbcenter\u00bb guide_item_name_font_size_tablet=\u00bb32px\u00bb guide_item_name_font_size_phone=\u00bb28px\u00bb guide_item_name_font_size_last_edited=\u00bbon|phone\u00bb global_colors_info=\u00bb{}\u00bb][\/et_pb_dp_dmb_module_a582e994][et_pb_text admin_label=\u00bbText\u00bb module_class=\u00bbcontent\u00bb _builder_version=\u00bb4.27.4&#8243; _module_preset=\u00bbdefault\u00bb global_colors_info=\u00bb{}\u00bb]<\/p>\n<p><span style=\"font-weight: 400;\">Caminito es una de las postales m\u00e1s ic\u00f3nicas de Buenos Aires y una visita obligada para quienes desean conocer el alma bohemia y art\u00edstica de la ciudad. Este pasaje empedrado de 150 metros, ubicado en el coraz\u00f3n del barrio de La Boca, es un museo a cielo abierto que transporta a los visitantes al pasado, cuando los inmigrantes europeos llegaban a la ciudad en busca de un nuevo hogar.<\/span><\/p>\n<p><span style=\"font-weight: 400;\">La calle se distingue por sus viviendas coloridas, conocidas como \u00abconventillos\u00bb, que fueron habitadas por inmigrantes genoveses y hoy albergan tiendas de arte, galer\u00edas y restaurantes con encanto.\u00a0<\/span><\/p>\n<p><span style=\"font-weight: 400;\">En sus calles adoquinadas, el tango cobra vida con espect\u00e1culos en vivo protagonizados por talentosos bailarines y m\u00fasicos.<\/span><\/p>\n<p><span style=\"font-weight: 400;\">Adem\u00e1s de disfrutar de la m\u00fasica y el baile, en Caminito puedes encontrar una gran variedad de tiendas y ferias donde adquirir artesan\u00edas, pinturas y souvenirs \u00fanicos. Algunas de las obras de arte m\u00e1s representativas que adornan el barrio incluyen \u201cHerrero Boquense\u201d, \u201cEsperando la Barca\u201d y \u201cLa Familia\u201d, piezas que reflejan la identidad y la historia de La Boca.<\/span><\/p>\n<p><span style=\"font-weight: 400;\">Si buscas el mejor punto fotogr\u00e1fico de Buenos Aires, Caminito es el lugar ideal para capturar im\u00e1genes llenas de color y tradici\u00f3n.<\/span><\/p>\n<p>[\/et_pb_text][\/et_pb_column_inner][\/et_pb_row_inner][et_pb_row_inner column_structure=\u00bb1_2,1_2&#8243; _builder_version=\u00bb4.22.2&#8243; _module_preset=\u00bbdefault\u00bb custom_margin=\u00bb-30px||||false|false\u00bb locked=\u00bboff\u00bb global_colors_info=\u00bb{}\u00bb][et_pb_column_inner type=\u00bb1_2&#8243; saved_specialty_column_type=\u00bb2_3&#8243; _builder_version=\u00bb4.22.2&#8243; _module_preset=\u00bbdefault\u00bb global_colors_info=\u00bb{}\u00bb][et_pb_blurb use_icon=\u00bbon\u00bb font_icon=\u00bb&#xe081;||divi||400&#8243; icon_color=\u00bb#5c8cb2&#8243; icon_placement=\u00bbleft\u00bb image_icon_width=\u00bb28px\u00bb content_max_width=\u00bb100%\u00bb admin_label=\u00bbStreet Address\u00bb _builder_version=\u00bb4.27.4&#8243; _module_preset=\u00bbdefault\u00bb width_last_edited=\u00bboff|desktop\u00bb animation=\u00bboff\u00bb global_colors_info=\u00bb{}\u00bb custom_css_main_element_last_edited=\u00bboff|phone\u00bb width__hover_enabled=\u00bboff|desktop\u00bb]<\/p>\n<p><span style=\"font-weight: 400;\">Valle Iberlucea del Dr. y Magallanes<\/span><\/p>\n<p>[\/et_pb_blurb][\/et_pb_column_inner][et_pb_column_inner type=\u00bb1_2&#8243; saved_specialty_column_type=\u00bb2_3&#8243; _builder_version=\u00bb4.22.2&#8243; _module_preset=\u00bbdefault\u00bb global_colors_info=\u00bb{}\u00bb][et_pb_blurb use_icon=\u00bbon\u00bb font_icon=\u00bb&#xe074;||divi||400&#8243; icon_color=\u00bb#5c8cb2&#8243; icon_placement=\u00bbleft\u00bb image_icon_width=\u00bb28px\u00bb content_max_width=\u00bb100%\u00bb admin_label=\u00bbWebsite\u00bb _builder_version=\u00bb4.27.4&#8243; _module_preset=\u00bbdefault\u00bb body_link_text_color=\u00bb#333333&#8243; width_last_edited=\u00bboff|desktop\u00bb custom_margin_last_edited=\u00bboff|desktop\u00bb custom_padding_tablet=\u00bb||||false|false\u00bb custom_padding_last_edited=\u00bboff|desktop\u00bb animation=\u00bboff\u00bb global_colors_info=\u00bb{}\u00bb custom_css_main_element_last_edited=\u00bboff|phone\u00bb]<\/p>\n<p><a href=\"https:\/\/turismo.buenosaires.gob.ar\/es\/otros-establecimientos\/calle-museo-caminito\" rel=\"nofollow noopener\" target=\"_blank\"><span style=\"font-weight: 400;\">turismo.buenosaires.gob.ar<\/span><\/a><\/p>\n<p>[\/et_pb_blurb][\/et_pb_column_inner][\/et_pb_row_inner][et_pb_row_inner _builder_version=\u00bb4.22.2&#8243; _module_preset=\u00bbdefault\u00bb custom_padding=\u00bb0px||||false|false\u00bb global_colors_info=\u00bb{}\u00bb][et_pb_column_inner saved_specialty_column_type=\u00bb2_3&#8243; _builder_version=\u00bb4.22.2&#8243; _module_preset=\u00bbdefault\u00bb global_colors_info=\u00bb{}\u00bb][et_pb_image src=\u00bbhttps:\/\/viewbuenosaires.com\/wp-content\/uploads\/2024\/11\/caminito-laboca.jpg\u00bb alt=\u00bbCaminito y sus colores vibrantes\u00bb title_text=\u00bbcaminito-laboca\u00bb align=\u00bbcenter\u00bb _builder_version=\u00bb4.27.4&#8243; _module_preset=\u00bbdefault\u00bb global_colors_info=\u00bb{}\u00bb][\/et_pb_image][et_pb_text admin_label=\u00bbImage caption\u00bb _builder_version=\u00bb4.27.4&#8243; _module_preset=\u00bbdefault\u00bb text_font=\u00bb||on||||||\u00bb text_font_size=\u00bb16px\u00bb text_line_height=\u00bb1.4em\u00bb text_orientation=\u00bbcenter\u00bb custom_margin=\u00bb-15px||||false|false\u00bb global_colors_info=\u00bb{}\u00bb]<\/p>\n<p><i><span style=\"font-weight: 400;\">Caminito y sus calles vibrantes y coloridas. <\/span><\/i><i><span style=\"font-weight: 400;\">Foto: <\/span><\/i><i><span style=\"font-weight: 400;\">shutterstock.com<\/span><\/i><\/p>\n<p>[\/et_pb_text][\/et_pb_column_inner][\/et_pb_row_inner][et_pb_row_inner _builder_version=\u00bb4.22.2&#8243; _module_preset=\u00bbdefault\u00bb custom_margin=\u00bb20px||||false|false\u00bb locked=\u00bboff\u00bb global_colors_info=\u00bb{}\u00bb][et_pb_column_inner saved_specialty_column_type=\u00bb2_3&#8243; _builder_version=\u00bb4.22.2&#8243; _module_preset=\u00bbdefault\u00bb global_colors_info=\u00bb{}\u00bb][et_pb_dp_dmb_module_a582e994 guide_item_icon=\u00bbhttps:\/\/viewbuenosaires.com\/wp-content\/uploads\/2024\/10\/icon-street.svg\u00bb guide_item_name=\u00bbLa Bombonera\u00bb admin_label=\u00bbLa Bombonera\u00bb _builder_version=\u00bb4.27.4&#8243; _module_preset=\u00bbdefault\u00bb guide_item_name_font=\u00bb|700|||||||\u00bb guide_item_name_font_size=\u00bb36px\u00bb guide_item_name_line_height=\u00bb1em\u00bb text_orientation=\u00bbcenter\u00bb guide_item_name_font_size_tablet=\u00bb32px\u00bb guide_item_name_font_size_phone=\u00bb28px\u00bb guide_item_name_font_size_last_edited=\u00bbon|phone\u00bb global_colors_info=\u00bb{}\u00bb][\/et_pb_dp_dmb_module_a582e994][et_pb_text admin_label=\u00bbText\u00bb module_class=\u00bbcontent\u00bb _builder_version=\u00bb4.27.4&#8243; _module_preset=\u00bbdefault\u00bb global_colors_info=\u00bb{}\u00bb]<\/p>\n<p><span style=\"font-weight: 400;\">Para los amantes del f\u00fatbol y para quienes desean sumergirse en la cultura argentina, el Estadio Alberto J. Armando, conocido popularmente como \u00abLa Bombonera\u00bb, es una visita imperdible en el barrio de La Boca. Este legendario estadio es el hogar del Club Atl\u00e9tico Boca Juniors, uno de los equipos m\u00e1s importantes de Argentina y el club que catapult\u00f3 a la fama al \u00eddolo mundial Diego Maradona.<\/span><\/p>\n<p><span style=\"font-weight: 400;\">La Bombonera se distingue por su estructura \u00fanica, dise\u00f1ada para mantener una ac\u00fastica impresionante que amplifica el aliento de los hinchas y crea una de las atm\u00f3sferas m\u00e1s vibrantes del f\u00fatbol mundial. Sus tribunas, pintadas de azul y amarillo, los colores caracter\u00edsticos del equipo, dominan el paisaje y reflejan la intensa pasi\u00f3n futbolera que define a los argentinos.<\/span><\/p>\n<p><span style=\"font-weight: 400;\">Adem\u00e1s de asistir a un partido, los visitantes pueden realizar recorridos guiados por el estadio y conocer los vestuarios, el campo de juego y los sectores m\u00e1s exclusivos. Tambi\u00e9n es posible visitar el Museo de la Pasi\u00f3n Boquense, donde se exhiben trofeos, camisetas hist\u00f3ricas y recuerdos de los grandes \u00eddolos del club.<\/span><\/p>\n<p><span style=\"font-weight: 400;\">Si quieres vivir la verdadera esencia del f\u00fatbol argentino, sentir la energ\u00eda de los hinchas y conocer la historia de uno de los equipos m\u00e1s emblem\u00e1ticos del mundo, La Bombonera es una parada obligada en tu viaje a Buenos Aires.<\/span><\/p>\n<p>[\/et_pb_text][\/et_pb_column_inner][\/et_pb_row_inner][et_pb_row_inner column_structure=\u00bb1_2,1_2&#8243; _builder_version=\u00bb4.22.2&#8243; _module_preset=\u00bbdefault\u00bb custom_margin=\u00bb-30px||||false|false\u00bb locked=\u00bboff\u00bb global_colors_info=\u00bb{}\u00bb][et_pb_column_inner type=\u00bb1_2&#8243; saved_specialty_column_type=\u00bb2_3&#8243; _builder_version=\u00bb4.22.2&#8243; _module_preset=\u00bbdefault\u00bb global_colors_info=\u00bb{}\u00bb][et_pb_blurb use_icon=\u00bbon\u00bb font_icon=\u00bb&#xe081;||divi||400&#8243; icon_color=\u00bb#5c8cb2&#8243; icon_placement=\u00bbleft\u00bb image_icon_width=\u00bb28px\u00bb content_max_width=\u00bb100%\u00bb admin_label=\u00bbStreet Address\u00bb _builder_version=\u00bb4.27.4&#8243; _module_preset=\u00bbdefault\u00bb width_last_edited=\u00bboff|desktop\u00bb animation=\u00bboff\u00bb global_colors_info=\u00bb{}\u00bb custom_css_main_element_last_edited=\u00bboff|phone\u00bb width__hover_enabled=\u00bboff|desktop\u00bb]<\/p>\n<p><span style=\"font-weight: 400;\">Brandsen 805, La Boca, Buenos Aires<\/span><\/p>\n<p>[\/et_pb_blurb][\/et_pb_column_inner][et_pb_column_inner type=\u00bb1_2&#8243; saved_specialty_column_type=\u00bb2_3&#8243; _builder_version=\u00bb4.22.2&#8243; _module_preset=\u00bbdefault\u00bb global_colors_info=\u00bb{}\u00bb][et_pb_blurb use_icon=\u00bbon\u00bb font_icon=\u00bb&#xe074;||divi||400&#8243; icon_color=\u00bb#5c8cb2&#8243; icon_placement=\u00bbleft\u00bb image_icon_width=\u00bb28px\u00bb content_max_width=\u00bb100%\u00bb admin_label=\u00bbWebsite\u00bb _builder_version=\u00bb4.27.4&#8243; _module_preset=\u00bbdefault\u00bb body_link_text_color=\u00bb#333333&#8243; width_last_edited=\u00bboff|desktop\u00bb custom_margin_last_edited=\u00bboff|desktop\u00bb custom_padding_tablet=\u00bb||||false|false\u00bb custom_padding_last_edited=\u00bboff|desktop\u00bb animation=\u00bboff\u00bb global_colors_info=\u00bb{}\u00bb custom_css_main_element_last_edited=\u00bboff|phone\u00bb]<\/p>\n<p><a href=\"https:\/\/www.bocajuniors.com.ar\" rel=\"nofollow noopener\" target=\"_blank\"><span style=\"font-weight: 400;\">bocajuniors.com.ar<\/span><\/a><\/p>\n<p>[\/et_pb_blurb][\/et_pb_column_inner][\/et_pb_row_inner][et_pb_row_inner _builder_version=\u00bb4.22.2&#8243; _module_preset=\u00bbdefault\u00bb custom_margin=\u00bb20px||||false|false\u00bb locked=\u00bboff\u00bb global_colors_info=\u00bb{}\u00bb][et_pb_column_inner saved_specialty_column_type=\u00bb2_3&#8243; _builder_version=\u00bb4.22.2&#8243; _module_preset=\u00bbdefault\u00bb global_colors_info=\u00bb{}\u00bb][et_pb_text admin_label=\u00bbMuseos y exposiciones en La Boca\u00bb module_class=\u00bbcontent pac-dtocm-exclude\u00bb _builder_version=\u00bb4.27.4&#8243; _module_preset=\u00bbdefault\u00bb header_2_font_size_tablet=\u00bb30px\u00bb header_2_font_size_phone=\u00bb26px\u00bb header_2_font_size_last_edited=\u00bbon|phone\u00bb global_colors_info=\u00bb{}\u00bb]<\/p>\n<h2 style=\"text-align: left;\"><strong>Museos y exposiciones en el barrio de La Boca<\/strong><\/h2>\n<hr \/>\n<p><span style=\"font-weight: 400;\">La Boca es un barrio vibrante con una rica oferta cultural. Sus museos y espacios art\u00edsticos reflejan la historia, el arte y la identidad porte\u00f1a. Aqu\u00ed te recomendamos algunos de los m\u00e1s destacados:<\/span><\/p>\n<p>[\/et_pb_text][et_pb_dp_dmb_module_a582e994 guide_item_icon=\u00bbhttps:\/\/viewbuenosaires.com\/wp-content\/uploads\/2024\/10\/icon-street.svg\u00bb guide_item_name=\u00bbFundaci\u00f3n Proa\u00bb admin_label=\u00bbFundaci\u00f3n Proa\u00bb _builder_version=\u00bb4.27.4&#8243; _module_preset=\u00bbdefault\u00bb guide_item_name_font=\u00bb|700|||||||\u00bb guide_item_name_font_size=\u00bb36px\u00bb guide_item_name_line_height=\u00bb1em\u00bb text_orientation=\u00bbcenter\u00bb guide_item_name_font_size_tablet=\u00bb32px\u00bb guide_item_name_font_size_phone=\u00bb28px\u00bb guide_item_name_font_size_last_edited=\u00bbon|phone\u00bb global_colors_info=\u00bb{}\u00bb][\/et_pb_dp_dmb_module_a582e994][et_pb_text admin_label=\u00bbText\u00bb module_class=\u00bbcontent\u00bb _builder_version=\u00bb4.27.4&#8243; _module_preset=\u00bbdefault\u00bb global_colors_info=\u00bb{}\u00bb]<\/p>\n<p><span style=\"font-weight: 400;\">Ubicada a orillas del Riachuelo, la Fundaci\u00f3n Proa es un centro de arte moderno y contempor\u00e1neo reconocido por sus exposiciones internacionales. Adem\u00e1s de sus salas de exhibici\u00f3n, cuenta con una terraza con vista al r\u00edo y un caf\u00e9 ideal para relajarse despu\u00e9s de la visita.<\/span><\/p>\n<p>[\/et_pb_text][\/et_pb_column_inner][\/et_pb_row_inner][et_pb_row_inner column_structure=\u00bb1_2,1_2&#8243; _builder_version=\u00bb4.22.2&#8243; _module_preset=\u00bbdefault\u00bb custom_margin=\u00bb-30px||||false|false\u00bb locked=\u00bboff\u00bb global_colors_info=\u00bb{}\u00bb][et_pb_column_inner type=\u00bb1_2&#8243; saved_specialty_column_type=\u00bb2_3&#8243; _builder_version=\u00bb4.22.2&#8243; _module_preset=\u00bbdefault\u00bb global_colors_info=\u00bb{}\u00bb][et_pb_blurb use_icon=\u00bbon\u00bb font_icon=\u00bb&#xe081;||divi||400&#8243; icon_color=\u00bb#5c8cb2&#8243; icon_placement=\u00bbleft\u00bb image_icon_width=\u00bb28px\u00bb content_max_width=\u00bb100%\u00bb admin_label=\u00bbStreet Address\u00bb _builder_version=\u00bb4.27.4&#8243; _module_preset=\u00bbdefault\u00bb width_last_edited=\u00bboff|desktop\u00bb animation=\u00bboff\u00bb global_colors_info=\u00bb{}\u00bb custom_css_main_element_last_edited=\u00bboff|phone\u00bb width__hover_enabled=\u00bboff|desktop\u00bb]<\/p>\n<p><span style=\"font-weight: 400;\">Av. Don Pedro de Mendoza 1929, La Boca, Buenos Aires<\/span><\/p>\n<p>[\/et_pb_blurb][\/et_pb_column_inner][et_pb_column_inner type=\u00bb1_2&#8243; saved_specialty_column_type=\u00bb2_3&#8243; _builder_version=\u00bb4.22.2&#8243; _module_preset=\u00bbdefault\u00bb global_colors_info=\u00bb{}\u00bb][et_pb_blurb use_icon=\u00bbon\u00bb font_icon=\u00bb&#xe074;||divi||400&#8243; icon_color=\u00bb#5c8cb2&#8243; icon_placement=\u00bbleft\u00bb image_icon_width=\u00bb28px\u00bb content_max_width=\u00bb100%\u00bb admin_label=\u00bbWebsite\u00bb _builder_version=\u00bb4.27.4&#8243; _module_preset=\u00bbdefault\u00bb body_link_text_color=\u00bb#333333&#8243; width_last_edited=\u00bboff|desktop\u00bb custom_margin_last_edited=\u00bboff|desktop\u00bb custom_padding_tablet=\u00bb||||false|false\u00bb custom_padding_last_edited=\u00bboff|desktop\u00bb animation=\u00bboff\u00bb global_colors_info=\u00bb{}\u00bb custom_css_main_element_last_edited=\u00bboff|phone\u00bb]<\/p>\n<p><a href=\"http:\/\/www.proa.org\" rel=\"nofollow noopener\" target=\"_blank\"><span style=\"font-weight: 400;\">proa.org<\/span><\/a><\/p>\n<p>[\/et_pb_blurb][\/et_pb_column_inner][\/et_pb_row_inner][et_pb_row_inner _builder_version=\u00bb4.22.2&#8243; _module_preset=\u00bbdefault\u00bb custom_margin=\u00bb20px||||false|false\u00bb locked=\u00bboff\u00bb global_colors_info=\u00bb{}\u00bb][et_pb_column_inner saved_specialty_column_type=\u00bb2_3&#8243; _builder_version=\u00bb4.22.2&#8243; _module_preset=\u00bbdefault\u00bb global_colors_info=\u00bb{}\u00bb][et_pb_dp_dmb_module_a582e994 guide_item_icon=\u00bbhttps:\/\/viewbuenosaires.com\/wp-content\/uploads\/2024\/10\/icon-street.svg\u00bb guide_item_name=\u00bbMuseo Benito Quinquela Mart\u00edn\u00bb admin_label=\u00bbMuseo Benito Quinquela Mart\u00edn\u00bb _builder_version=\u00bb4.27.4&#8243; _module_preset=\u00bbdefault\u00bb guide_item_name_font=\u00bb|700|||||||\u00bb guide_item_name_font_size=\u00bb36px\u00bb guide_item_name_line_height=\u00bb1em\u00bb text_orientation=\u00bbcenter\u00bb guide_item_name_font_size_tablet=\u00bb32px\u00bb guide_item_name_font_size_phone=\u00bb28px\u00bb guide_item_name_font_size_last_edited=\u00bbon|phone\u00bb global_colors_info=\u00bb{}\u00bb][\/et_pb_dp_dmb_module_a582e994][et_pb_text admin_label=\u00bbText\u00bb module_class=\u00bbcontent\u00bb _builder_version=\u00bb4.27.4&#8243; _module_preset=\u00bbdefault\u00bb global_colors_info=\u00bb{}\u00bb]<\/p>\n<p><span style=\"font-weight: 400;\">Dedicado al c\u00e9lebre pintor que inmortaliz\u00f3 La Boca en sus obras, el Museo Benito Quinquela Mart\u00edn alberga una impresionante colecci\u00f3n de arte argentino, incluyendo piezas del propio Quinquela. Adem\u00e1s, exhibe mobiliario y objetos personales del artista, permitiendo conocer su legado y su impacto en la comunidad.<\/span><\/p>\n<p>[\/et_pb_text][\/et_pb_column_inner][\/et_pb_row_inner][et_pb_row_inner column_structure=\u00bb1_2,1_2&#8243; _builder_version=\u00bb4.22.2&#8243; _module_preset=\u00bbdefault\u00bb custom_margin=\u00bb-30px||||false|false\u00bb locked=\u00bboff\u00bb global_colors_info=\u00bb{}\u00bb][et_pb_column_inner type=\u00bb1_2&#8243; saved_specialty_column_type=\u00bb2_3&#8243; _builder_version=\u00bb4.22.2&#8243; _module_preset=\u00bbdefault\u00bb global_colors_info=\u00bb{}\u00bb][et_pb_blurb use_icon=\u00bbon\u00bb font_icon=\u00bb&#xe081;||divi||400&#8243; icon_color=\u00bb#5c8cb2&#8243; icon_placement=\u00bbleft\u00bb image_icon_width=\u00bb28px\u00bb content_max_width=\u00bb100%\u00bb admin_label=\u00bbStreet Address\u00bb _builder_version=\u00bb4.27.4&#8243; _module_preset=\u00bbdefault\u00bb width_last_edited=\u00bboff|desktop\u00bb animation=\u00bboff\u00bb global_colors_info=\u00bb{}\u00bb custom_css_main_element_last_edited=\u00bboff|phone\u00bb width__hover_enabled=\u00bboff|desktop\u00bb]<\/p>\n<p><span style=\"font-weight: 400;\">Av. Don Pedro de Mendoza 1835, La Boca, Buenos Aires<\/span><\/p>\n<p>[\/et_pb_blurb][\/et_pb_column_inner][et_pb_column_inner type=\u00bb1_2&#8243; saved_specialty_column_type=\u00bb2_3&#8243; _builder_version=\u00bb4.22.2&#8243; _module_preset=\u00bbdefault\u00bb global_colors_info=\u00bb{}\u00bb][et_pb_blurb use_icon=\u00bbon\u00bb font_icon=\u00bb&#xe074;||divi||400&#8243; icon_color=\u00bb#5c8cb2&#8243; icon_placement=\u00bbleft\u00bb image_icon_width=\u00bb28px\u00bb content_max_width=\u00bb100%\u00bb admin_label=\u00bbWebsite\u00bb _builder_version=\u00bb4.27.4&#8243; _module_preset=\u00bbdefault\u00bb body_link_text_color=\u00bb#333333&#8243; width_last_edited=\u00bboff|desktop\u00bb custom_margin_last_edited=\u00bboff|desktop\u00bb custom_padding_tablet=\u00bb||||false|false\u00bb custom_padding_last_edited=\u00bboff|desktop\u00bb animation=\u00bboff\u00bb global_colors_info=\u00bb{}\u00bb custom_css_main_element_last_edited=\u00bboff|phone\u00bb]<\/p>\n<p><a href=\"https:\/\/museoquinquelamartin.buenosaires.gob.ar\/\" rel=\"nofollow noopener\" target=\"_blank\"><span style=\"font-weight: 400;\">museoquinquelamartin.buenosaires.gob.ar<\/span><\/a><\/p>\n<p>[\/et_pb_blurb][\/et_pb_column_inner][\/et_pb_row_inner][et_pb_row_inner _builder_version=\u00bb4.22.2&#8243; _module_preset=\u00bbdefault\u00bb custom_margin=\u00bb20px||||false|false\u00bb locked=\u00bboff\u00bb global_colors_info=\u00bb{}\u00bb][et_pb_column_inner saved_specialty_column_type=\u00bb2_3&#8243; _builder_version=\u00bb4.22.2&#8243; _module_preset=\u00bbdefault\u00bb global_colors_info=\u00bb{}\u00bb][et_pb_dp_dmb_module_a582e994 guide_item_icon=\u00bbhttps:\/\/viewbuenosaires.com\/wp-content\/uploads\/2024\/10\/icon-street.svg\u00bb guide_item_name=\u00bbMARCO \u2013 Museo de Arte Contempor\u00e1neo de La Boca\u00bb admin_label=\u00bbMARCO \u2013 Museo de Arte Contempor\u00e1neo de La Boca\u00bb _builder_version=\u00bb4.27.4&#8243; _module_preset=\u00bbdefault\u00bb guide_item_name_font=\u00bb|700|||||||\u00bb guide_item_name_font_size=\u00bb36px\u00bb guide_item_name_line_height=\u00bb1em\u00bb text_orientation=\u00bbcenter\u00bb guide_item_name_font_size_tablet=\u00bb32px\u00bb guide_item_name_font_size_phone=\u00bb28px\u00bb guide_item_name_font_size_last_edited=\u00bbon|phone\u00bb global_colors_info=\u00bb{}\u00bb][\/et_pb_dp_dmb_module_a582e994][et_pb_text admin_label=\u00bbText\u00bb module_class=\u00bbcontent\u00bb _builder_version=\u00bb4.27.4&#8243; _module_preset=\u00bbdefault\u00bb global_colors_info=\u00bb{}\u00bb]<\/p>\n<p><span style=\"font-weight: 400;\">Situado en un edificio hist\u00f3rico de 1913, el MARCO es un espacio dedicado al arte contempor\u00e1neo en todas sus formas. Con dos plantas de exposiciones, una librer\u00eda especializada y una acogedora cafeter\u00eda, es una parada imperdible para los amantes del arte moderno.<\/span><\/p>\n<p>[\/et_pb_text][\/et_pb_column_inner][\/et_pb_row_inner][et_pb_row_inner column_structure=\u00bb1_2,1_2&#8243; _builder_version=\u00bb4.22.2&#8243; _module_preset=\u00bbdefault\u00bb custom_margin=\u00bb-30px||||false|false\u00bb locked=\u00bboff\u00bb global_colors_info=\u00bb{}\u00bb][et_pb_column_inner type=\u00bb1_2&#8243; saved_specialty_column_type=\u00bb2_3&#8243; _builder_version=\u00bb4.22.2&#8243; _module_preset=\u00bbdefault\u00bb global_colors_info=\u00bb{}\u00bb][et_pb_blurb use_icon=\u00bbon\u00bb font_icon=\u00bb&#xe081;||divi||400&#8243; icon_color=\u00bb#5c8cb2&#8243; icon_placement=\u00bbleft\u00bb image_icon_width=\u00bb28px\u00bb content_max_width=\u00bb100%\u00bb admin_label=\u00bbStreet Address\u00bb _builder_version=\u00bb4.27.4&#8243; _module_preset=\u00bbdefault\u00bb width_last_edited=\u00bboff|desktop\u00bb animation=\u00bboff\u00bb global_colors_info=\u00bb{}\u00bb custom_css_main_element_last_edited=\u00bboff|phone\u00bb width__hover_enabled=\u00bboff|desktop\u00bb]<\/p>\n<p><span style=\"font-weight: 400;\">Av. Almirante Brown 1031, La Boca, Buenos Aires<\/span><\/p>\n<p>[\/et_pb_blurb][\/et_pb_column_inner][et_pb_column_inner type=\u00bb1_2&#8243; saved_specialty_column_type=\u00bb2_3&#8243; _builder_version=\u00bb4.22.2&#8243; _module_preset=\u00bbdefault\u00bb global_colors_info=\u00bb{}\u00bb][et_pb_blurb use_icon=\u00bbon\u00bb font_icon=\u00bb&#xe074;||divi||400&#8243; icon_color=\u00bb#5c8cb2&#8243; icon_placement=\u00bbleft\u00bb image_icon_width=\u00bb28px\u00bb content_max_width=\u00bb100%\u00bb admin_label=\u00bbWebsite\u00bb _builder_version=\u00bb4.27.4&#8243; _module_preset=\u00bbdefault\u00bb body_link_text_color=\u00bb#333333&#8243; width_last_edited=\u00bboff|desktop\u00bb custom_margin_last_edited=\u00bboff|desktop\u00bb custom_padding_tablet=\u00bb||||false|false\u00bb custom_padding_last_edited=\u00bboff|desktop\u00bb animation=\u00bboff\u00bb global_colors_info=\u00bb{}\u00bb custom_css_main_element_last_edited=\u00bboff|phone\u00bb]<\/p>\n<p><a href=\"http:\/\/www.marcoarteboca.com\" rel=\"nofollow noopener\" target=\"_blank\"><span style=\"font-weight: 400;\">marcoarteboca.com<\/span><\/a><\/p>\n<p>[\/et_pb_blurb][\/et_pb_column_inner][\/et_pb_row_inner][et_pb_row_inner _builder_version=\u00bb4.22.2&#8243; _module_preset=\u00bbdefault\u00bb custom_margin=\u00bb20px||||false|false\u00bb locked=\u00bboff\u00bb global_colors_info=\u00bb{}\u00bb][et_pb_column_inner saved_specialty_column_type=\u00bb2_3&#8243; _builder_version=\u00bb4.22.2&#8243; _module_preset=\u00bbdefault\u00bb global_colors_info=\u00bb{}\u00bb][et_pb_dp_dmb_module_a582e994 guide_item_icon=\u00bbhttps:\/\/viewbuenosaires.com\/wp-content\/uploads\/2024\/10\/icon-street.svg\u00bb guide_item_name=\u00bbUsina del Arte\u00bb admin_label=\u00bbUsina del arte\u00bb _builder_version=\u00bb4.27.4&#8243; _module_preset=\u00bbdefault\u00bb guide_item_name_font=\u00bb|700|||||||\u00bb guide_item_name_font_size=\u00bb36px\u00bb guide_item_name_line_height=\u00bb1em\u00bb text_orientation=\u00bbcenter\u00bb guide_item_name_font_size_tablet=\u00bb32px\u00bb guide_item_name_font_size_phone=\u00bb28px\u00bb guide_item_name_font_size_last_edited=\u00bbon|phone\u00bb global_colors_info=\u00bb{}\u00bb][\/et_pb_dp_dmb_module_a582e994][et_pb_text admin_label=\u00bbText\u00bb module_class=\u00bbcontent\u00bb _builder_version=\u00bb4.27.4&#8243; _module_preset=\u00bbdefault\u00bb global_colors_info=\u00bb{}\u00bb]<\/p>\n<p><span style=\"font-weight: 400;\">Uno de los grandes centros culturales de Am\u00e9rica Latina, la Usina del Arte es un imponente espacio ubicado en una antigua central el\u00e9ctrica restaurada. Aqu\u00ed se realizan espect\u00e1culos de danza, teatro y conciertos de m\u00fasica cl\u00e1sica y contempor\u00e1nea. Es tambi\u00e9n la sede de la prestigiosa Competencia Mundial de Tango y destaca por su incre\u00edble techo de cristal, que realza la belleza del lugar.<\/span><\/p>\n<p>[\/et_pb_text][\/et_pb_column_inner][\/et_pb_row_inner][et_pb_row_inner column_structure=\u00bb1_2,1_2&#8243; _builder_version=\u00bb4.22.2&#8243; _module_preset=\u00bbdefault\u00bb custom_margin=\u00bb-30px||||false|false\u00bb locked=\u00bboff\u00bb global_colors_info=\u00bb{}\u00bb][et_pb_column_inner type=\u00bb1_2&#8243; saved_specialty_column_type=\u00bb2_3&#8243; _builder_version=\u00bb4.22.2&#8243; _module_preset=\u00bbdefault\u00bb global_colors_info=\u00bb{}\u00bb][et_pb_blurb use_icon=\u00bbon\u00bb font_icon=\u00bb&#xe081;||divi||400&#8243; icon_color=\u00bb#5c8cb2&#8243; icon_placement=\u00bbleft\u00bb image_icon_width=\u00bb28px\u00bb content_max_width=\u00bb100%\u00bb admin_label=\u00bbStreet Address\u00bb _builder_version=\u00bb4.27.4&#8243; _module_preset=\u00bbdefault\u00bb width_last_edited=\u00bboff|desktop\u00bb animation=\u00bboff\u00bb global_colors_info=\u00bb{}\u00bb custom_css_main_element_last_edited=\u00bboff|phone\u00bb width__hover_enabled=\u00bboff|desktop\u00bb]<\/p>\n<p><span style=\"font-weight: 400;\">Agust\u00edn Caffarena 1, La Boca, Buenos Aires<\/span><\/p>\n<p>[\/et_pb_blurb][\/et_pb_column_inner][et_pb_column_inner type=\u00bb1_2&#8243; saved_specialty_column_type=\u00bb2_3&#8243; _builder_version=\u00bb4.22.2&#8243; _module_preset=\u00bbdefault\u00bb global_colors_info=\u00bb{}\u00bb][et_pb_blurb use_icon=\u00bbon\u00bb font_icon=\u00bb&#xe074;||divi||400&#8243; icon_color=\u00bb#5c8cb2&#8243; icon_placement=\u00bbleft\u00bb image_icon_width=\u00bb28px\u00bb content_max_width=\u00bb100%\u00bb admin_label=\u00bbWebsite\u00bb _builder_version=\u00bb4.27.4&#8243; _module_preset=\u00bbdefault\u00bb body_link_text_color=\u00bb#333333&#8243; width_last_edited=\u00bboff|desktop\u00bb custom_margin_last_edited=\u00bboff|desktop\u00bb custom_padding_tablet=\u00bb||||false|false\u00bb custom_padding_last_edited=\u00bboff|desktop\u00bb animation=\u00bboff\u00bb global_colors_info=\u00bb{}\u00bb custom_css_main_element_last_edited=\u00bboff|phone\u00bb]<\/p>\n<p><a href=\"https:\/\/usinadelarte.buenosaires.gob.ar\/\" rel=\"nofollow noopener\" target=\"_blank\"><span style=\"font-weight: 400;\">usinadelarte.buenosaires.gob.ar<\/span><\/a><\/p>\n<p>[\/et_pb_blurb][\/et_pb_column_inner][\/et_pb_row_inner][et_pb_row_inner _builder_version=\u00bb4.22.2&#8243; _module_preset=\u00bbdefault\u00bb custom_margin=\u00bb20px||||false|false\u00bb locked=\u00bboff\u00bb global_colors_info=\u00bb{}\u00bb][et_pb_column_inner saved_specialty_column_type=\u00bb2_3&#8243; _builder_version=\u00bb4.22.2&#8243; _module_preset=\u00bbdefault\u00bb global_colors_info=\u00bb{}\u00bb][et_pb_dp_dmb_module_a582e994 guide_item_icon=\u00bbhttps:\/\/viewbuenosaires.com\/wp-content\/uploads\/2024\/10\/icon-street.svg\u00bb guide_item_name=\u00bbPaseo por la Vuelta de Rocha\u00bb admin_label=\u00bbPaseo por la Vuelta de Rocha\u00bb _builder_version=\u00bb4.27.4&#8243; _module_preset=\u00bbdefault\u00bb guide_item_name_font=\u00bb|700|||||||\u00bb guide_item_name_font_size=\u00bb36px\u00bb guide_item_name_line_height=\u00bb1em\u00bb text_orientation=\u00bbcenter\u00bb guide_item_name_font_size_tablet=\u00bb32px\u00bb guide_item_name_font_size_phone=\u00bb28px\u00bb guide_item_name_font_size_last_edited=\u00bbon|phone\u00bb global_colors_info=\u00bb{}\u00bb][\/et_pb_dp_dmb_module_a582e994][et_pb_text admin_label=\u00bbText\u00bb module_class=\u00bbcontent\u00bb _builder_version=\u00bb4.27.4&#8243; _module_preset=\u00bbdefault\u00bb global_colors_info=\u00bb{}\u00bb]<\/p>\n<p><span style=\"font-weight: 400;\">Para disfrutar de una caminata con historia, el Paseo de la Vuelta de Rocha es una visita obligada. Declarado sitio de inter\u00e9s hist\u00f3rico en 1949, ofrece vistas espectaculares del Riachuelo y de los antiguos puentes de transporte. Su nombre proviene de Antonio Rocha, el propietario original de la zona.<\/span><\/p>\n<p>[\/et_pb_text][\/et_pb_column_inner][\/et_pb_row_inner][et_pb_row_inner column_structure=\u00bb1_2,1_2&#8243; _builder_version=\u00bb4.22.2&#8243; _module_preset=\u00bbdefault\u00bb custom_margin=\u00bb-30px||||false|false\u00bb locked=\u00bboff\u00bb global_colors_info=\u00bb{}\u00bb][et_pb_column_inner type=\u00bb1_2&#8243; saved_specialty_column_type=\u00bb2_3&#8243; _builder_version=\u00bb4.22.2&#8243; _module_preset=\u00bbdefault\u00bb global_colors_info=\u00bb{}\u00bb][et_pb_blurb use_icon=\u00bbon\u00bb font_icon=\u00bb&#xe081;||divi||400&#8243; icon_color=\u00bb#5c8cb2&#8243; icon_placement=\u00bbleft\u00bb image_icon_width=\u00bb28px\u00bb content_max_width=\u00bb100%\u00bb admin_label=\u00bbStreet Address\u00bb _builder_version=\u00bb4.27.4&#8243; _module_preset=\u00bbdefault\u00bb width_last_edited=\u00bboff|desktop\u00bb animation=\u00bboff\u00bb global_colors_info=\u00bb{}\u00bb custom_css_main_element_last_edited=\u00bboff|phone\u00bb width__hover_enabled=\u00bboff|desktop\u00bb]<\/p>\n<p><span style=\"font-weight: 400;\">\u00a0Av. Don Pedro de Mendoza y Palos, La Boca, Buenos Aires<\/span><span style=\"font-weight: 400;\"><br \/><\/span><\/p>\n<p>[\/et_pb_blurb][\/et_pb_column_inner][et_pb_column_inner type=\u00bb1_2&#8243; saved_specialty_column_type=\u00bb2_3&#8243; _builder_version=\u00bb4.22.2&#8243; _module_preset=\u00bbdefault\u00bb global_colors_info=\u00bb{}\u00bb][et_pb_blurb use_icon=\u00bbon\u00bb font_icon=\u00bb&#xe074;||divi||400&#8243; icon_color=\u00bb#5c8cb2&#8243; icon_placement=\u00bbleft\u00bb image_icon_width=\u00bb28px\u00bb content_max_width=\u00bb100%\u00bb admin_label=\u00bbWebsite\u00bb _builder_version=\u00bb4.27.4&#8243; _module_preset=\u00bbdefault\u00bb body_link_text_color=\u00bb#333333&#8243; width_last_edited=\u00bboff|desktop\u00bb custom_margin_last_edited=\u00bboff|desktop\u00bb custom_padding_tablet=\u00bb||||false|false\u00bb custom_padding_last_edited=\u00bboff|desktop\u00bb animation=\u00bboff\u00bb global_colors_info=\u00bb{}\u00bb custom_css_main_element_last_edited=\u00bboff|phone\u00bb]<\/p>\n<p><a href=\"https:\/\/turismo.buenosaires.gob.ar\/\" rel=\"nofollow noopener\" target=\"_blank\"><span style=\"font-weight: 400;\">turismo.buenosaires.gob.ar<\/span><\/a><\/p>\n<p>[\/et_pb_blurb][\/et_pb_column_inner][\/et_pb_row_inner][et_pb_row_inner _builder_version=\u00bb4.27.4&#8243; _module_preset=\u00bbdefault\u00bb custom_margin=\u00bb30px||||false|false\u00bb custom_padding=\u00bb0px||||false|false\u00bb border_width_top=\u00bb2px\u00bb border_color_top=\u00bb#dddddd\u00bb global_colors_info=\u00bb{}\u00bb][et_pb_column_inner saved_specialty_column_type=\u00bb2_3&#8243; _builder_version=\u00bb4.22.2&#8243; _module_preset=\u00bbdefault\u00bb global_colors_info=\u00bb{}\u00bb][et_pb_text admin_label=\u00bbEnding\u00bb module_class=\u00bbpac-dtocm-exclude\u00bb _builder_version=\u00bb4.27.4&#8243; _module_preset=\u00bbdefault\u00bb header_2_font_size_tablet=\u00bb30px\u00bb header_2_font_size_phone=\u00bb26px\u00bb header_2_font_size_last_edited=\u00bbon|phone\u00bb locked=\u00bboff\u00bb global_colors_info=\u00bb{}\u00bb]<\/p>\n<h2><span style=\"font-weight: 400;\"><\/span><\/h2>\n<h2><span style=\"font-weight: 400;\"><\/span><\/h2>\n<h2><strong>La Boca, un destino imperdible en Buenos Aires<\/strong><\/h2>\n<hr \/>\n<p><span style=\"font-weight: 400;\">Visitar La Boca es sumergirse en la esencia de Buenos Aires. Este barrio vibrante combina historia, arte, tango y gastronom\u00eda en un entorno \u00fanico. Desde sus museos y espacios culturales hasta sus ic\u00f3nicas calles y sabores tradicionales, cada rinc\u00f3n ofrece una experiencia inolvidable.<\/span><\/p>\n<p><span style=\"font-weight: 400;\">Si est\u00e1s en la ciudad, no puedes perderte este destino lleno de color y tradici\u00f3n. \u00a1Descubre La Boca y vive el esp\u00edritu porte\u00f1o en su m\u00e1xima expresi\u00f3n!<\/span><\/p>\n<p>[\/et_pb_text][\/et_pb_column_inner][\/et_pb_row_inner][\/et_pb_column][et_pb_column type=\u00bb1_3&#8243; _builder_version=\u00bb4.16&#8243; custom_padding=\u00bb|||\u00bb global_colors_info=\u00bb{}\u00bb custom_padding__hover=\u00bb|||\u00bb][pac_divi_table_of_contents title=\u00bb\u00cdndice de contenidos\u00bb default_state=\u00bbclosed\u00bb opened_icon=\u00bb&#xe043;||divi||400&#8243; closed_icon=\u00bb&#xe044;||divi||400&#8243; exclude_headings_by_class=\u00bbon\u00bb included_headings=\u00bboff|on|off|off|off|off\u00bb active_link_highlight=\u00bbon\u00bb level_markers_2=\u00bbnone\u00bb title_container_bg_color=\u00bb#f3f3f3&#8243; open_icon_color=\u00bb#333333&#8243; open_icon_size=\u00bb24px\u00bb close_icon_color=\u00bb#333333&#8243; close_icon_size=\u00bb24px\u00bb body_area_scroll_color=\u00bb#333333&#8243; body_area_padding=\u00bb15px|23px|15px|0px|false|false\u00bb body_area_bg_color=\u00bb#f3f3f3&#8243; body_area_text_link_color=\u00bb#333333&#8243; body_area_text_link_underline=\u00bb#5c8cb2&#8243; body_area_text_link_padding=\u00bb0px|0px|20px|0px|false|false\u00bb body_area_text_link_color_active=\u00bb#dddddd\u00bb body_area_text_link_underline_active=\u00bb#dddddd\u00bb body_area_text_link_padding_active=\u00bb0px|0px|20px||false|false\u00bb disabled_on=\u00bbon|on|off\u00bb admin_label=\u00bbTable of Contents &#8211; Mobile (Spanish)\u00bb _builder_version=\u00bb4.27.6&#8243; _module_preset=\u00bbdefault\u00bb title_font_font=\u00bb|600|||||||\u00bb title_text_color=\u00bb#333333&#8243; title_font_size=\u00bb20px\u00bb title_line_height=\u00bb1.3em\u00bb heading_all_font_size=\u00bb20px\u00bb heading_all_active_font=\u00bb|700|||||||\u00bb heading_all_active_font_size=\u00bb18px\u00bb heading_all_active_line_height=\u00bb1.3em\u00bb marker_all_font_size=\u00bb18px\u00bb custom_padding=\u00bb|||\u00bb border_radii_title_container=\u00bbon||||\u00bb border_color_all_body_area_heading_text_active=\u00bb#dddddd\u00bb global_module=\u00bb253475&#8243; saved_tabs=\u00bball\u00bb global_colors_info=\u00bb{}\u00bb body_area_text_link_color__hover_enabled=\u00bbon|desktop\u00bb body_area_text_link_color__hover=\u00bb#5c8cb2&#8243;][\/pac_divi_table_of_contents][et_pb_text admin_label=\u00bbMap &#8211; Headline\u00bb _builder_version=\u00bb4.27.4&#8243; _module_preset=\u00bbdefault\u00bb text_font=\u00bb||||||||\u00bb text_line_height=\u00bb1.4em\u00bb text_orientation=\u00bbcenter\u00bb custom_padding=\u00bb||||false|false\u00bb global_colors_info=\u00bb{}\u00bb]<\/p>\n<p>Encontr\u00e1 el barrio de La Boca en el mapa.<\/p>\n<p>[\/et_pb_text][et_pb_code admin_label=\u00bbMap\u00bb module_class=\u00bbmap-mobile\u00bb _builder_version=\u00bb4.27.4&#8243; _module_preset=\u00bbdefault\u00bb custom_margin=\u00bb-20px||||false|false\u00bb global_colors_info=\u00bb{}\u00bb]<iframe loading=\"lazy\" src=\"https:\/\/www.google.com\/maps\/d\/u\/0\/embed?mid=1TAXhAEUkl0zUtcp3dymZW7K_KszwBQw&#038;ehbc=2E312F&#038;noprof=1\" width=\"100%\" height=\"500\"><\/iframe>[\/et_pb_code][\/et_pb_column][\/et_pb_section][et_pb_section fb_built=\u00bb1&#8243; admin_label=\u00bbsection\u00bb _builder_version=\u00bb4.16&#8243; _module_preset=\u00bbdefault\u00bb background_color=\u00bb#f3f3f3&#8243; custom_margin=\u00bb||-82px||false|false\u00bb global_module=\u00bb253461&#8243; saved_tabs=\u00bball\u00bb global_colors_info=\u00bb{}\u00bb][et_pb_row _builder_version=\u00bb4.27.2&#8243; _module_preset=\u00bbdefault\u00bb custom_padding=\u00bb0px||0px||false|false\u00bb locked=\u00bboff\u00bb global_colors_info=\u00bb{}\u00bb][et_pb_column type=\u00bb4_4&#8243; _builder_version=\u00bb4.27.2&#8243; _module_preset=\u00bbdefault\u00bb global_colors_info=\u00bb{}\u00bb][et_pb_text admin_label=\u00bbShare\u00bb _builder_version=\u00bb4.27.6&#8243; _module_preset=\u00bbdefault\u00bb header_2_font_size=\u00bb30px\u00bb header_5_font=\u00bb|700|||||||\u00bb header_5_font_size=\u00bb30px\u00bb header_5_line_height=\u00bb1.3em\u00bb header_2_font_size_tablet=\u00bb28px\u00bb header_2_font_size_phone=\u00bb24px\u00bb header_2_font_size_last_edited=\u00bbon|desktop\u00bb header_5_font_size_tablet=\u00bb28px\u00bb header_5_font_size_phone=\u00bb24px\u00bb header_5_font_size_last_edited=\u00bbon|desktop\u00bb global_colors_info=\u00bb{}\u00bb]<\/p>\n<h2>\u00bfTe gust\u00f3 la gu\u00eda? \u00a1Compartila!<\/h2>\n<div class=\"heateor_sss_sharing_container heateor_sss_horizontal_sharing\" data-heateor-ss-offset=\"0\" data-heateor-sss-href='https:\/\/viewbuenosaires.com\/es\/el-barrio-de-la-boca\/'><div class=\"heateor_sss_sharing_ul\"><a aria-label=\"Facebook\" class=\"heateor_sss_facebook\" href=\"https:\/\/www.facebook.com\/sharer\/sharer.php?u=https%3A%2F%2Fviewbuenosaires.com%2Fes%2Fel-barrio-de-la-boca%2F\" title=\"Facebook\" rel=\"nofollow noopener\" target=\"_blank\" style=\"font-size:32px!important;box-shadow:none;display:inline-block;vertical-align:middle\"><span class=\"heateor_sss_svg\" style=\"background-color:#0765FE;width:33px;height:33px;border-radius:999px;display:inline-block;opacity:1;float:left;font-size:32px;box-shadow:none;display:inline-block;font-size:16px;padding:0 4px;vertical-align:middle;background-repeat:repeat;overflow:hidden;padding:0;cursor:pointer;box-sizing:content-box\"><svg style=\"display:block;border-radius:999px;\" focusable=\"false\" aria-hidden=\"true\" xmlns=\"http:\/\/www.w3.org\/2000\/svg\" width=\"100%\" height=\"100%\" viewBox=\"0 0 32 32\"><path fill=\"#ffffff\" d=\"M28 16c0-6.627-5.373-12-12-12S4 9.373 4 16c0 5.628 3.875 10.35 9.101 11.647v-7.98h-2.474V16H13.1v-1.58c0-4.085 1.849-5.978 5.859-5.978.76 0 2.072.15 2.608.298v3.325c-.283-.03-.775-.045-1.386-.045-1.967 0-2.728.745-2.728 2.683V16h3.92l-.673 3.667h-3.247v8.245C23.395 27.195 28 22.135 28 16Z\"><\/path><\/svg><\/span><\/a><a aria-label=\"X\" class=\"heateor_sss_button_x\" href=\"https:\/\/twitter.com\/intent\/tweet?text=El%20barrio%20de%20la%20Boca&amp;url=https%3A%2F%2Fviewbuenosaires.com%2Fes%2Fel-barrio-de-la-boca%2F\" title=\"X\" rel=\"nofollow noopener\" target=\"_blank\" style=\"font-size:32px!important;box-shadow:none;display:inline-block;vertical-align:middle\"><span class=\"heateor_sss_svg heateor_sss_s__default heateor_sss_s_x\" style=\"background-color:#2a2a2a;width:33px;height:33px;border-radius:999px;display:inline-block;opacity:1;float:left;font-size:32px;box-shadow:none;display:inline-block;font-size:16px;padding:0 4px;vertical-align:middle;background-repeat:repeat;overflow:hidden;padding:0;cursor:pointer;box-sizing:content-box\"><svg width=\"100%\" height=\"100%\" style=\"display:block;border-radius:999px;\" focusable=\"false\" aria-hidden=\"true\" xmlns=\"http:\/\/www.w3.org\/2000\/svg\" viewBox=\"0 0 32 32\"><path fill=\"#ffffff\" d=\"M21.751 7h3.067l-6.7 7.658L26 25.078h-6.172l-4.833-6.32-5.531 6.32h-3.07l7.167-8.19L6 7h6.328l4.37 5.777L21.75 7Zm-1.076 16.242h1.7L11.404 8.74H9.58l11.094 14.503Z\"><\/path><\/svg><\/span><\/a><a aria-label=\"Pinterest\" class=\"heateor_sss_button_pinterest\" href=\"https:\/\/viewbuenosaires.com\/es\/el-barrio-de-la-boca\/\" onclick=\"event.preventDefault();javascript:void( (function() {var e=document.createElement(&#039;script&#039; );e.setAttribute(&#039;type&#039;,&#039;text\/javascript&#039; );e.setAttribute(&#039;charset&#039;,&#039;UTF-8&#039; );e.setAttribute(&#039;src&#039;,&#039;\/\/assets.pinterest.com\/js\/pinmarklet.js?r=&#039;+Math.random()*99999999);document.body.appendChild(e)})());\" title=\"Pinterest\" rel=\"noopener\" style=\"font-size:32px!important;box-shadow:none;display:inline-block;vertical-align:middle\"><span class=\"heateor_sss_svg heateor_sss_s__default heateor_sss_s_pinterest\" style=\"background-color:#cc2329;width:33px;height:33px;border-radius:999px;display:inline-block;opacity:1;float:left;font-size:32px;box-shadow:none;display:inline-block;font-size:16px;padding:0 4px;vertical-align:middle;background-repeat:repeat;overflow:hidden;padding:0;cursor:pointer;box-sizing:content-box\"><svg style=\"display:block;border-radius:999px;\" focusable=\"false\" aria-hidden=\"true\" xmlns=\"http:\/\/www.w3.org\/2000\/svg\" width=\"100%\" height=\"100%\" viewBox=\"-2 -2 35 35\"><path fill=\"#ffffff\" d=\"M16.539 4.5c-6.277 0-9.442 4.5-9.442 8.253 0 2.272.86 4.293 2.705 5.046.303.125.574.005.662-.33.061-.231.205-.816.27-1.06.088-.331.053-.447-.191-.736-.532-.627-.873-1.439-.873-2.591 0-3.338 2.498-6.327 6.505-6.327 3.548 0 5.497 2.168 5.497 5.062 0 3.81-1.686 7.025-4.188 7.025-1.382 0-2.416-1.142-2.085-2.545.397-1.674 1.166-3.48 1.166-4.689 0-1.081-.581-1.983-1.782-1.983-1.413 0-2.548 1.462-2.548 3.419 0 1.247.421 2.091.421 2.091l-1.699 7.199c-.505 2.137-.076 4.755-.039 5.019.021.158.223.196.314.077.13-.17 1.813-2.247 2.384-4.324.162-.587.929-3.631.929-3.631.46.876 1.801 1.646 3.227 1.646 4.247 0 7.128-3.871 7.128-9.053.003-3.918-3.317-7.568-8.361-7.568z\"\/><\/svg><\/span><\/a><a aria-label=\"Whatsapp\" class=\"heateor_sss_whatsapp\" href=\"https:\/\/api.whatsapp.com\/send?text=El%20barrio%20de%20la%20Boca%20https%3A%2F%2Fviewbuenosaires.com%2Fes%2Fel-barrio-de-la-boca%2F\" title=\"Whatsapp\" rel=\"nofollow noopener\" target=\"_blank\" style=\"font-size:32px!important;box-shadow:none;display:inline-block;vertical-align:middle\"><span class=\"heateor_sss_svg\" style=\"background-color:#55eb4c;width:33px;height:33px;border-radius:999px;display:inline-block;opacity:1;float:left;font-size:32px;box-shadow:none;display:inline-block;font-size:16px;padding:0 4px;vertical-align:middle;background-repeat:repeat;overflow:hidden;padding:0;cursor:pointer;box-sizing:content-box\"><svg style=\"display:block;border-radius:999px;\" focusable=\"false\" aria-hidden=\"true\" xmlns=\"http:\/\/www.w3.org\/2000\/svg\" width=\"100%\" height=\"100%\" viewBox=\"-6 -5 40 40\"><path class=\"heateor_sss_svg_stroke heateor_sss_no_fill\" stroke=\"#ffffff\" stroke-width=\"2\" fill=\"none\" d=\"M 11.579798566743314 24.396926207859085 A 10 10 0 1 0 6.808479557110079 20.73576436351046\"><\/path><path d=\"M 7 19 l -1 6 l 6 -1\" class=\"heateor_sss_no_fill heateor_sss_svg_stroke\" stroke=\"#ffffff\" stroke-width=\"2\" fill=\"none\"><\/path><path d=\"M 10 10 q -1 8 8 11 c 5 -1 0 -6 -1 -3 q -4 -3 -5 -5 c 4 -2 -1 -5 -1 -4\" fill=\"#ffffff\"><\/path><\/svg><\/span><\/a><a aria-label=\"Email\" class=\"heateor_sss_email\" href=\"https:\/\/viewbuenosaires.com\/es\/el-barrio-de-la-boca\/\" onclick=\"event.preventDefault();window.open(&#039;mailto:?subject=&#039; + decodeURIComponent(&#039;El%20barrio%20de%20la%20Boca&#039;).replace(&#039;&amp;&#039;, &#039;%26&#039;) + &#039;&amp;body=https%3A%2F%2Fviewbuenosaires.com%2Fes%2Fel-barrio-de-la-boca%2F&#039;, &#039;_blank&#039;)\" title=\"Email\" rel=\"noopener\" style=\"font-size:32px!important;box-shadow:none;display:inline-block;vertical-align:middle\"><span class=\"heateor_sss_svg\" style=\"background-color:#649a3f;width:33px;height:33px;border-radius:999px;display:inline-block;opacity:1;float:left;font-size:32px;box-shadow:none;display:inline-block;font-size:16px;padding:0 4px;vertical-align:middle;background-repeat:repeat;overflow:hidden;padding:0;cursor:pointer;box-sizing:content-box\"><svg style=\"display:block;border-radius:999px;\" focusable=\"false\" aria-hidden=\"true\" xmlns=\"http:\/\/www.w3.org\/2000\/svg\" width=\"100%\" height=\"100%\" viewBox=\"-.75 -.5 36 36\"><path d=\"M 5.5 11 h 23 v 1 l -11 6 l -11 -6 v -1 m 0 2 l 11 6 l 11 -6 v 11 h -22 v -11\" stroke-width=\"1\" fill=\"#ffffff\"><\/path><\/svg><\/span><\/a><\/div><div class=\"heateorSssClear\"><\/div><\/div>\n<p>[\/et_pb_text][et_pb_text admin_label=\u00bbRelated guides &#8211; title\u00bb _builder_version=\u00bb4.27.6&#8243; _module_preset=\u00bbdefault\u00bb header_3_font=\u00bb|700|||||||\u00bb header_3_font_size=\u00bb30px\u00bb header_3_line_height=\u00bb1.3em\u00bb header_5_font=\u00bb|700|||||||\u00bb header_5_font_size=\u00bb30px\u00bb header_5_line_height=\u00bb1.3em\u00bb header_3_font_size_tablet=\u00bb28px\u00bb header_3_font_size_phone=\u00bb24px\u00bb header_3_font_size_last_edited=\u00bbon|phone\u00bb header_5_font_size_tablet=\u00bb28px\u00bb header_5_font_size_phone=\u00bb24px\u00bb header_5_font_size_last_edited=\u00bbon|phone\u00bb global_colors_info=\u00bb{}\u00bb]<\/p>\n<h3>Puede que tambi\u00e9n te interesen estas otras gu\u00edas<\/h3>\n<p>[\/et_pb_text][et_pb_blog fullwidth=\u00bboff\u00bb posts_number=\u00bb4&#8243; include_categories=\u00bbcurrent\u00bb show_author=\u00bboff\u00bb show_date=\u00bboff\u00bb show_categories=\u00bboff\u00bb show_excerpt=\u00bboff\u00bb show_pagination=\u00bboff\u00bb admin_label=\u00bbRelated guides feed\u00bb module_class=\u00bbdt-4-columns-blog pac-dtocm-exclude\u00bb _builder_version=\u00bb4.27.6&#8243; _module_preset=\u00bbdefault\u00bb header_level=\u00bbh4&#8243; header_font=\u00bb|600|||||||\u00bb header_font_size=\u00bb20px\u00bb header_line_height=\u00bb1.3em\u00bb text_orientation=\u00bbcenter\u00bb custom_margin=\u00bb-20px||||false|false\u00bb custom_css_title=\u00bbmargin-top: -10px;||margin-bottom: -10px;\u00bb border_radii=\u00bbon|10px|10px|10px|10px\u00bb border_width_all=\u00bb0px\u00bb global_colors_info=\u00bb{}\u00bb][\/et_pb_blog][\/et_pb_column][\/et_pb_row][\/et_pb_section]<\/p>\n","protected":false},"excerpt":{"rendered":"<p>Tango, f\u00fatbol y viviendas coloridas son las se\u00f1as distintivas del barrio de La Boca, el emblem\u00e1tico vecindario en la Ciudad de Buenos Aires ubicado en la zona sur de la ciudad, cerca de la antigua zona portuaria.<strong>Actualizaci\u00f3n: <\/strong>abril 30, 2026<div class=\"heateor_sss_sharing_container heateor_sss_horizontal_sharing\" data-heateor-ss-offset=\"0\" data-heateor-sss-href='https:\/\/viewbuenosaires.com\/es\/el-barrio-de-la-boca\/'><div class=\"heateor_sss_sharing_ul\"><a aria-label=\"Facebook\" class=\"heateor_sss_facebook\" href=\"https:\/\/www.facebook.com\/sharer\/sharer.php?u=https%3A%2F%2Fviewbuenosaires.com%2Fes%2Fel-barrio-de-la-boca%2F\" title=\"Facebook\" rel=\"nofollow noopener\" target=\"_blank\" style=\"font-size:32px!important;box-shadow:none;display:inline-block;vertical-align:middle\"><span class=\"heateor_sss_svg\" style=\"background-color:#0765FE;width:33px;height:33px;border-radius:999px;display:inline-block;opacity:1;float:left;font-size:32px;box-shadow:none;display:inline-block;font-size:16px;padding:0 4px;vertical-align:middle;background-repeat:repeat;overflow:hidden;padding:0;cursor:pointer;box-sizing:content-box\"><svg style=\"display:block;border-radius:999px;\" focusable=\"false\" aria-hidden=\"true\" xmlns=\"http:\/\/www.w3.org\/2000\/svg\" width=\"100%\" height=\"100%\" viewBox=\"0 0 32 32\"><path fill=\"#ffffff\" d=\"M28 16c0-6.627-5.373-12-12-12S4 9.373 4 16c0 5.628 3.875 10.35 9.101 11.647v-7.98h-2.474V16H13.1v-1.58c0-4.085 1.849-5.978 5.859-5.978.76 0 2.072.15 2.608.298v3.325c-.283-.03-.775-.045-1.386-.045-1.967 0-2.728.745-2.728 2.683V16h3.92l-.673 3.667h-3.247v8.245C23.395 27.195 28 22.135 28 16Z\"><\/path><\/svg><\/span><\/a><a aria-label=\"X\" class=\"heateor_sss_button_x\" href=\"https:\/\/twitter.com\/intent\/tweet?text=El%20barrio%20de%20la%20Boca&url=https%3A%2F%2Fviewbuenosaires.com%2Fes%2Fel-barrio-de-la-boca%2F\" title=\"X\" rel=\"nofollow noopener\" target=\"_blank\" style=\"font-size:32px!important;box-shadow:none;display:inline-block;vertical-align:middle\"><span class=\"heateor_sss_svg heateor_sss_s__default heateor_sss_s_x\" style=\"background-color:#2a2a2a;width:33px;height:33px;border-radius:999px;display:inline-block;opacity:1;float:left;font-size:32px;box-shadow:none;display:inline-block;font-size:16px;padding:0 4px;vertical-align:middle;background-repeat:repeat;overflow:hidden;padding:0;cursor:pointer;box-sizing:content-box\"><svg width=\"100%\" height=\"100%\" style=\"display:block;border-radius:999px;\" focusable=\"false\" aria-hidden=\"true\" xmlns=\"http:\/\/www.w3.org\/2000\/svg\" viewBox=\"0 0 32 32\"><path fill=\"#ffffff\" d=\"M21.751 7h3.067l-6.7 7.658L26 25.078h-6.172l-4.833-6.32-5.531 6.32h-3.07l7.167-8.19L6 7h6.328l4.37 5.777L21.75 7Zm-1.076 16.242h1.7L11.404 8.74H9.58l11.094 14.503Z\"><\/path><\/svg><\/span><\/a><a aria-label=\"Pinterest\" class=\"heateor_sss_button_pinterest\" href=\"https:\/\/viewbuenosaires.com\/es\/el-barrio-de-la-boca\/\" onclick=\"event.preventDefault();javascript:void( (function() {var e=document.createElement('script' );e.setAttribute('type','text\/javascript' );e.setAttribute('charset','UTF-8' );e.setAttribute('src','\/\/assets.pinterest.com\/js\/pinmarklet.js?r='+Math.random()*99999999);document.body.appendChild(e)})());\" title=\"Pinterest\" rel=\"noopener\" style=\"font-size:32px!important;box-shadow:none;display:inline-block;vertical-align:middle\"><span class=\"heateor_sss_svg heateor_sss_s__default heateor_sss_s_pinterest\" style=\"background-color:#cc2329;width:33px;height:33px;border-radius:999px;display:inline-block;opacity:1;float:left;font-size:32px;box-shadow:none;display:inline-block;font-size:16px;padding:0 4px;vertical-align:middle;background-repeat:repeat;overflow:hidden;padding:0;cursor:pointer;box-sizing:content-box\"><svg style=\"display:block;border-radius:999px;\" focusable=\"false\" aria-hidden=\"true\" xmlns=\"http:\/\/www.w3.org\/2000\/svg\" width=\"100%\" height=\"100%\" viewBox=\"-2 -2 35 35\"><path fill=\"#ffffff\" d=\"M16.539 4.5c-6.277 0-9.442 4.5-9.442 8.253 0 2.272.86 4.293 2.705 5.046.303.125.574.005.662-.33.061-.231.205-.816.27-1.06.088-.331.053-.447-.191-.736-.532-.627-.873-1.439-.873-2.591 0-3.338 2.498-6.327 6.505-6.327 3.548 0 5.497 2.168 5.497 5.062 0 3.81-1.686 7.025-4.188 7.025-1.382 0-2.416-1.142-2.085-2.545.397-1.674 1.166-3.48 1.166-4.689 0-1.081-.581-1.983-1.782-1.983-1.413 0-2.548 1.462-2.548 3.419 0 1.247.421 2.091.421 2.091l-1.699 7.199c-.505 2.137-.076 4.755-.039 5.019.021.158.223.196.314.077.13-.17 1.813-2.247 2.384-4.324.162-.587.929-3.631.929-3.631.46.876 1.801 1.646 3.227 1.646 4.247 0 7.128-3.871 7.128-9.053.003-3.918-3.317-7.568-8.361-7.568z\"\/><\/svg><\/span><\/a><a aria-label=\"Whatsapp\" class=\"heateor_sss_whatsapp\" href=\"https:\/\/api.whatsapp.com\/send?text=El%20barrio%20de%20la%20Boca%20https%3A%2F%2Fviewbuenosaires.com%2Fes%2Fel-barrio-de-la-boca%2F\" title=\"Whatsapp\" rel=\"nofollow noopener\" target=\"_blank\" style=\"font-size:32px!important;box-shadow:none;display:inline-block;vertical-align:middle\"><span class=\"heateor_sss_svg\" style=\"background-color:#55eb4c;width:33px;height:33px;border-radius:999px;display:inline-block;opacity:1;float:left;font-size:32px;box-shadow:none;display:inline-block;font-size:16px;padding:0 4px;vertical-align:middle;background-repeat:repeat;overflow:hidden;padding:0;cursor:pointer;box-sizing:content-box\"><svg style=\"display:block;border-radius:999px;\" focusable=\"false\" aria-hidden=\"true\" xmlns=\"http:\/\/www.w3.org\/2000\/svg\" width=\"100%\" height=\"100%\" viewBox=\"-6 -5 40 40\"><path class=\"heateor_sss_svg_stroke heateor_sss_no_fill\" stroke=\"#ffffff\" stroke-width=\"2\" fill=\"none\" d=\"M 11.579798566743314 24.396926207859085 A 10 10 0 1 0 6.808479557110079 20.73576436351046\"><\/path><path d=\"M 7 19 l -1 6 l 6 -1\" class=\"heateor_sss_no_fill heateor_sss_svg_stroke\" stroke=\"#ffffff\" stroke-width=\"2\" fill=\"none\"><\/path><path d=\"M 10 10 q -1 8 8 11 c 5 -1 0 -6 -1 -3 q -4 -3 -5 -5 c 4 -2 -1 -5 -1 -4\" fill=\"#ffffff\"><\/path><\/svg><\/span><\/a><a aria-label=\"Email\" class=\"heateor_sss_email\" href=\"https:\/\/viewbuenosaires.com\/es\/el-barrio-de-la-boca\/\" onclick=\"event.preventDefault();window.open('mailto:?subject=' + decodeURIComponent('El%20barrio%20de%20la%20Boca').replace('&', '%26') + '&body=https%3A%2F%2Fviewbuenosaires.com%2Fes%2Fel-barrio-de-la-boca%2F', '_blank')\" title=\"Email\" rel=\"noopener\" style=\"font-size:32px!important;box-shadow:none;display:inline-block;vertical-align:middle\"><span class=\"heateor_sss_svg\" style=\"background-color:#649a3f;width:33px;height:33px;border-radius:999px;display:inline-block;opacity:1;float:left;font-size:32px;box-shadow:none;display:inline-block;font-size:16px;padding:0 4px;vertical-align:middle;background-repeat:repeat;overflow:hidden;padding:0;cursor:pointer;box-sizing:content-box\"><svg style=\"display:block;border-radius:999px;\" focusable=\"false\" aria-hidden=\"true\" xmlns=\"http:\/\/www.w3.org\/2000\/svg\" width=\"100%\" height=\"100%\" viewBox=\"-.75 -.5 36 36\"><path d=\"M 5.5 11 h 23 v 1 l -11 6 l -11 -6 v -1 m 0 2 l 11 6 l 11 -6 v 11 h -22 v -11\" stroke-width=\"1\" fill=\"#ffffff\"><\/path><\/svg><\/span><\/a><\/div><div class=\"heateorSssClear\"><\/div><\/div><div class=\"et_pb_module pac_divi_table_of_contents pac_divi_table_of_contents_0\">\n\t\t\t\t\n\t\t\t\t\n\t\t\t\t\n\t\t\t\t\n\t\t\t\t\n\t\t\t\t\n\t\t\t\t<div class=\"et_pb_module_inner\">\n\t\t\t\t\t\n        <div class=\"pac_dtoc_main_container\"\n        data-allow_collapse_minimize=\"on\"\n        data-allow_collapse_minimize_tablet=\"on\"\n        data-allow_collapse_minimize_phone=\"on\"\n        data-ss=\"2000\"\n        data-sah=\"100\"\n        data-collapse_when_sticky=\"off\"\n        data-collapse_when_sticky_tablet=\"off\"\n        data-collapse_when_sticky_phone=\"off\"\n        data-skh=\"off\"\n        data-mtocai=\"off\"\n        data-mtocai_tablet=\"off\"\n        data-mtocai_phone=\"off\"\n        data-alh=\"\u00bbon\u00bb\"\n        data-ds=\"\u00bbclosed\u00bb\"\n        data-dst=\"\u00bbclosed\u00bb\"\n        data-dsp=\"\u00bbclosed\u00bb\">\n            <div class=\"pac_dtoc_title_area click_on click_tablet_on click_phone_on\">\n                <div role=\"heading\" aria-level=\"2\" id=\"pac_dtocm_title\" class=\"pac_dtoc_title\">\u00bb\u00cdndice<\/div>\n                \n                <div class=\"pac_dtoc_icon_responsive\">\n                    <div class=\"pac_dtoc_opened_icon\"><\/div>\n                    <div class=\"pac_dtoc_closed_icon\"><\/div>\n                <\/div>\n                \n            <\/div>\n            <div role=\"navigation\" aria-labelledby=\"pac_dtocm_title\" class=\"pac_dtoc_body_area inside\">\n                \n                <div class='divi_table_of_contents' role=\"tree\" ><\/div>\n            <\/div>\n        <\/div>\n        \n\t\t\t\t<\/div>\n\t\t\t<\/div><\/p>\n","protected":false},"author":2,"featured_media":253578,"comment_status":"open","ping_status":"open","sticky":false,"template":"","format":"standard","meta":{"_et_pb_use_builder":"on","_et_pb_old_content":"","_et_gb_content_width":"","_lmt_disableupdate":"no","_lmt_disable":"","footnotes":""},"categories":[38],"tags":[],"class_list":["post-253721","post","type-post","status-publish","format-standard","has-post-thumbnail","hentry","category-aire-libre"],"modified_by":"Nadia","_links":{"self":[{"href":"https:\/\/viewbuenosaires.com\/es\/wp-json\/wp\/v2\/posts\/253721","targetHints":{"allow":["GET"]}}],"collection":[{"href":"https:\/\/viewbuenosaires.com\/es\/wp-json\/wp\/v2\/posts"}],"about":[{"href":"https:\/\/viewbuenosaires.com\/es\/wp-json\/wp\/v2\/types\/post"}],"author":[{"embeddable":true,"href":"https:\/\/viewbuenosaires.com\/es\/wp-json\/wp\/v2\/users\/2"}],"replies":[{"embeddable":true,"href":"https:\/\/viewbuenosaires.com\/es\/wp-json\/wp\/v2\/comments?post=253721"}],"version-history":[{"count":3,"href":"https:\/\/viewbuenosaires.com\/es\/wp-json\/wp\/v2\/posts\/253721\/revisions"}],"predecessor-version":[{"id":261339,"href":"https:\/\/viewbuenosaires.com\/es\/wp-json\/wp\/v2\/posts\/253721\/revisions\/261339"}],"wp:featuredmedia":[{"embeddable":true,"href":"https:\/\/viewbuenosaires.com\/es\/wp-json\/wp\/v2\/media\/253578"}],"wp:attachment":[{"href":"https:\/\/viewbuenosaires.com\/es\/wp-json\/wp\/v2\/media?parent=253721"}],"wp:term":[{"taxonomy":"category","embeddable":true,"href":"https:\/\/viewbuenosaires.com\/es\/wp-json\/wp\/v2\/categories?post=253721"},{"taxonomy":"post_tag","embeddable":true,"href":"https:\/\/viewbuenosaires.com\/es\/wp-json\/wp\/v2\/tags?post=253721"}],"curies":[{"name":"wp","href":"https:\/\/api.w.org\/{rel}","templated":true}]}}